{"id":13453,"date":"2022-09-04T22:33:35","date_gmt":"2022-09-04T22:33:35","guid":{"rendered":"https:\/\/portalpraties.com.br\/site\/?p=13453"},"modified":"2022-09-04T22:33:35","modified_gmt":"2022-09-04T22:33:35","slug":"ipe-a-arvore-marcante-na-historia-e-na-cultura-do-brasil","status":"publish","type":"post","link":"https:\/\/portalpraties.com.br\/site\/2022\/09\/04\/ipe-a-arvore-marcante-na-historia-e-na-cultura-do-brasil\/","title":{"rendered":"Ip\u00ea, a \u00e1rvore marcante na hist\u00f3ria e na cultura do Brasil"},"content":{"rendered":"\n<p>Com flores coloridas e madeira vers\u00e1til, ele vive em ambientes variados, do cerrado \u00e0 Amaz\u00f4nia, do Pantanal \u00e0 Mata Atl\u00e2ntica.<\/p>\n\n\n\n<p>O per\u00edodo seco j\u00e1 tem atuado em algumas partes do nosso pa\u00eds, principalmente na regi\u00e3o centro-oeste e nordeste, e nesse per\u00edodo ocorre um dos eventos mais belos da natureza brasileira, a flora\u00e7\u00e3o dos ip\u00eas, \u00e1rvore s\u00edmbolo do Cerrado. Essas \u00e1rvores t\u00eam diferentes cores, roxo (<em>varia\u00e7\u00f5es do rosa<\/em>), rosa, branco e o mais comum o amarelo.<\/p>\n\n\n\n<p>Com a queda da umidade relativa do ar, copas amarelas, rosas, roxas e brancas tomam a paisagem e fazem refletir aqueles que encaram a seca apenas como tempo cinzento de queimadas e vegeta\u00e7\u00e3o marrom. As cores vibrantes do g\u00eanero&nbsp;<em>Tabebuia&nbsp;<\/em>spp., composta pelas variedades da planta, irrompem de junho a setembro.&nbsp;<\/p>\n\n\n\n<p>Eles costumam florir em meses diferentes em algumas regi\u00f5es:<\/p>\n\n\n\n<p>\u00b7&nbsp;&nbsp;&nbsp;&nbsp;&nbsp;&nbsp;&nbsp;&nbsp;&nbsp;Junho e julho: ip\u00ea-roxo<\/p>\n\n\n\n<p>\u00b7&nbsp;&nbsp;&nbsp;&nbsp;&nbsp;&nbsp;&nbsp;&nbsp;&nbsp;Julho e agosto: ip\u00ea-amarelo<\/p>\n\n\n\n<p>\u00b7&nbsp;&nbsp;&nbsp;&nbsp;&nbsp;&nbsp;&nbsp;&nbsp;&nbsp;Fim de agosto: ip\u00ea-rosa<\/p>\n\n\n\n<p>\u00b7&nbsp;&nbsp;&nbsp;&nbsp;&nbsp;&nbsp;&nbsp;&nbsp;&nbsp;Setembro: ip\u00ea-branco e ip\u00ea amarelo<\/p>\n\n\n\n<p><strong>Nota<\/strong>: Nem sempre a florada dos ip\u00eas segue exatamente estas datas, pois a influ\u00eancia do clima \u00e9 determinante para que as \u00e1rvores entrem em per\u00edodo de reprodu\u00e7\u00e3o.<\/p>\n\n\n\n<p>As floradas costumam durar uma semana, em m\u00e9dia, e variam conforme a pouca concentra\u00e7\u00e3o de \u00e1gua na atmosfera. No caso do amarelo, ele pode se estender por at\u00e9 10 dias e tem duas edi\u00e7\u00f5es: uma ap\u00f3s a do roxo, aproximadamente em julho, e outra em setembro, quando se anuncia a chegada da temporada de chuva.&nbsp;Ao fim desse per\u00edodo as \u00e1rvores produzem frutos secos, do tipo c\u00e1psula, que quando maduras liberam sementes com alas a longas dist\u00e2ncias.<\/p>\n\n\n\n<p><strong>FATORES QUE INFLUENCIAM A FLORA\u00c7\u00c3O DOS IP\u00caS NO BRASIL<\/strong><\/p>\n\n\n\n<p>Existem v\u00e1rios fatores que precisamos levar em considera\u00e7\u00e3o para entender porque uma \u00e1rvore n\u00e3o floresce. Entre eles: Luz, \u00e1gua, aduba\u00e7\u00e3o, temperatura e&nbsp;idade da planta.<\/p>\n\n\n\n<p><strong>Luz (fotoper\u00edodo)<\/strong><\/p>\n\n\n\n<p>Na primavera e no ver\u00e3o os dias s\u00e3o mais longos e assim as plantas que florescem nessa \u00e9poca s\u00e3o chamadas de plantas de dias longos.<\/p>\n\n\n\n<p>No outono e no inverno temos dias mais curtos e as plantas que florescem nessa \u00e9poca s\u00e3o chamadas de plantas de dias curtos. \u00c9 o caso dos ip\u00eas, que florescem no inverno.<\/p>\n\n\n\n<p><strong>\u00c1gua<\/strong><\/p>\n\n\n\n<p>A \u00e1gua tamb\u00e9m ajuda a estimular ou atrasar a flora\u00e7\u00e3o, isso varia de acordo com a esp\u00e9cie. No caso dos ip\u00eas, florescem em \u00e9poca de seca, assim para ajudar a imitar uma situa\u00e7\u00e3o de seca, n\u00e3o regue seus ip\u00eas nos meses anteriores \u00e0 flora\u00e7\u00e3o.<\/p>\n\n\n\n<p><strong>Aduba\u00e7\u00e3o<\/strong><\/p>\n\n\n\n<p>O fertilizante \u00e9 a comida das plantas e tanto macro quanto micronutrientes s\u00e3o importantes na forma\u00e7\u00e3o das flores e frutos. Assim tenha certeza que seus ip\u00eas estejam bem nutridos.<\/p>\n\n\n\n<p><strong>Temperatura<\/strong><\/p>\n\n\n\n<p>A queda de temperatura tamb\u00e9m \u00e9 um fator que auxilia na flora\u00e7\u00e3o. Os ip\u00eas florescem na \u00e9poca onde as temperaturas s\u00e3o menores.<\/p>\n\n\n\n<p><strong>Idade da planta<\/strong><\/p>\n\n\n\n<p>A idade da planta est\u00e1 relacionada com a maturidade da \u00e1rvore, isso varia de acordo com os cuidados com aduba\u00e7\u00e3o, rega ou fertilidade do solo. Em geral o florescimento ocorre com cerca de 5 anos de idade, esse tempo pode diminuir se a planta estiver bem cuidada. <\/p>\n\n\n\n<p>Fonte: centralflorestal.com.br<\/p>\n","protected":false},"excerpt":{"rendered":"<p>Com flores coloridas e madeira vers\u00e1til, ele vive em ambientes variados, do cerrado \u00e0 Amaz\u00f4nia, do Pantanal \u00e0 Mata Atl\u00e2ntica. O per\u00edodo seco j\u00e1 tem atuado em algumas partes do nosso pa\u00eds, principalmente na regi\u00e3o centro-oeste e nordeste, e nesse per\u00edodo ocorre um dos eventos mais belos da natureza brasileira, a flora\u00e7\u00e3o dos ip\u00eas, \u00e1rvore s\u00edmbolo do Cerrado. Essas \u00e1rvores [&hellip;]<\/p>\n","protected":false},"author":1,"featured_media":13454,"comment_status":"closed","ping_status":"","sticky":false,"template":"","format":"standard","meta":{"footnotes":""},"categories":[3],"tags":[],"class_list":["post-13453","post","type-post","status-publish","format-standard","has-post-thumbnail","hentry","category-noticias"],"_links":{"self":[{"href":"https:\/\/portalpraties.com.br\/site\/wp-json\/wp\/v2\/posts\/13453","targetHints":{"allow":["GET"]}}],"collection":[{"href":"https:\/\/portalpraties.com.br\/site\/wp-json\/wp\/v2\/posts"}],"about":[{"href":"https:\/\/portalpraties.com.br\/site\/wp-json\/wp\/v2\/types\/post"}],"author":[{"embeddable":true,"href":"https:\/\/portalpraties.com.br\/site\/wp-json\/wp\/v2\/users\/1"}],"replies":[{"embeddable":true,"href":"https:\/\/portalpraties.com.br\/site\/wp-json\/wp\/v2\/comments?post=13453"}],"version-history":[{"count":1,"href":"https:\/\/portalpraties.com.br\/site\/wp-json\/wp\/v2\/posts\/13453\/revisions"}],"predecessor-version":[{"id":13455,"href":"https:\/\/portalpraties.com.br\/site\/wp-json\/wp\/v2\/posts\/13453\/revisions\/13455"}],"wp:featuredmedia":[{"embeddable":true,"href":"https:\/\/portalpraties.com.br\/site\/wp-json\/wp\/v2\/media\/13454"}],"wp:attachment":[{"href":"https:\/\/portalpraties.com.br\/site\/wp-json\/wp\/v2\/media?parent=13453"}],"wp:term":[{"taxonomy":"category","embeddable":true,"href":"https:\/\/portalpraties.com.br\/site\/wp-json\/wp\/v2\/categories?post=13453"},{"taxonomy":"post_tag","embeddable":true,"href":"https:\/\/portalpraties.com.br\/site\/wp-json\/wp\/v2\/tags?post=13453"}],"curies":[{"name":"wp","href":"https:\/\/api.w.org\/{rel}","templated":true}]}}