{"id":13470,"date":"2022-09-14T01:24:26","date_gmt":"2022-09-14T01:24:26","guid":{"rendered":"https:\/\/portalpraties.com.br\/site\/?p=13470"},"modified":"2022-09-14T01:24:26","modified_gmt":"2022-09-14T01:24:26","slug":"cem-anos-da-morte-da-princesa-isabel-a-regente-que-reinou-alem-do-machismo","status":"publish","type":"post","link":"https:\/\/portalpraties.com.br\/site\/2022\/09\/14\/cem-anos-da-morte-da-princesa-isabel-a-regente-que-reinou-alem-do-machismo\/","title":{"rendered":"Cem anos da morte da princesa Isabel, a regente que reinou al\u00e9m do machismo"},"content":{"rendered":"\n<p>Fonte: Ag\u00eancia Senado<\/p>\n\n\n\n<p>Ao sancionar em 1888 uma das mais emblem\u00e1ticas normas brasileiras \u2014 a Lei \u00c1urea \u2014, Isabel&nbsp;Cristina Leopoldina Augusta Micaela Gabriela Rafaela Gonzaga de Bourbon e Bragan\u00e7a, popularmente nominada princesa Isabel, &#8220;a Redentora&#8221;, lapidou por definitivo seu nome entre os mais importantes da hist\u00f3ria nacional. No centen\u00e1rio de sua morte, ocorrida em 14 de novembro de 1921, a personalidade isabelina reflete uma mulher extremamente religiosa (engajada, crente e fiel), espiritualizada, letrada, otimista, autorit\u00e1ria e que buscou o reconhecimento de que estava apta a reinar \u2014 o que aconteceu por tr\u00eas vezes ao assumir interinamente o comando do Imp\u00e9rio, em meio a per\u00edodos de grande agita\u00e7\u00e3o social e pol\u00edtica.<\/p>\n\n\n\n<p>Filha de Dom Pedro II e Teresa Cristina de Bourbon, a princesa imperial, nascida em 1846, no Rio de Janeiro, s\u00f3 se tornou definitivamente a herdeira presuntiva do Imp\u00e9rio ap\u00f3s a morte prematura de seus dois irm\u00e3os homens: o primog\u00eanito D. Afonso Pedro, falecido aos 2 anos, e D. Pedro Afonso, com pouco mais de 1 ano.<\/p>\n\n\n\n<p>Em 1920, o presidente da Rep\u00fablica, Epit\u00e1cio Pessoa, deu fim ao banimento da fam\u00edlia imperial. Com a sa\u00fade deteriorada, sem poder retornar ao Brasil, a princesa morreu em 14 de novembro de 1921, aos 75 anos, tendo sido inicialmente enterrada na Fran\u00e7a.<\/p>\n\n\n\n<p>Ao declarar Isabel como \u201cum grande nome da nossa hist\u00f3ria\u201d, o senador Tobias Barreto (RN) pronunciou-se ap\u00f3s sua morte:<\/p>\n\n\n\n<p>\u2014 Parece que foi ironia do destino reservar a uma mulher o papel de consumar a grandiosa obra que os nossos homens de Estado durante 66 anos n\u00e3o souberam levar a cabo por si s\u00f3s; ou ent\u00e3o quis o destino que essa mulher constitu\u00edsse um s\u00edmbolo de bondade, para ficar na hist\u00f3ria, representando a forma incruenta pela qual realizamos uma verdadeira revolu\u00e7\u00e3o, que a outros tinha custado caudais de sangue.<\/p>\n\n\n\n<p>Isabelista, o senador afirmou que a princesa n\u00e3o era possu\u00edda da timidez do pai:<\/p>\n\n\n\n<p>&nbsp;\u2014 Quando lhe afrontavam os sentimentos, sabia defend\u00ea-los de viseira erguida.<\/p>\n\n\n\n<p>Apesar de, poucos dias depois da morte de Isabel, ter sido apresentado projeto \u00e0 C\u00e2mara dos Deputados para a repatria\u00e7\u00e3o de seu corpo, somente em 1953 os restos mortais chegaram, em navio de guerra, ao Brasil. Assim como o Conde d\u2019Eu, ela foi reenterrada em 1971 na Catedral de S\u00e3o Pedro de Alc\u00e2ntara, em Petr\u00f3polis, santu\u00e1rio cuja obra foi iniciada pela pr\u00f3pria princesa imperial, em 1884.<\/p>\n\n\n\n<p>Est\u00e1 em andamento um pedido \u00e0 Igreja de processo de beatifica\u00e7\u00e3o de Isabel, enquanto no Congresso tramitam projetos de lei que sugerem a inser\u00e7\u00e3o de seu nome no <em>Livro dos Her\u00f3is e Hero\u00ednas da P\u00e1tria<\/em>.<\/p>\n\n\n\n<p>\u2014 Os 100 anos de morte de Dona Isabel rememoram uma personagem nebulosa, fulcral, querida da popula\u00e7\u00e3o. Ela participou do processo abolicionista, mas isso foi negado e mal interpretado no pr\u00f3prio tempo em que ela viveu. A hist\u00f3ria dessa personagem explica um Brasil atual e tamb\u00e9m um Brasil que n\u00e3o veio \u2014 conclui Antunes de Cerqueira.<\/p>\n\n\n\n<figure class=\"wp-block-image size-full\"><img fetchpriority=\"high\" decoding=\"async\" width=\"860\" height=\"570\" src=\"https:\/\/portalpraties.com.br\/site\/wp-content\/uploads\/2022\/09\/galeria_foto04_b.jpg\" alt=\"\" class=\"wp-image-13472\" srcset=\"https:\/\/portalpraties.com.br\/site\/wp-content\/uploads\/2022\/09\/galeria_foto04_b.jpg 860w, https:\/\/portalpraties.com.br\/site\/wp-content\/uploads\/2022\/09\/galeria_foto04_b-300x199.jpg 300w, https:\/\/portalpraties.com.br\/site\/wp-content\/uploads\/2022\/09\/galeria_foto04_b-768x509.jpg 768w\" sizes=\"(max-width: 860px) 100vw, 860px\" \/><figcaption>Arquivo Nacional do Brasil\r\rPrincesa Isabel tocando piano, \r\rs.d. Arquivo Nacional. Fundo Fam\u00edlia Vieira Tosta. BR_RJANRIO_RI_0_FOT_12<\/figcaption><\/figure>\n\n\n\n<figure class=\"wp-block-image size-full\"><img decoding=\"async\" width=\"570\" height=\"860\" src=\"https:\/\/portalpraties.com.br\/site\/wp-content\/uploads\/2022\/09\/galeria_foto04_.jpg\" alt=\"\" class=\"wp-image-13473\" srcset=\"https:\/\/portalpraties.com.br\/site\/wp-content\/uploads\/2022\/09\/galeria_foto04_.jpg 570w, https:\/\/portalpraties.com.br\/site\/wp-content\/uploads\/2022\/09\/galeria_foto04_-199x300.jpg 199w\" sizes=\"(max-width: 570px) 100vw, 570px\" \/><figcaption>Autor &#8211; Augusto Stahl (1828-1877) &#8211; \r\rArgon, Maria de F\u00e1tima Moraes (org.). Text of Pedro Karp Vasquez. \r\rFam\u00edlia Imperial &#8211; \u00c1lbum de retratos. \r\rPetr\u00f3polis: Museu Imperial, 2002 (plus CD-ROM)\rIsabel, Princess Imperial of Brazil, c.1865<\/figcaption><\/figure>\n\n\n\n<figure class=\"wp-block-image size-full\"><img decoding=\"async\" width=\"570\" height=\"860\" src=\"https:\/\/portalpraties.com.br\/site\/wp-content\/uploads\/2022\/09\/foto04_4628.jpg\" alt=\"\" class=\"wp-image-13474\" srcset=\"https:\/\/portalpraties.com.br\/site\/wp-content\/uploads\/2022\/09\/foto04_4628.jpg 570w, https:\/\/portalpraties.com.br\/site\/wp-content\/uploads\/2022\/09\/foto04_4628-199x300.jpg 199w\" sizes=\"(max-width: 570px) 100vw, 570px\" \/><figcaption>Isabel, Princess Imperial of Brazil in court dress during her acclamation as regent for the third time.\r\rIsabel Cristina Leopoldina Augusta Micaela Gabriela Rafaela Gonzaga de Bourbon e Bragan\u00e7a, apelidada de &#8220;a Redentora&#8221;, foi a segunda filha, a primeira menina, do imperador Pedro II do Brasil e sua esposa a imperatriz Teresa Cristina das Duas Sic\u00edlias. Como a herdeira presuntiva do Imp\u00e9rio do Brasil, ela recebeu o t\u00edtulo de Princesa Imperial.\r\rFoto: Marc Ferrez<\/figcaption><\/figure>\n\n\n\n<p>Fonte: Ag\u00eancia Senado<\/p>\n\n\n\n<p><\/p>\n","protected":false},"excerpt":{"rendered":"<p>Fonte: Ag\u00eancia Senado Ao sancionar em 1888 uma das mais emblem\u00e1ticas normas brasileiras \u2014 a Lei \u00c1urea \u2014, Isabel&nbsp;Cristina Leopoldina Augusta Micaela Gabriela Rafaela Gonzaga de Bourbon e Bragan\u00e7a, popularmente nominada princesa Isabel, &#8220;a Redentora&#8221;, lapidou por definitivo seu nome entre os mais importantes da hist\u00f3ria nacional. No centen\u00e1rio de sua morte, ocorrida em 14 de novembro de 1921, a [&hellip;]<\/p>\n","protected":false},"author":1,"featured_media":13471,"comment_status":"closed","ping_status":"","sticky":false,"template":"","format":"standard","meta":{"footnotes":""},"categories":[3],"tags":[],"class_list":["post-13470","post","type-post","status-publish","format-standard","has-post-thumbnail","hentry","category-noticias"],"_links":{"self":[{"href":"https:\/\/portalpraties.com.br\/site\/wp-json\/wp\/v2\/posts\/13470","targetHints":{"allow":["GET"]}}],"collection":[{"href":"https:\/\/portalpraties.com.br\/site\/wp-json\/wp\/v2\/posts"}],"about":[{"href":"https:\/\/portalpraties.com.br\/site\/wp-json\/wp\/v2\/types\/post"}],"author":[{"embeddable":true,"href":"https:\/\/portalpraties.com.br\/site\/wp-json\/wp\/v2\/users\/1"}],"replies":[{"embeddable":true,"href":"https:\/\/portalpraties.com.br\/site\/wp-json\/wp\/v2\/comments?post=13470"}],"version-history":[{"count":1,"href":"https:\/\/portalpraties.com.br\/site\/wp-json\/wp\/v2\/posts\/13470\/revisions"}],"predecessor-version":[{"id":13475,"href":"https:\/\/portalpraties.com.br\/site\/wp-json\/wp\/v2\/posts\/13470\/revisions\/13475"}],"wp:featuredmedia":[{"embeddable":true,"href":"https:\/\/portalpraties.com.br\/site\/wp-json\/wp\/v2\/media\/13471"}],"wp:attachment":[{"href":"https:\/\/portalpraties.com.br\/site\/wp-json\/wp\/v2\/media?parent=13470"}],"wp:term":[{"taxonomy":"category","embeddable":true,"href":"https:\/\/portalpraties.com.br\/site\/wp-json\/wp\/v2\/categories?post=13470"},{"taxonomy":"post_tag","embeddable":true,"href":"https:\/\/portalpraties.com.br\/site\/wp-json\/wp\/v2\/tags?post=13470"}],"curies":[{"name":"wp","href":"https:\/\/api.w.org\/{rel}","templated":true}]}}