{"id":13479,"date":"2022-09-14T01:52:15","date_gmt":"2022-09-14T01:52:15","guid":{"rendered":"https:\/\/portalpraties.com.br\/site\/?p=13479"},"modified":"2022-09-14T01:52:15","modified_gmt":"2022-09-14T01:52:15","slug":"veja-quem-sao-os-candidatos-a-presidente-da-republica-nas-eleicoes-2022","status":"publish","type":"post","link":"https:\/\/portalpraties.com.br\/site\/2022\/09\/14\/veja-quem-sao-os-candidatos-a-presidente-da-republica-nas-eleicoes-2022\/","title":{"rendered":"Veja quem s\u00e3o os candidatos a presidente da Rep\u00fablica nas elei\u00e7\u00f5es 2022"},"content":{"rendered":"\n<p>Al\u00e9m do presidente, o pleito tamb\u00e9m definir\u00e1 a escolha de deputados estaduais, federais e distritais, senadores e governadores<\/p>\n\n\n\n<p>No dia 2 de outubro, os brasileiros ir\u00e3o \u00e0s urnas decidir seus representantes para os pr\u00f3ximos anos. Doze pol\u00edticos se colocam como candidatos \u00e0\u00a0Presid\u00eancia da Rep\u00fablica,\u00a0que tem mandato de quatro anos e possibilidade de reelei\u00e7\u00e3o.<\/p>\n\n\n\n<p>Al\u00e9m do presidente, o pleito tamb\u00e9m definir\u00e1 a escolha de deputados estaduais, federais e distritais,\u00a0senadores e governadores.<\/p>\n\n\n\n<p>As candidaturas foram oficializadas at\u00e9 5 de agosto, data-limite para que os partidos e federa\u00e7\u00f5es realizassem suas conven\u00e7\u00f5es e confirmassem quem ir\u00e1 concorrer para presidente e demais cargos.<\/p>\n\n\n\n<h2 class=\"wp-block-heading\"><strong>Veja abaixo a lista de alguns dos candidatos \u00e0 Presid\u00eancia:<\/strong><\/h2>\n\n\n\n<h3 class=\"wp-block-heading\">Luiz In\u00e1cio Lula da Silva (PT)<\/h3>\n\n\n\n<p>Lula\u00a0disputar\u00e1 sua sexta elei\u00e7\u00e3o para o cargo. Derrotado em 1989, 1994 e 1998, o petista foi eleito no segundo turno em 2002 e reeleito, tamb\u00e9m em segundo turno, quatro anos depois. Metal\u00fargico e l\u00edder sindical, o ex-presidente foi deputado federal por S\u00e3o Paulo por um mandato antes de suas incurs\u00f5es nacionais. Ele chegou a se colocar como pr\u00e9-candidato \u00e0 Presid\u00eancia para retornar ao cargo nas elei\u00e7\u00f5es de 2018, quando estava preso em decorr\u00eancia de uma condena\u00e7\u00e3o no \u00e2mbito da Opera\u00e7\u00e3o Lava Jato.<\/p>\n\n\n\n<p>Pernambucano de Garanhuns, vi\u00favo da ex-primeira-dama Marisa Let\u00edcia e pai de cinco filhos, Lula, de 76 anos, casou-se novamente em maio com a soci\u00f3loga Ros\u00e2ngela da Silva, a Janja. Seu vice na chapa \u00e9 um ex-concorrente: o ex-governador Paulista Geraldo Alckmin (PSB), que enfrentou Lula nas urnas nas elei\u00e7\u00f5es presidenciais de 2006.<\/p>\n\n\n\n<figure class=\"wp-block-image size-full\"><img fetchpriority=\"high\" decoding=\"async\" width=\"725\" height=\"364\" src=\"https:\/\/portalpraties.com.br\/site\/wp-content\/uploads\/2022\/09\/lula.jpg\" alt=\"\" class=\"wp-image-13480\" srcset=\"https:\/\/portalpraties.com.br\/site\/wp-content\/uploads\/2022\/09\/lula.jpg 725w, https:\/\/portalpraties.com.br\/site\/wp-content\/uploads\/2022\/09\/lula-300x151.jpg 300w\" sizes=\"(max-width: 725px) 100vw, 725px\" \/><figcaption>Luiz In\u00e1cio Lula da Silva, ex-presidente, governou o pa\u00eds entre 2003 e 2010 e \u00e9 o candidato do PT<br><small>Cr\u00e9dito: Foto: Ricardo Stuckert<\/small><\/figcaption><\/figure>\n\n\n<div class=\"wp-block-image\">\n<figure class=\"alignleft size-full\"><img decoding=\"async\" width=\"334\" height=\"402\" src=\"https:\/\/portalpraties.com.br\/site\/wp-content\/uploads\/2022\/09\/jair.jpg\" alt=\"\" class=\"wp-image-13487\" srcset=\"https:\/\/portalpraties.com.br\/site\/wp-content\/uploads\/2022\/09\/jair.jpg 334w, https:\/\/portalpraties.com.br\/site\/wp-content\/uploads\/2022\/09\/jair-249x300.jpg 249w\" sizes=\"(max-width: 334px) 100vw, 334px\" \/><figcaption>O presidente Jair Bolsonaro (PL) participa de solenidade no Pal\u00e1cio do Planalto, em Bras\u00edlia &#8211; 20\/06\/2022<br><small>Cr\u00e9dito: CL\u00c1UDIO REIS\/PHOTOPRESS\/ESTAD\u00c3O CONTE\u00daDO<\/small><\/figcaption><\/figure>\n<\/div>\n\n\n<h3 class=\"wp-block-heading\">Jair Bolsonaro (PL)<\/h3>\n\n\n\n<p>Candidato \u00e0 reelei\u00e7\u00e3o, o presidente\u00a0Bolsonaro,\u00a067 anos, disputar\u00e1 as elei\u00e7\u00f5es de 2022 pelo PL, seu d\u00e9cimo partido. Eleito pela primeira vez para um cargo majorit\u00e1rio em 2018, quando venceu a disputa pelo Planalto, fez carreira como deputado federal pelo Rio de Janeiro, cargo que ocupou de 1990 a 2018. Antes, foi vereador da capital fluminense por dois anos.<\/p>\n\n\n\n<p>Nascido no interior de S\u00e3o Paulo, na cidade de Glic\u00e9rio, Bolsonaro \u00e9 casado com a primeira-dama Michelle Bolsonaro, pai de 5 filhos e capit\u00e3o do Ex\u00e9rcito. Seu candidato vice \u00e9 o general Braga Netto (PL), que foi ministro da Defesa e ministro-chefe da Casa Civil no governo Bolsonaro.<\/p>\n\n\n\n<h3 class=\"wp-block-heading\">Ciro Gomes (PDT)<\/h3>\n\n\n\n<p>Em sua quarta tentativa de ser presidente da Rep\u00fablica,\u00a0Ciro Gomes, 64 anos, come\u00e7ou a carreira pol\u00edtica como deputado estadual pelo Cear\u00e1 antes de ser eleito prefeito da capital, Fortaleza, entre 1989 e 1990, e depois governador do estado (1991-1994). Ocupou minist\u00e9rios nos governos de Itamar Franco (Fazenda, em 1994) e Lula (Integra\u00e7\u00e3o Nacional, 2003-2006) e foi deputado federal (2007-2011).<\/p>\n\n\n\n<p>Advogado e professor universit\u00e1rio, Ciro Gomes \u00e9 natural de Pindamonhangaba (SP), pai de quatro filhos e casado com Giselle Bezerra. A vice na chapa \u201cpuro sangue\u201d do PDT \u00e9 a vice-prefeita de Salvador, Ana Paula Matos.<\/p>\n\n\n\n<figure class=\"wp-block-image size-full\"><img decoding=\"async\" width=\"728\" height=\"371\" src=\"https:\/\/portalpraties.com.br\/site\/wp-content\/uploads\/2022\/09\/ciro.jpg\" alt=\"\" class=\"wp-image-13481\" srcset=\"https:\/\/portalpraties.com.br\/site\/wp-content\/uploads\/2022\/09\/ciro.jpg 728w, https:\/\/portalpraties.com.br\/site\/wp-content\/uploads\/2022\/09\/ciro-300x153.jpg 300w\" sizes=\"(max-width: 728px) 100vw, 728px\" \/><figcaption>O candidato \u00e0 Presid\u00eancia Ciro Gomes (PDT) tenta chegar ao Pal\u00e1cio do Planalto pela quarta vez<br><small>Cr\u00e9dito: F\u00c1TIMA MEIRA\/FUTURA PRESS\/ESTAD\u00c3O CONTE\u00daDO<\/small><\/figcaption><\/figure>\n\n\n<div class=\"wp-block-image\">\n<figure class=\"alignleft size-full\"><img loading=\"lazy\" decoding=\"async\" width=\"547\" height=\"347\" src=\"https:\/\/portalpraties.com.br\/site\/wp-content\/uploads\/2022\/09\/simone.jpg\" alt=\"\" class=\"wp-image-13482\" srcset=\"https:\/\/portalpraties.com.br\/site\/wp-content\/uploads\/2022\/09\/simone.jpg 547w, https:\/\/portalpraties.com.br\/site\/wp-content\/uploads\/2022\/09\/simone-300x190.jpg 300w\" sizes=\"(max-width: 547px) 100vw, 547px\" \/><figcaption>Simone Tebet cumpre o primeiro mandato como senadora por Mato Grosso do Sul e \u00e9 a candidata do MDB \u00e0 Presid\u00eancia <br><small>Cr\u00e9dito: Divulga\u00e7\u00e3o\/Flickr Simone Tebet<\/small><\/figcaption><\/figure>\n<\/div>\n\n\n<h3 class=\"wp-block-heading\">Simone Tebet (MDB)<\/h3>\n\n\n\n<p>Senadora da Rep\u00fablica em primeiro mandato (2015-2023),\u00a0Simone Tebet\u00a0come\u00e7ou a carreira pol\u00edtica em 2002, ao ser eleita deputada estadual em Mato Grosso do Sul. Foi prefeita por dois mandatos da cidade de Tr\u00eas Lagoas, de onde saiu para ser vice-governadora do estado.<\/p>\n\n\n\n<p>Advogada e professora de direito, Tebet \u00e9 casada com o deputado estadual Eduardo Rocha e m\u00e3e de duas filhas. Ela ter\u00e1 como vice, em uma chapa 100% feminina, Mara Gabrilli (PSDB), tamb\u00e9m senadora em primeiro mandato.<\/p>\n\n\n\n<h3 class=\"wp-block-heading\">Felipe d\u2019Avila (Novo)<\/h3>\n\n\n\n<p>Estreante em elei\u00e7\u00f5es,\u00a0Luiz Felipe d\u2019Avila, de 58 anos, \u00e9 cientista pol\u00edtico e mestre em administra\u00e7\u00e3o p\u00fablica. H\u00e1 14 anos, fundou o Centro de Lideran\u00e7a Pol\u00edtica (CLP).<\/p>\n\n\n\n<p>Paulista e engenheiro de forma\u00e7\u00e3o, ele \u00e9 pai de dois filhos e casado com Ana Maria Diniz. Seu candidato a vice \u00e9 o deputado federal Tiago Mitraud (Novo-MG).<\/p>\n\n\n<div class=\"wp-block-image\">\n<figure class=\"aligncenter size-full\"><img loading=\"lazy\" decoding=\"async\" width=\"724\" height=\"368\" src=\"https:\/\/portalpraties.com.br\/site\/wp-content\/uploads\/2022\/09\/felipe-avila.jpg\" alt=\"\" class=\"wp-image-13483\" srcset=\"https:\/\/portalpraties.com.br\/site\/wp-content\/uploads\/2022\/09\/felipe-avila.jpg 724w, https:\/\/portalpraties.com.br\/site\/wp-content\/uploads\/2022\/09\/felipe-avila-300x152.jpg 300w\" sizes=\"(max-width: 724px) 100vw, 724px\" \/><figcaption>Felipe d&#8217;Avila, candidato do partido Novo, entra pela primeira vez na corrida pela Presid\u00eancia<br><small>Cr\u00e9dito: ROBERTO CASIMIRO\/FOTOARENA\/ESTAD\u00c3O CONTE\u00daDO<\/small><\/figcaption><\/figure>\n<\/div>\n\n<div class=\"wp-block-image\">\n<figure class=\"alignleft size-full\"><img loading=\"lazy\" decoding=\"async\" width=\"483\" height=\"361\" src=\"https:\/\/portalpraties.com.br\/site\/wp-content\/uploads\/2022\/09\/joe.jpg\" alt=\"\" class=\"wp-image-13484\" srcset=\"https:\/\/portalpraties.com.br\/site\/wp-content\/uploads\/2022\/09\/joe.jpg 483w, https:\/\/portalpraties.com.br\/site\/wp-content\/uploads\/2022\/09\/joe-300x224.jpg 300w\" sizes=\"(max-width: 483px) 100vw, 483px\" \/><figcaption>Jos\u00e9 Maria Eymael (DC) j\u00e1 concorreu nas elei\u00e7\u00f5es presidenciais em 1998, 2006, 2010, 2014 e 2018, sempre pelo mesmo partido<br><small>Cr\u00e9dito: Marcello Casal Jr\/Ag\u00eancia Bras<\/small><\/figcaption><\/figure>\n<\/div>\n\n\n<h3 class=\"wp-block-heading\">Jos\u00e9 Maria Eymael (DC)<\/h3>\n\n\n\n<p>Em sua sexta campanha presidencial,\u00a0Eymael\u00a0foi deputado federal por tr\u00eas mandatos, entre 1986 e 1995, representando o estado de S\u00e3o Paulo. Disputou quatro vezes a prefeitura da capital paulista.<\/p>\n\n\n\n<p>Advogado e natural de Porto Alegre, ele tem 82 anos e \u00e9 casado com \u00cdsola Selbach Eymael, sendo pai de dois filhos. Eymael ter\u00e1 como vice na chapa o economista Jo\u00e3o Barbosa Bravo (DC), ex-prefeito de S\u00e3o Gon\u00e7alo (RJ).<\/p>\n\n\n\n<h3 class=\"wp-block-heading\">Vera L\u00facia (PSTU)<\/h3>\n\n\n\n<p>Cofundadora do PSTU, partido pelo qual concorre pela segunda vez \u00e0 Presid\u00eancia \u2013 a primeira foi em 2018 \u2013 ,\u00a0Vera L\u00facia,\u00a054 anos, tamb\u00e9m disputou as prefeituras de S\u00e3o Paulo e Aracaju e o governo de Sergipe, al\u00e9m de ter se candidatado a uma vaga na C\u00e2mara dos Deputados.<\/p>\n\n\n\n<p>Graduada em Ci\u00eancias Sociais e natural de Inaj\u00e1, em Pernambuco, Vera L\u00facia foi diretora da Central \u00danica dos Trabalhadores e da Federa\u00e7\u00e3o Nacional dos Trabalhadores do Ramo T\u00eaxtil. Sua vice tamb\u00e9m forma uma chapa 100% feminina: Raquel Trememb\u00e9 (PSTU), ind\u00edgena da tribo Trememb\u00e9, do Maranh\u00e3o.<\/p>\n\n\n\n<figure class=\"wp-block-image size-full\"><img loading=\"lazy\" decoding=\"async\" width=\"603\" height=\"372\" src=\"https:\/\/portalpraties.com.br\/site\/wp-content\/uploads\/2022\/09\/vera.jpg\" alt=\"\" class=\"wp-image-13485\" srcset=\"https:\/\/portalpraties.com.br\/site\/wp-content\/uploads\/2022\/09\/vera.jpg 603w, https:\/\/portalpraties.com.br\/site\/wp-content\/uploads\/2022\/09\/vera-300x185.jpg 300w\" sizes=\"(max-width: 603px) 100vw, 603px\" \/><figcaption>Vera L\u00facia volta a ser candidata \u00e0 Presid\u00eancia da Rep\u00fablica pelo PSTU. Ela j\u00e1 concorreu em 2018<br><small>Cr\u00e9dito: Romerito Pontes\/Divulga\u00e7\u00e3o<\/small><\/figcaption><\/figure>\n\n\n\n<h3 class=\"wp-block-heading\">Soraya Thronicke (Uni\u00e3o Brasil)<\/h3>\n\n\n\n<p>A senadora sul-mato-grossense Soraya Thronicke foi anunciada como candidata \u00e0 Presid\u00eancia em 2 de agosto, ap\u00f3s o ent\u00e3o pr\u00e9-candidato do partido, Luciano Bivar, desistir de concorrer. Essa ser\u00e1 a primeira vez que ela disputa o Pal\u00e1cio do Planalto.<\/p>\n\n\n\n<p>Soraya, de 49 anos, foi eleita pela primeira vez em 2018, e seu mandato no Senado est\u00e1 previsto para acabar em 2026. O vice na chapa \u00e9 o economista Marcos Cintra (Uni\u00e3o Brasil), ex-deputado federal por S\u00e3o Paulo.<\/p>\n\n\n\n<figure class=\"wp-block-image size-full\"><img loading=\"lazy\" decoding=\"async\" width=\"729\" height=\"369\" src=\"https:\/\/portalpraties.com.br\/site\/wp-content\/uploads\/2022\/09\/soraya.jpg\" alt=\"\" class=\"wp-image-13486\" srcset=\"https:\/\/portalpraties.com.br\/site\/wp-content\/uploads\/2022\/09\/soraya.jpg 729w, https:\/\/portalpraties.com.br\/site\/wp-content\/uploads\/2022\/09\/soraya-300x152.jpg 300w\" sizes=\"(max-width: 729px) 100vw, 729px\" \/><figcaption>Senadora Soraya Thronicke (Uni\u00e3o Brasil-MS), candidata \u00e0 Presid\u00eancia da Rep\u00fablica &#8211; 02\/08\/2022<br><small>Cr\u00e9dito: ALOISIO MAURICIO\/FOTOARENA\/ESTAD\u00c3O CONTE\u00daDO<\/small><\/figcaption><\/figure>\n\n\n\n<p>Fonte: cnnbrasil.com.br<\/p>\n","protected":false},"excerpt":{"rendered":"<p>Al\u00e9m do presidente, o pleito tamb\u00e9m definir\u00e1 a escolha de deputados estaduais, federais e distritais, senadores e governadores No dia 2 de outubro, os brasileiros ir\u00e3o \u00e0s urnas decidir seus representantes para os pr\u00f3ximos anos. Doze pol\u00edticos se colocam como candidatos \u00e0\u00a0Presid\u00eancia da Rep\u00fablica,\u00a0que tem mandato de quatro anos e possibilidade de reelei\u00e7\u00e3o. Al\u00e9m do presidente, o pleito tamb\u00e9m definir\u00e1 [&hellip;]<\/p>\n","protected":false},"author":1,"featured_media":13488,"comment_status":"closed","ping_status":"","sticky":false,"template":"","format":"standard","meta":{"footnotes":""},"categories":[3],"tags":[],"class_list":["post-13479","post","type-post","status-publish","format-standard","has-post-thumbnail","hentry","category-noticias"],"_links":{"self":[{"href":"https:\/\/portalpraties.com.br\/site\/wp-json\/wp\/v2\/posts\/13479","targetHints":{"allow":["GET"]}}],"collection":[{"href":"https:\/\/portalpraties.com.br\/site\/wp-json\/wp\/v2\/posts"}],"about":[{"href":"https:\/\/portalpraties.com.br\/site\/wp-json\/wp\/v2\/types\/post"}],"author":[{"embeddable":true,"href":"https:\/\/portalpraties.com.br\/site\/wp-json\/wp\/v2\/users\/1"}],"replies":[{"embeddable":true,"href":"https:\/\/portalpraties.com.br\/site\/wp-json\/wp\/v2\/comments?post=13479"}],"version-history":[{"count":1,"href":"https:\/\/portalpraties.com.br\/site\/wp-json\/wp\/v2\/posts\/13479\/revisions"}],"predecessor-version":[{"id":13489,"href":"https:\/\/portalpraties.com.br\/site\/wp-json\/wp\/v2\/posts\/13479\/revisions\/13489"}],"wp:featuredmedia":[{"embeddable":true,"href":"https:\/\/portalpraties.com.br\/site\/wp-json\/wp\/v2\/media\/13488"}],"wp:attachment":[{"href":"https:\/\/portalpraties.com.br\/site\/wp-json\/wp\/v2\/media?parent=13479"}],"wp:term":[{"taxonomy":"category","embeddable":true,"href":"https:\/\/portalpraties.com.br\/site\/wp-json\/wp\/v2\/categories?post=13479"},{"taxonomy":"post_tag","embeddable":true,"href":"https:\/\/portalpraties.com.br\/site\/wp-json\/wp\/v2\/tags?post=13479"}],"curies":[{"name":"wp","href":"https:\/\/api.w.org\/{rel}","templated":true}]}}