{"id":14064,"date":"2022-10-15T22:02:27","date_gmt":"2022-10-15T22:02:27","guid":{"rendered":"https:\/\/portalpraties.com.br\/site\/?p=14064"},"modified":"2022-10-17T02:48:59","modified_gmt":"2022-10-17T02:48:59","slug":"prime-excelencia-em-transito-2","status":"publish","type":"post","link":"https:\/\/portalpraties.com.br\/site\/2022\/10\/15\/prime-excelencia-em-transito-2\/","title":{"rendered":"PRIME &#8211; EXCEL\u00caNCIA EM TR\u00c2NSITO"},"content":{"rendered":"\n<p><strong>Cursos 100% online<\/strong><\/p>\n\n\n\n<p><strong>Cursos autorizados pelo DETRAN<\/strong><\/p>\n\n\n\n<h2 class=\"wp-block-heading\"> CURSO PARA AUTOESCOLA E PROFISSIONALIZANTES: <\/h2>\n\n\n\n<ul class=\"wp-block-list\"><li><strong>CAPACITA\u00c7\u00c3O E ATUALIZA\u00c7\u00c3O <\/strong><\/li><\/ul>\n\n\n\n<ul class=\"wp-block-list\"><li><strong>Instrutor de Tr\u00e2nsito<\/strong>: O curso de forma\u00e7\u00e3o para Instrutor de Tr\u00e2nsito tem como objetivo formar o profissional para atuar no Centro de Forma\u00e7\u00e3o de Condutores (CFC), transmitindo conhecimentos te\u00f3ricos e pr\u00e1ticos exigidos pela legisla\u00e7\u00e3o de tr\u00e2nsito. Com uma metodologia din\u00e2mica e objetiva, o curso oferece aos instrutores o acesso a um conte\u00fado educacional de alta qualidade, o debate de temas, reflex\u00e3o sobre o processo de aprendizagem e informa\u00e7\u00f5es atuais sobre a legisla\u00e7\u00e3o, seguran\u00e7a veicular e boas pr\u00e1ticas no processo de ensino de condutores.<\/li><\/ul>\n\n\n\n<ul class=\"wp-block-list\"><li><strong>Diretor Geral<\/strong>: O curso de forma\u00e7\u00e3o para Diretor Geral  tem como objetivo capacitar o empres\u00e1rio ou administrador para exercer as atividades de ger\u00eancia, administra\u00e7\u00e3o geral e do correto funcionamento do Centro de Forma\u00e7\u00e3o de Condutores.<\/li><\/ul>\n\n\n\n<ul class=\"wp-block-list\"><li><strong>Diretor de Ensino<\/strong>: O curso de forma\u00e7\u00e3o para Diretor de Ensino de CFC tem como objetivo capacitar o interessado para o exerc\u00edcio das atividades escolares do Centro de Forma\u00e7\u00e3o de Condutores. Com uma metodologia din\u00e2mica e objetiva, o curso oferece ao participante o acesso a um conte\u00fado educacional de alta qualidade, o debate de temas educacionais, reflex\u00e3o sobre o processo de ensino e atividades pr\u00e1ticas, documentos e processos, al\u00e9m de abordar quest\u00f5es pr\u00e1ticas dos atuais CFCs j\u00e1 credenciados pelo Detran-MG.<\/li><\/ul>\n\n\n\n<ul class=\"wp-block-list\"><li><strong>Examinador de Tr\u00e2nsito<\/strong>: O curso de Capacita\u00e7\u00e3o de Examinadores de Tr\u00e2nsito do Detran-MG tem como objetivo preparar o servidor dos quadros das carreiras policial e administrativo da Pol\u00edcia Civil de Minas Gerais para avaliar os conhecimentos e as habilidades dos candidatos a condutores de ve\u00edculos automotores.<\/li><\/ul>\n\n\n\n<h2 class=\"wp-block-heading\">Temos tambem: <\/h2>\n\n\n\n<ul class=\"wp-block-list\"><li><strong>Reciclagem de condutor infrator<\/strong>: O Curso de Reciclagem \u00e9 uma das exig\u00eancias do C\u00f3digo de Tr\u00e2nsito Brasileiro (conforme arts. 256 e 268) para que condutores infratores voltem a conduzir ve\u00edculos automotores.<\/li><\/ul>\n\n\n\n<ul class=\"wp-block-list\"><li><strong>MOPP<\/strong><\/li><\/ul>\n\n\n\n<ul class=\"wp-block-list\"><li><strong>Cargas indivis\u00edveis<\/strong>: O curso especializado para transporte de ve\u00edculos de carga indivis\u00edvel ou carga especial tem a finalidade de aperfei\u00e7oar, instruir, qualificar e atualizar condutores, habilitando-os \u00e0 condu\u00e7\u00e3o de ve\u00edculos com carga de projeto, ou indivis\u00edvel, ou especial, ou excepcional ou excedente. Com uma metodologia din\u00e2mica e objetiva, o curso oferece aos condutores o acesso a um conte\u00fado educacional de alta qualidade, o debate sobre pesos e dimens\u00f5es legais, reflex\u00e3o e informa\u00e7\u00f5es atuais sobre a legisla\u00e7\u00e3o espec\u00edfica, roteiriza\u00e7\u00e3o, seguran\u00e7a veicular e boas pr\u00e1ticas no processo de transporte de cargas.<\/li><\/ul>\n\n\n\n<ul class=\"wp-block-list\"><li><strong>Transporte Escolar<\/strong>: O curso especializado para Transporte Escolar tem a finalidade de aperfei\u00e7oar, instruir, qualificar e atualizar condutores, habilitando-os \u00e0 condu\u00e7\u00e3o de ve\u00edculos de transporte escolar de passageiros. Com uma metodologia din\u00e2mica e objetiva, o curso oferece aos condutores o acesso a um conte\u00fado educacional de alta qualidade, o debate de temas, reflex\u00e3o e informa\u00e7\u00f5es atuais sobre a legisla\u00e7\u00e3o, seguran\u00e7a veicular e boas pr\u00e1ticas no processo de transporte escolar.<\/li><\/ul>\n\n\n\n<ul class=\"wp-block-list\"><li><strong>Transporte de Emerg\u00eancia<\/strong>: O curso especializado para transporte de ve\u00edculos de emerg\u00eancia tem a finalidade de aperfei\u00e7oar, instruir, qualificar e atualizar condutores, habilitando-os \u00e0 condu\u00e7\u00e3o de ve\u00edculos de emerg\u00eancia. Com uma metodologia din\u00e2mica e objetiva, o curso oferece aos condutores o acesso a um conte\u00fado educacional de alta qualidade, o debate de temas, reflex\u00e3o e informa\u00e7\u00f5es atuais sobre a legisla\u00e7\u00e3o, seguran\u00e7a veicular e boas pr\u00e1ticas.<\/li><\/ul>\n\n\n\n<figure class=\"wp-block-image size-full\"><img fetchpriority=\"high\" decoding=\"async\" width=\"1024\" height=\"1024\" src=\"https:\/\/portalpraties.com.br\/site\/wp-content\/uploads\/2022\/10\/IMG-20221007-WA0013-1.jpg\" alt=\"\" class=\"wp-image-14065\" srcset=\"https:\/\/portalpraties.com.br\/site\/wp-content\/uploads\/2022\/10\/IMG-20221007-WA0013-1.jpg 1024w, https:\/\/portalpraties.com.br\/site\/wp-content\/uploads\/2022\/10\/IMG-20221007-WA0013-1-300x300.jpg 300w, https:\/\/portalpraties.com.br\/site\/wp-content\/uploads\/2022\/10\/IMG-20221007-WA0013-1-150x150.jpg 150w, https:\/\/portalpraties.com.br\/site\/wp-content\/uploads\/2022\/10\/IMG-20221007-WA0013-1-768x768.jpg 768w\" sizes=\"(max-width: 1024px) 100vw, 1024px\" \/><\/figure>\n","protected":false},"excerpt":{"rendered":"<p>Cursos 100% online Cursos autorizados pelo DETRAN CURSO PARA AUTOESCOLA E PROFISSIONALIZANTES: CAPACITA\u00c7\u00c3O E ATUALIZA\u00c7\u00c3O Instrutor de Tr\u00e2nsito: O curso de forma\u00e7\u00e3o para Instrutor de Tr\u00e2nsito tem como objetivo formar o profissional para atuar no Centro de Forma\u00e7\u00e3o de Condutores (CFC), transmitindo conhecimentos te\u00f3ricos e pr\u00e1ticos exigidos pela legisla\u00e7\u00e3o de tr\u00e2nsito. Com uma metodologia din\u00e2mica e objetiva, o curso oferece [&hellip;]<\/p>\n","protected":false},"author":1,"featured_media":14066,"comment_status":"closed","ping_status":"","sticky":false,"template":"","format":"standard","meta":{"footnotes":""},"categories":[3],"tags":[],"class_list":["post-14064","post","type-post","status-publish","format-standard","has-post-thumbnail","hentry","category-noticias"],"_links":{"self":[{"href":"https:\/\/portalpraties.com.br\/site\/wp-json\/wp\/v2\/posts\/14064","targetHints":{"allow":["GET"]}}],"collection":[{"href":"https:\/\/portalpraties.com.br\/site\/wp-json\/wp\/v2\/posts"}],"about":[{"href":"https:\/\/portalpraties.com.br\/site\/wp-json\/wp\/v2\/types\/post"}],"author":[{"embeddable":true,"href":"https:\/\/portalpraties.com.br\/site\/wp-json\/wp\/v2\/users\/1"}],"replies":[{"embeddable":true,"href":"https:\/\/portalpraties.com.br\/site\/wp-json\/wp\/v2\/comments?post=14064"}],"version-history":[{"count":4,"href":"https:\/\/portalpraties.com.br\/site\/wp-json\/wp\/v2\/posts\/14064\/revisions"}],"predecessor-version":[{"id":14161,"href":"https:\/\/portalpraties.com.br\/site\/wp-json\/wp\/v2\/posts\/14064\/revisions\/14161"}],"wp:featuredmedia":[{"embeddable":true,"href":"https:\/\/portalpraties.com.br\/site\/wp-json\/wp\/v2\/media\/14066"}],"wp:attachment":[{"href":"https:\/\/portalpraties.com.br\/site\/wp-json\/wp\/v2\/media?parent=14064"}],"wp:term":[{"taxonomy":"category","embeddable":true,"href":"https:\/\/portalpraties.com.br\/site\/wp-json\/wp\/v2\/categories?post=14064"},{"taxonomy":"post_tag","embeddable":true,"href":"https:\/\/portalpraties.com.br\/site\/wp-json\/wp\/v2\/tags?post=14064"}],"curies":[{"name":"wp","href":"https:\/\/api.w.org\/{rel}","templated":true}]}}