{"id":14982,"date":"2022-11-13T16:14:03","date_gmt":"2022-11-13T16:14:03","guid":{"rendered":"https:\/\/portalpraties.com.br\/site\/?p=14982"},"modified":"2022-11-13T16:14:03","modified_gmt":"2022-11-13T16:14:03","slug":"15-de-novembro-dia-da-proclamacao-da-republica","status":"publish","type":"post","link":"https:\/\/portalpraties.com.br\/site\/2022\/11\/13\/15-de-novembro-dia-da-proclamacao-da-republica\/","title":{"rendered":"15 de novembro \u2013 Dia da Proclama\u00e7\u00e3o da Rep\u00fablica"},"content":{"rendered":"\n<h2 class=\"wp-block-heading\">A Proclama\u00e7\u00e3o da Rep\u00fablica determinou o fim do regime mon\u00e1rquico e a instaura\u00e7\u00e3o da rep\u00fablica no Brasil. Atualmente, o 15 de novembro \u00e9 feriado nacional.<\/h2>\n\n\n\n<p>Nesta ter\u00e7a-feira, 15, \u00e9 celebrado o dia da&nbsp;<strong>Proclama\u00e7\u00e3o da Rep\u00fablica<\/strong>, uma das datas mais importantes para a hist\u00f3ria do Brasil. Esse fato ocorreu em 1889 e foi resultado de uma mobiliza\u00e7\u00e3o contra a fam\u00edlia real portuguesa, para instaurar a rep\u00fablica no pa\u00eds.<\/p>\n\n\n\n<p>A Proclama\u00e7\u00e3o da Rep\u00fablica foi resultado de um processo pol\u00edtico e surgimento de partidos republicanos na d\u00e9cada de 1870. A monarquia se viu enfraquecida com a for\u00e7a desses movimentos e a insatisfa\u00e7\u00e3o tanto de militares, quanto civis, enfraqueceu o sistema.<\/p>\n\n\n\n<p>Em Novembro de 1889, a crise pol\u00edtica estava avan\u00e7ada e grandes nomes do republicanismo se reuniram, sendo um deles o famoso marechal Deodoro da Fonseca, o mais influente entre eles. Foi ent\u00e3o no dia 15 que um levante militar cercou o Gabinete Ministerial, destituindo visconde de Ouro Preto e o prendeu.<\/p>\n\n\n\n<p>O imperador D. Pedro II ainda tentou realizar um novo gabinete no mesmo dia, porem sem sucesso. O an\u00fancio oficial da rep\u00fablica foi realizado por um vereador do Rio de Janeiro, Jos\u00e9 do Patroc\u00ednio. Dois dias depois do levante, a fam\u00edlia real portuguesa fugiu para Portugal, deixando Deodoro da Fonseca como o primeiro presidente do Brasil.<\/p>\n\n\n\n<h2 class=\"wp-block-heading\">15 de Novembro \u00e9 feriado nacional ou ponto facultativo?<\/h2>\n\n\n\n<p>A Proclama\u00e7\u00e3o da Rep\u00fablica \u00e9 considerado&nbsp;<strong>feriado nacional&nbsp;<\/strong>em conformidade com a Portaria do Primeiro-Secret\u00e1rio n\u00ba 29, de 2021 do Senado Federal.<\/p>\n\n\n\n<p>Em 19 de dezembro de 2002, foi aprovada a Lei n\u00ba 10.607, que previa todos os feriados nacionais, incluindo o 15 de Novembro.<\/p>\n\n\n\n<h2 class=\"wp-block-heading\">Feriado de 15 de novembro emenda no dia 14?<\/h2>\n\n\n\n<p>A decis\u00e3o de emendar no feriado cabe exclusivamente a empresa. Dia 14 de Novembro \u00e9 considerado expediente normal de trabalho, porem pode ter folga dependendo do acordo entre patr\u00e3o e empregado.<\/p>\n\n\n\n<h2 class=\"wp-block-heading\">O que aconteceu dia 15 de Novembro?<\/h2>\n\n\n\n<p>Em 15 de novembro 1889, foi realizado um levante militar contra a monarquia brasileira, que culminou em uma instaura\u00e7\u00e3o da rep\u00fablica. Esse dia ficou oficialmente conhecido como a proclama\u00e7\u00e3o da rep\u00fablica no Brasil.<\/p>\n\n\n\n<p>Fonte: exame.com<\/p>\n","protected":false},"excerpt":{"rendered":"<p>A Proclama\u00e7\u00e3o da Rep\u00fablica determinou o fim do regime mon\u00e1rquico e a instaura\u00e7\u00e3o da rep\u00fablica no Brasil. Atualmente, o 15 de novembro \u00e9 feriado nacional. Nesta ter\u00e7a-feira, 15, \u00e9 celebrado o dia da&nbsp;Proclama\u00e7\u00e3o da Rep\u00fablica, uma das datas mais importantes para a hist\u00f3ria do Brasil. Esse fato ocorreu em 1889 e foi resultado de uma mobiliza\u00e7\u00e3o contra a fam\u00edlia real [&hellip;]<\/p>\n","protected":false},"author":1,"featured_media":14983,"comment_status":"closed","ping_status":"","sticky":false,"template":"","format":"standard","meta":{"footnotes":""},"categories":[3],"tags":[],"class_list":["post-14982","post","type-post","status-publish","format-standard","has-post-thumbnail","hentry","category-noticias"],"_links":{"self":[{"href":"https:\/\/portalpraties.com.br\/site\/wp-json\/wp\/v2\/posts\/14982","targetHints":{"allow":["GET"]}}],"collection":[{"href":"https:\/\/portalpraties.com.br\/site\/wp-json\/wp\/v2\/posts"}],"about":[{"href":"https:\/\/portalpraties.com.br\/site\/wp-json\/wp\/v2\/types\/post"}],"author":[{"embeddable":true,"href":"https:\/\/portalpraties.com.br\/site\/wp-json\/wp\/v2\/users\/1"}],"replies":[{"embeddable":true,"href":"https:\/\/portalpraties.com.br\/site\/wp-json\/wp\/v2\/comments?post=14982"}],"version-history":[{"count":1,"href":"https:\/\/portalpraties.com.br\/site\/wp-json\/wp\/v2\/posts\/14982\/revisions"}],"predecessor-version":[{"id":14984,"href":"https:\/\/portalpraties.com.br\/site\/wp-json\/wp\/v2\/posts\/14982\/revisions\/14984"}],"wp:featuredmedia":[{"embeddable":true,"href":"https:\/\/portalpraties.com.br\/site\/wp-json\/wp\/v2\/media\/14983"}],"wp:attachment":[{"href":"https:\/\/portalpraties.com.br\/site\/wp-json\/wp\/v2\/media?parent=14982"}],"wp:term":[{"taxonomy":"category","embeddable":true,"href":"https:\/\/portalpraties.com.br\/site\/wp-json\/wp\/v2\/categories?post=14982"},{"taxonomy":"post_tag","embeddable":true,"href":"https:\/\/portalpraties.com.br\/site\/wp-json\/wp\/v2\/tags?post=14982"}],"curies":[{"name":"wp","href":"https:\/\/api.w.org\/{rel}","templated":true}]}}