{"id":15034,"date":"2022-11-13T18:42:41","date_gmt":"2022-11-13T18:42:41","guid":{"rendered":"https:\/\/portalpraties.com.br\/site\/?p=15034"},"modified":"2022-11-13T18:42:41","modified_gmt":"2022-11-13T18:42:41","slug":"convocados-do-brasil-na-copa-do-mundo-2022","status":"publish","type":"post","link":"https:\/\/portalpraties.com.br\/site\/2022\/11\/13\/convocados-do-brasil-na-copa-do-mundo-2022\/","title":{"rendered":"Convocados do Brasil na Copa do Mundo 2022"},"content":{"rendered":"\n<p>Com 26 nomes, o t\u00e9cnico Tite divulgou a lista final da sele\u00e7\u00e3o brasileira para a disputa do Mundial; confira<\/p>\n\n\n\n<p>O t\u00e9cnico Tite anunciou no dia 7 de novembro, na sede da CBF, a lista dos 26 convocados da sele\u00e7\u00e3o brasileira para a disputa da Copa do Mundo de 2022, no Qatar. O lateral-direito Daniel Alves, do Pumas (M\u00e9xico) foi o nome mais controverso dos convocados, enquanto Gabriel Martinelli, atacante do Arsenal, pode ser considerado a maior surpresa. Dos jogadores que atuam no Brasil est\u00e3o Weverton, do Palmeiras, e Everton Ribeiro e Pedro, ambos do Flamengo.<\/p>\n\n\n\n<p>O\u00a0<strong>Brasil<\/strong>, cinco vezes campe\u00e3o mundial, est\u00e1 nos\u00a0preparativos finais para a\u00a0<strong>Copa do Mundo de 2022<\/strong>, na qual vai buscar reencontrar a gl\u00f3ria ap\u00f3s 20 anos de jejum. E o time de maior sucesso na competi\u00e7\u00e3o tem uma boa equipe para ir atr\u00e1s do t\u00edtulo no Qatar.<\/p>\n\n\n\n<h2 class=\"wp-block-heading\">Os 26 convocados de Tite para a Copa do Mundo<\/h2>\n\n\n\n<h2 class=\"wp-block-heading\">GOLEIROS<\/h2>\n\n\n\n<p>A briga pelo gol do Brasil fica por conta de Alisson e Ederson, sendo que o goleiro do Liverpool teve a prefer\u00eancia de Tite nos \u00faltimos amistosos. Antes disso, a dupla chegou a revezar, inclusive ao longo da Copa Am\u00e9rica, na qual Weverton tamb\u00e9m participou.<\/p>\n\n\n\n<figure class=\"wp-block-table\"><table><thead><tr><th><strong>N\u00famero<\/strong><\/th><th>Nome<\/th><th>Clube<\/th><\/tr><\/thead><tbody><tr><td>1<\/td><td>Alisson<\/td><td>Liverpool<\/td><\/tr><tr><td>12<\/td><td>Weverton<\/td><td>Palmeiras<\/td><\/tr><tr><td>23<\/td><td>Ederson<\/td><td>Manchester City<\/td><\/tr><\/tbody><\/table><\/figure>\n\n\n\n<h2 class=\"wp-block-heading\">DEFENSORES<\/h2>\n\n\n\n<p>A defesa \u00e9 um lugar em que o Brasil est\u00e1 bem servido.<\/p>\n\n\n\n<p>Na zaga, a dupla titular deve ser Thiago Silva e Marquinhos, mas Milit\u00e3o e Bremer tamb\u00e9m apareceram como op\u00e7\u00f5es para Tite, enquanto v\u00e3o se destacando em seus grandes clubes.<\/p>\n\n\n\n<p>Para as laterais, Alex Sandro e Danilo, ambos da Juventus, v\u00eam sendo os titulares, mas Alex Telles e Daniel Alves, tamb\u00e9m foram convocados.<\/p>\n\n\n\n<figure class=\"wp-block-table\"><table><thead><tr><th><strong>N\u00famero<\/strong><\/th><th>Nome<\/th><th>Clube<\/th><\/tr><\/thead><tbody><tr><td>2<\/td><td>Danilo<\/td><td>Juventus<\/td><\/tr><tr><td>3<\/td><td>Thiago Silva<\/td><td>Chelsea<\/td><\/tr><tr><td>4<\/td><td>Marquinhos<\/td><td>Paris Saint-Germain<\/td><\/tr><tr><td>6<\/td><td>Alex Sandro<\/td><td>Juventus<\/td><\/tr><tr><td>13<\/td><td>Dani Alves<\/td><td>Pumas<\/td><\/tr><tr><td>14<\/td><td>\u00c9der Millit\u00e3o<\/td><td>Real Madrid<\/td><\/tr><tr><td>16<\/td><td>Alex Telles<\/td><td>Sevilla<\/td><\/tr><tr><td>24<\/td><td>Bremer<\/td><td>Juventus<\/td><\/tr><\/tbody><\/table><\/figure>\n\n\n\n<h2 class=\"wp-block-heading\">MEIO-CAMPISTAS<\/h2>\n\n\n\n<p>E quando se trata de meio-campo, o Brasil tamb\u00e9m tem uma boa disputa, repleta de jogadores fortes.<\/p>\n\n\n\n<p>Casemiro e Fred devem ser os meio-campistas de sustenta\u00e7\u00e3o, com Fabinho correndo por fora em busca de uma vaga no time titular. Enquanto isso, Paquet\u00e1 e Everton Ribeiro podem oferecer mais criatividade. Bruno Guimar\u00e3es tamb\u00e9m busca entre os convocados.<\/p>\n\n\n\n<figure class=\"wp-block-table\"><table><thead><tr><th><strong>N\u00famero<\/strong><\/th><th>Nome<\/th><th>Clube<\/th><\/tr><\/thead><tbody><tr><td>5<\/td><td>Casemiro<\/td><td>Manchester United<\/td><\/tr><tr><td>7<\/td><td>Lucas Paquet\u00e1<\/td><td>West Ham<\/td><\/tr><tr><td>8<\/td><td>Fred<\/td><td>Manchester United<\/td><\/tr><tr><td>15<\/td><td>Fabinho<\/td><td>Liverpool<\/td><\/tr><tr><td>17<\/td><td>Bruno Guimar\u00e3es<\/td><td>Newcastle United<\/td><\/tr><tr><td>22<\/td><td>\u00c9verton Ribeiro<\/td><td>Flamengo<\/td><\/tr><\/tbody><\/table><\/figure>\n\n\n\n<h2 class=\"wp-block-heading\">ATACANTES<\/h2>\n\n\n\n<p>A riqueza de op\u00e7\u00f5es para o ataque do Brasil \u00e9 um dos grandes motivos pelo favoritismo da sele\u00e7\u00e3o de Tite para o t\u00edtulo Mundial.<\/p>\n\n\n\n<p>Neymar, Vin\u00edcius Jr., Gabriel Jesus, Raphinha, Antony, Rcharlison de uma lista longa. \u00c9 justo dizer que essa lista \u00e9 de dar inveja em v\u00e1rios treinadores.<\/p>\n\n\n\n<figure class=\"wp-block-table\"><table><thead><tr><th><strong>N\u00famero<\/strong><\/th><th>Nome<\/th><th>Clube<\/th><\/tr><\/thead><tbody><tr><td>9<\/td><td>Richarlison<\/td><td>Tottenham Hotspur<\/td><\/tr><tr><td>10<\/td><td>Neymar<\/td><td>Paris Saint-Germain<\/td><\/tr><tr><td>11<\/td><td>Raphinha<\/td><td>Barcelona<\/td><\/tr><tr><td>18<\/td><td>Gabriel Jesus<\/td><td>Arsenal<\/td><\/tr><tr><td>19<\/td><td>Antony<\/td><td>Manchester United<\/td><\/tr><tr><td>20<\/td><td>Vinicius Junior<\/td><td>Real Madrid<\/td><\/tr><tr><td>21<\/td><td>Rodrygo<\/td><td>Real Madrid<\/td><\/tr><tr><td>25<\/td><td>Pedro<\/td><td>Flamengo<\/td><\/tr><tr><td>26<\/td><td>Gabriel Martinelli<\/td><td>Arsenal<\/td><\/tr><\/tbody><\/table><\/figure>\n\n\n\n<h2 class=\"wp-block-heading\">PROV\u00c1VEL TIME BASE<\/h2>\n\n\n\n<p><strong>Neymar&nbsp;<\/strong>\u00e9 o principal jogador da sele\u00e7\u00e3o, e deve liderar o ataque. Ao lado dele,&nbsp;<strong>Vin\u00edcius Jr.<\/strong>&nbsp;e&nbsp;<strong>Raphinha<\/strong>&nbsp;devem ser os escolhidos para a linha final.<\/p>\n\n\n\n<p>Um pouco mais atr\u00e1s,&nbsp;<strong>Casemiro&nbsp;<\/strong>deve ser o motor do meio de campo, ao lado de&nbsp;<strong>Fred<\/strong>&nbsp;e&nbsp;<strong>Paquet\u00e1<\/strong>.<\/p>\n\n\n\n<p>Na defesa, a experi\u00eancia de&nbsp;<strong>Thiago Silva<\/strong>&nbsp;e<strong>&nbsp;Marquinhos<\/strong>, com&nbsp;<strong>Alex<\/strong>&nbsp;<strong>Sandro<\/strong>&nbsp;e&nbsp;<strong>Danilo<\/strong>&nbsp;cobrindo as laterais. No gol,&nbsp;<strong>Alisson<\/strong>.<\/p>\n\n\n\n<p><em>Time titular do Brasil (4-3-3):<\/em>\u00a0Alisson; Danilo, Thiago Silva, Marquinhos, Alex Sandro; Casemiro, Fred e Lucas Paquet\u00e1; Raphinha, Neymar e Vinicius Jr.<\/p>\n\n\n\n<p>Fonte: goal.com<\/p>\n","protected":false},"excerpt":{"rendered":"<p>Com 26 nomes, o t\u00e9cnico Tite divulgou a lista final da sele\u00e7\u00e3o brasileira para a disputa do Mundial; confira O t\u00e9cnico Tite anunciou no dia 7 de novembro, na sede da CBF, a lista dos 26 convocados da sele\u00e7\u00e3o brasileira para a disputa da Copa do Mundo de 2022, no Qatar. O lateral-direito Daniel Alves, do Pumas (M\u00e9xico) foi o [&hellip;]<\/p>\n","protected":false},"author":1,"featured_media":15035,"comment_status":"closed","ping_status":"","sticky":false,"template":"","format":"standard","meta":{"footnotes":""},"categories":[3],"tags":[],"class_list":["post-15034","post","type-post","status-publish","format-standard","has-post-thumbnail","hentry","category-noticias"],"_links":{"self":[{"href":"https:\/\/portalpraties.com.br\/site\/wp-json\/wp\/v2\/posts\/15034","targetHints":{"allow":["GET"]}}],"collection":[{"href":"https:\/\/portalpraties.com.br\/site\/wp-json\/wp\/v2\/posts"}],"about":[{"href":"https:\/\/portalpraties.com.br\/site\/wp-json\/wp\/v2\/types\/post"}],"author":[{"embeddable":true,"href":"https:\/\/portalpraties.com.br\/site\/wp-json\/wp\/v2\/users\/1"}],"replies":[{"embeddable":true,"href":"https:\/\/portalpraties.com.br\/site\/wp-json\/wp\/v2\/comments?post=15034"}],"version-history":[{"count":1,"href":"https:\/\/portalpraties.com.br\/site\/wp-json\/wp\/v2\/posts\/15034\/revisions"}],"predecessor-version":[{"id":15036,"href":"https:\/\/portalpraties.com.br\/site\/wp-json\/wp\/v2\/posts\/15034\/revisions\/15036"}],"wp:featuredmedia":[{"embeddable":true,"href":"https:\/\/portalpraties.com.br\/site\/wp-json\/wp\/v2\/media\/15035"}],"wp:attachment":[{"href":"https:\/\/portalpraties.com.br\/site\/wp-json\/wp\/v2\/media?parent=15034"}],"wp:term":[{"taxonomy":"category","embeddable":true,"href":"https:\/\/portalpraties.com.br\/site\/wp-json\/wp\/v2\/categories?post=15034"},{"taxonomy":"post_tag","embeddable":true,"href":"https:\/\/portalpraties.com.br\/site\/wp-json\/wp\/v2\/tags?post=15034"}],"curies":[{"name":"wp","href":"https:\/\/api.w.org\/{rel}","templated":true}]}}