{"id":15079,"date":"2022-11-21T03:35:43","date_gmt":"2022-11-21T03:35:43","guid":{"rendered":"https:\/\/portalpraties.com.br\/site\/?p=15079"},"modified":"2022-11-21T03:35:43","modified_gmt":"2022-11-21T03:35:43","slug":"avanco-da-covid-19-em-minas-gerais","status":"publish","type":"post","link":"https:\/\/portalpraties.com.br\/site\/2022\/11\/21\/avanco-da-covid-19-em-minas-gerais\/","title":{"rendered":"AVAN\u00c7O DA COVID-19 EM MINAS GERAIS"},"content":{"rendered":"\n<p>Assim como em todo o mundo, Minas Gerais vive uma escalada da COVID em novembro. De acordo com o boletim epidemiol\u00f3gico mais recente divulgado pelo estado, os casos positivos da doen\u00e7a subiram 652% em rela\u00e7\u00e3o a uma semana atr\u00e1s.<\/p>\n\n\n\n<p>Belo Horizonte segue a mesma tend\u00eancia de aumento da doen\u00e7a. Em uma semana, segundo os dados divulgados na sexta pela prefeitura, os testes positivos passaram de 636 para 1.243.<\/p>\n\n\n\n<p>Na sexta-feira (18\/11), a Secretaria de Estado de Sa\u00fade (SES) confirmou\u00a0os dois primeiros casos da subvariante BQ1.1 da \u00d4micron\u00a0em Minas, que tem provocado uma nova onda de casos de COVID-19 em todo o mundo.\u00a0<\/p>\n\n\n\n<p>Em nota, a SES informou que \u201ca\u00e7\u00f5es de vigil\u00e2ncia para investiga\u00e7\u00e3o e monitoramento desses casos e seus contatos j\u00e1 foram iniciados\u201d.&nbsp;Informada pela pasta sobre a circula\u00e7\u00e3o da variante na capital, na tarde da \u00faltima sexta-feira, a Prefeitura de Belo Horizonte (PBH) ressaltou que, at\u00e9 o momento, a BQ.1 n\u00e3o foi identificada em nenhum teste realizado na rede p\u00fablica municipal.&nbsp;<\/p>\n\n\n\n<p>O estado tamb\u00e9m alerta sobre a necessidade imediata de complementar o esquema vacinal com todas as doses de refor\u00e7o, uma vez que a imuniza\u00e7\u00e3o tem se mostrado eficaz na prote\u00e7\u00e3o contra o v\u00edrus.<\/p>\n\n\n\n<p>Fonte: em.com.br<\/p>\n","protected":false},"excerpt":{"rendered":"<p>Assim como em todo o mundo, Minas Gerais vive uma escalada da COVID em novembro. De acordo com o boletim epidemiol\u00f3gico mais recente divulgado pelo estado, os casos positivos da doen\u00e7a subiram 652% em rela\u00e7\u00e3o a uma semana atr\u00e1s. Belo Horizonte segue a mesma tend\u00eancia de aumento da doen\u00e7a. Em uma semana, segundo os dados divulgados na sexta pela prefeitura, [&hellip;]<\/p>\n","protected":false},"author":1,"featured_media":15080,"comment_status":"closed","ping_status":"","sticky":false,"template":"","format":"standard","meta":{"footnotes":""},"categories":[3],"tags":[],"class_list":["post-15079","post","type-post","status-publish","format-standard","has-post-thumbnail","hentry","category-noticias"],"_links":{"self":[{"href":"https:\/\/portalpraties.com.br\/site\/wp-json\/wp\/v2\/posts\/15079","targetHints":{"allow":["GET"]}}],"collection":[{"href":"https:\/\/portalpraties.com.br\/site\/wp-json\/wp\/v2\/posts"}],"about":[{"href":"https:\/\/portalpraties.com.br\/site\/wp-json\/wp\/v2\/types\/post"}],"author":[{"embeddable":true,"href":"https:\/\/portalpraties.com.br\/site\/wp-json\/wp\/v2\/users\/1"}],"replies":[{"embeddable":true,"href":"https:\/\/portalpraties.com.br\/site\/wp-json\/wp\/v2\/comments?post=15079"}],"version-history":[{"count":1,"href":"https:\/\/portalpraties.com.br\/site\/wp-json\/wp\/v2\/posts\/15079\/revisions"}],"predecessor-version":[{"id":15081,"href":"https:\/\/portalpraties.com.br\/site\/wp-json\/wp\/v2\/posts\/15079\/revisions\/15081"}],"wp:featuredmedia":[{"embeddable":true,"href":"https:\/\/portalpraties.com.br\/site\/wp-json\/wp\/v2\/media\/15080"}],"wp:attachment":[{"href":"https:\/\/portalpraties.com.br\/site\/wp-json\/wp\/v2\/media?parent=15079"}],"wp:term":[{"taxonomy":"category","embeddable":true,"href":"https:\/\/portalpraties.com.br\/site\/wp-json\/wp\/v2\/categories?post=15079"},{"taxonomy":"post_tag","embeddable":true,"href":"https:\/\/portalpraties.com.br\/site\/wp-json\/wp\/v2\/tags?post=15079"}],"curies":[{"name":"wp","href":"https:\/\/api.w.org\/{rel}","templated":true}]}}