{"id":15082,"date":"2022-11-21T03:41:07","date_gmt":"2022-11-21T03:41:07","guid":{"rendered":"https:\/\/portalpraties.com.br\/site\/?p=15082"},"modified":"2022-11-21T03:41:07","modified_gmt":"2022-11-21T03:41:07","slug":"chuva-causa-alagamentos-em-joao-monlevade","status":"publish","type":"post","link":"https:\/\/portalpraties.com.br\/site\/2022\/11\/21\/chuva-causa-alagamentos-em-joao-monlevade\/","title":{"rendered":"Chuva causa alagamentos em Jo\u00e3o Monlevade"},"content":{"rendered":"\n<h2 class=\"wp-block-heading\">Homem foi resgatado de enxurrada pela Defesa Civil; \u00f3rg\u00e3o informou que \u00e1gua atingiu 1,5 metro de altura na Avenida Get\u00falio Vargas, no Centro da cidade<\/h2>\n\n\n\n<p>Uma chuva de mais de uma hora de dura\u00e7\u00e3o atingiu, nesta ter\u00e7a-feira (15), a cidade de Jo\u00e3o Monlevade, na Regi\u00e3o Central de Minas Gerais. De acordo com a Defesa Civil,&nbsp;a \u00e1gua atingiu 1,5 metro de altura na Avenida Get\u00falio Vargas, no Centro da cidade.<\/p>\n\n\n\n<p>A Defesa Civil municipal disse que um&nbsp;comit\u00ea de crise seria criado para mensurar os danos provocados pelo temporal.<\/p>\n\n\n\n<p>O instrutor de autoescola Edson Pereira, morador da cidade h\u00e1 52 anos, disse que a chuva pegou todos de surpresa e foi assustadora.<\/p>\n\n\n\n<blockquote class=\"wp-block-quote is-layout-flow wp-block-quote-is-layout-flow\">\n<p>&#8220;Tem muito tempo que uma chuva assim n\u00e3o atinge a cidade. Foi uma chuva muito forte e que durou muito tempo. A lama veio de um loteamento que est\u00e1 sendo constru\u00eddo em outro ponto da cidade e, com a chuva, desceu para as avenidas&#8221;, conta.<\/p>\n<\/blockquote>\n\n\n\n<p>De acordo com a Defesa Civil, a chuva teve dura\u00e7\u00e3o de quase uma hora e trinta minutos, e dois pontos mais alagados foram a Avenidas Get\u00falio Vargas e a Wilson Alvarenga. At\u00e9 o momento foram registradas 20 chamadas e somente uma v\u00edtima com ferimento leves ap\u00f3s a queda de uma \u00e1rvore.<\/p>\n\n\n\n<h2 class=\"wp-block-heading\"><strong>Resgate<\/strong><\/h2>\n\n\n\n<p>Um homem foi resgatado por moradores e agentes da Defesa Civil que estavam no local depois que tentou ir at\u00e9 carro que estava sendo atingindo pela enxurrada. Segundo o \u00f3rg\u00e3o, o homem \u00e9 argentino e est\u00e1 na cidade a trabalho. Ele n\u00e3o sabia a profundidade da \u00e1gua e ao entrar n\u00e3o conseguiu sair. <\/p>\n\n\n\n<p><\/p>\n\n\n\n<p>Fonte: g1.globo.com<\/p>\n","protected":false},"excerpt":{"rendered":"<p>Homem foi resgatado de enxurrada pela Defesa Civil; \u00f3rg\u00e3o informou que \u00e1gua atingiu 1,5 metro de altura na Avenida Get\u00falio Vargas, no Centro da cidade Uma chuva de mais de uma hora de dura\u00e7\u00e3o atingiu, nesta ter\u00e7a-feira (15), a cidade de Jo\u00e3o Monlevade, na Regi\u00e3o Central de Minas Gerais. De acordo com a Defesa Civil,&nbsp;a \u00e1gua atingiu 1,5 metro de [&hellip;]<\/p>\n","protected":false},"author":1,"featured_media":15083,"comment_status":"closed","ping_status":"","sticky":false,"template":"","format":"standard","meta":{"footnotes":""},"categories":[3],"tags":[],"class_list":["post-15082","post","type-post","status-publish","format-standard","has-post-thumbnail","hentry","category-noticias"],"_links":{"self":[{"href":"https:\/\/portalpraties.com.br\/site\/wp-json\/wp\/v2\/posts\/15082","targetHints":{"allow":["GET"]}}],"collection":[{"href":"https:\/\/portalpraties.com.br\/site\/wp-json\/wp\/v2\/posts"}],"about":[{"href":"https:\/\/portalpraties.com.br\/site\/wp-json\/wp\/v2\/types\/post"}],"author":[{"embeddable":true,"href":"https:\/\/portalpraties.com.br\/site\/wp-json\/wp\/v2\/users\/1"}],"replies":[{"embeddable":true,"href":"https:\/\/portalpraties.com.br\/site\/wp-json\/wp\/v2\/comments?post=15082"}],"version-history":[{"count":1,"href":"https:\/\/portalpraties.com.br\/site\/wp-json\/wp\/v2\/posts\/15082\/revisions"}],"predecessor-version":[{"id":15084,"href":"https:\/\/portalpraties.com.br\/site\/wp-json\/wp\/v2\/posts\/15082\/revisions\/15084"}],"wp:featuredmedia":[{"embeddable":true,"href":"https:\/\/portalpraties.com.br\/site\/wp-json\/wp\/v2\/media\/15083"}],"wp:attachment":[{"href":"https:\/\/portalpraties.com.br\/site\/wp-json\/wp\/v2\/media?parent=15082"}],"wp:term":[{"taxonomy":"category","embeddable":true,"href":"https:\/\/portalpraties.com.br\/site\/wp-json\/wp\/v2\/categories?post=15082"},{"taxonomy":"post_tag","embeddable":true,"href":"https:\/\/portalpraties.com.br\/site\/wp-json\/wp\/v2\/tags?post=15082"}],"curies":[{"name":"wp","href":"https:\/\/api.w.org\/{rel}","templated":true}]}}