{"id":16372,"date":"2023-01-06T14:31:01","date_gmt":"2023-01-06T14:31:01","guid":{"rendered":"https:\/\/portalpraties.com.br\/site\/?p=16372"},"modified":"2023-01-06T14:31:01","modified_gmt":"2023-01-06T14:31:01","slug":"morre-pele-aos-82-anos-o-maior-jogador-da-historia","status":"publish","type":"post","link":"https:\/\/portalpraties.com.br\/site\/2023\/01\/06\/morre-pele-aos-82-anos-o-maior-jogador-da-historia\/","title":{"rendered":"Morre Pel\u00e9, aos 82 anos, o maior jogador da hist\u00f3ria"},"content":{"rendered":"\n<p>O Brasil perdeu o maior \u00eddolo de sua hist\u00f3ria. O mundo perdeu hoje Pel\u00e9. O ex-jogador morreu aos 82 anos, ap\u00f3s um per\u00edodo de interna\u00e7\u00e3o no hospital Albert Einstein, em S\u00e3o Paulo. Edson Arantes do Nascimento n\u00e3o resistiu a complica\u00e7\u00f5es de um c\u00e2ncer no c\u00f3lon e morreu em decorr\u00eancia de fal\u00eancia m\u00faltipla dos \u00f3rg\u00e3os. Ele deixa seis filhos. Pel\u00e9 deu entrada no Hospital Albert Einstein, em S\u00e3o Paulo, no dia 29 de novembro para uma reavalia\u00e7\u00e3o do tratamento por quimioterapia. No \u00faltimo boletim divulgado, em 21 de dezembro, os m\u00e9dicos afirmaram que o c\u00e2ncer de c\u00f3lon havia progredido e que o rim e cora\u00e7\u00e3o de Pel\u00e9 exigiam cuidados. No boletim m\u00e9dico, o hospital Albert Einstein confirmou a morte \u00e0s 15h27 de hoje. O vel\u00f3rio de Pel\u00e9 acontecer\u00e1 na Vila Belmiro, est\u00e1dio que foi sua casa durante 18 anos. Ele ser\u00e1 enterrado no Memorial Necr\u00f3pole Ecum\u00eanica, em Santos, onde o Rei do futebol tinha um espa\u00e7o reservado desde 2003.<\/p>\n\n\n\n<h2 class=\"wp-block-heading\">O maior de todos<\/h2>\n\n\n\n<p>Principal artilheiro da hist\u00f3ria da sele\u00e7\u00e3o brasileira, com 95 gols, Pel\u00e9 \u00e9 considerado o maior jogador da hist\u00f3ria do futebol. Defendeu o Santos por quase 20 anos e, pela equipe nacional, conquistou tr\u00eas Copas do Mundo, em quatro participa\u00e7\u00f5es. Edson Arantes do Nascimento nasceu na cidade mineira de Tr\u00eas Cora\u00e7\u00f5es em 23 de outubro de 1940. No entanto, passou boa parte de inf\u00e2ncia e adolesc\u00eancia em Bauru, no interior de S\u00e3o Paulo. Foi l\u00e1 que o futuro astro do futebol come\u00e7ou a jogar, influenciado pelo pai, Dondinho. Em seguida, Pel\u00e9 fixou resid\u00eancia em Santos, mas virou um aut\u00eantico cidad\u00e3o do mundo gra\u00e7as do futebol. Primeiro, como jogador profissional. Depois da aposentadoria, em raz\u00e3o de compromissos como garoto-propaganda e embaixador do esporte. O \u00eddolo do esporte deixa seis filhos, tr\u00eas de seu casamento com Rosemeri Cholbi (Kelly Cristina, Edinho e Jennifer), dois da uni\u00e3o com Ass\u00edria Lemos (Celeste e Joshua), al\u00e9m de Fl\u00e1via Christina, fruto de uma rela\u00e7\u00e3o extraconjugal. Sandra Regina, filha que conseguiu o reconhecimento de paternidade de Pel\u00e9 na Justi\u00e7a, morreu em 2006.<\/p>\n\n\n\n<h2 class=\"wp-block-heading\">G\u00eanio da bola <\/h2>\n\n\n\n<p>Pel\u00e9 era considerado um atleta completo: chutava com as duas pernas, era forte, habilidoso, sabia cabecear, bater falta, tinha vis\u00e3o de jogo e raramente se machucava. Tinha um talento especial para cristalizar sua imagem em todos os cantos do planeta. \u00c9, de longe, a personalidade brasileira mais conhecida do mundo. J\u00e1 a vida privada ficou marcada por pol\u00eamicas (como o n\u00e3o reconhecimento da paternidade de uma de suas filhas) que mancharam sua biografia diante dos brasileiros. Politicamente, \u00e9 apontado como apoiador da ditadura civil-militar que governou o pa\u00eds durante a maior parte de sua carreira. Depois da redemocratiza\u00e7\u00e3o, foi ministro do Esporte, indicado pelo ent\u00e3o presidente Fernando Henrique Cardoso.<\/p>\n\n\n\n<h2 class=\"wp-block-heading\">Problemas de sa\u00fade<\/h2>\n\n\n\n<p>Os \u00faltimos anos da vida de Pel\u00e9 foram marcados por graves problemas de sa\u00fade. Em 2014 o ex-jogador passou alguns dias internado com um quadro de infec\u00e7\u00e3o urin\u00e1ria. No mesmo ano ele passou por uma cirurgia para retirar c\u00e1lculos renais, ureterais e vesicais, em cen\u00e1rio de obstru\u00e7\u00e3o ao fluxo urin\u00e1rio. Em 2012, Pel\u00e9 esteve internado no Albert Einstein para uma cirurgia no quadril. No procedimento, foi retirada parte do osso e colocada no lugar uma pr\u00f3tese de tit\u00e2nio e cer\u00e2mica. O ex-jogador sentia dores constantes no quadril, ao jogar t\u00eanis e at\u00e9 quando caminhava.<\/p>\n\n\n\n<p>Fonte: uol.com.br<\/p>\n","protected":false},"excerpt":{"rendered":"<p>O Brasil perdeu o maior \u00eddolo de sua hist\u00f3ria. O mundo perdeu hoje Pel\u00e9. O ex-jogador morreu aos 82 anos, ap\u00f3s um per\u00edodo de interna\u00e7\u00e3o no hospital Albert Einstein, em S\u00e3o Paulo. Edson Arantes do Nascimento n\u00e3o resistiu a complica\u00e7\u00f5es de um c\u00e2ncer no c\u00f3lon e morreu em decorr\u00eancia de fal\u00eancia m\u00faltipla dos \u00f3rg\u00e3os. Ele deixa seis filhos. Pel\u00e9 deu [&hellip;]<\/p>\n","protected":false},"author":1,"featured_media":16373,"comment_status":"closed","ping_status":"","sticky":false,"template":"","format":"standard","meta":{"footnotes":""},"categories":[3],"tags":[],"class_list":["post-16372","post","type-post","status-publish","format-standard","has-post-thumbnail","hentry","category-noticias"],"_links":{"self":[{"href":"https:\/\/portalpraties.com.br\/site\/wp-json\/wp\/v2\/posts\/16372","targetHints":{"allow":["GET"]}}],"collection":[{"href":"https:\/\/portalpraties.com.br\/site\/wp-json\/wp\/v2\/posts"}],"about":[{"href":"https:\/\/portalpraties.com.br\/site\/wp-json\/wp\/v2\/types\/post"}],"author":[{"embeddable":true,"href":"https:\/\/portalpraties.com.br\/site\/wp-json\/wp\/v2\/users\/1"}],"replies":[{"embeddable":true,"href":"https:\/\/portalpraties.com.br\/site\/wp-json\/wp\/v2\/comments?post=16372"}],"version-history":[{"count":1,"href":"https:\/\/portalpraties.com.br\/site\/wp-json\/wp\/v2\/posts\/16372\/revisions"}],"predecessor-version":[{"id":16374,"href":"https:\/\/portalpraties.com.br\/site\/wp-json\/wp\/v2\/posts\/16372\/revisions\/16374"}],"wp:featuredmedia":[{"embeddable":true,"href":"https:\/\/portalpraties.com.br\/site\/wp-json\/wp\/v2\/media\/16373"}],"wp:attachment":[{"href":"https:\/\/portalpraties.com.br\/site\/wp-json\/wp\/v2\/media?parent=16372"}],"wp:term":[{"taxonomy":"category","embeddable":true,"href":"https:\/\/portalpraties.com.br\/site\/wp-json\/wp\/v2\/categories?post=16372"},{"taxonomy":"post_tag","embeddable":true,"href":"https:\/\/portalpraties.com.br\/site\/wp-json\/wp\/v2\/tags?post=16372"}],"curies":[{"name":"wp","href":"https:\/\/api.w.org\/{rel}","templated":true}]}}