{"id":16375,"date":"2023-01-06T14:46:50","date_gmt":"2023-01-06T14:46:50","guid":{"rendered":"https:\/\/portalpraties.com.br\/site\/?p=16375"},"modified":"2023-01-06T14:46:50","modified_gmt":"2023-01-06T14:46:50","slug":"lula-toma-posse-como-presidente-da-republica","status":"publish","type":"post","link":"https:\/\/portalpraties.com.br\/site\/2023\/01\/06\/lula-toma-posse-como-presidente-da-republica\/","title":{"rendered":"Lula toma posse como presidente da Rep\u00fablica"},"content":{"rendered":"\n<p>O presidente\u00a0Luiz In\u00e1cio Lula da Silva\u00a0(PT) assumiu neste domingo, 1\u00ba de janeiro, seu terceiro mandato na Presid\u00eancia da Rep\u00fablica. O evento oficial come\u00e7ou com a chegada de convidados e autoridades estrangeiras. De acordo com o gabinete de transi\u00e7\u00e3o, est\u00e3o presentes 65 delega\u00e7\u00f5es de chefes e vices-chefes de Estado, de governo e de poder, al\u00e9m de ministros de neg\u00f3cios estrangeiros, enviados especiais e representantes de organismos internacionais.<\/p>\n\n\n\n<p>Lula e seu vice, Geraldo Alckmin (PSB), chegaram \u00e0 Catedral Metropolitana de Bras\u00edlia \u00e0s 14h30 para fazer um trajeto de 1,4 quil\u00f4metro at\u00e9 o Congresso Nacional, onde foram empossados. Por volta de 16h40, deixaram o Congresso rumo ao Pal\u00e1cio do Planalto, para a passagem da faixa presidencial.<\/p>\n\n\n\n<p>A\u00a0posse tamb\u00e9m conta com o Festival do Futuro. Mais de 60 artistas participam da programa\u00e7\u00e3o, que come\u00e7ou \u00e0s 10h nos palcos Elza Soares e Gal Costa, instalados na Esplanada dos Minist\u00e9rios. Ap\u00f3s uma pausa para cerim\u00f4nia protocolar, as atividades culturais foram retomadas, com previs\u00e3o de encerramento \u00e0s 3h30 da madrugada.<\/p>\n\n\n\n<h3 class=\"wp-block-heading\">Veja como foi a cobertura da cerim\u00f4nia de posse de Lula em tempo real:<\/h3>\n\n\n\n<p><strong>21h13 \u2013 Pel\u00e9 \u00e9 homenageado no Festival do Futuro<\/strong><\/p>\n\n\n\n<p>O jogador de futebol Pel\u00e9, que morreu em dezembro aos 82 anos, foi homenageado no Festival do Futuro.<\/p>\n\n\n\n<p><strong>21h03 \u2013 Lula chega ao Itamaraty<\/strong><\/p>\n\n\n\n<p>O presidente Lula acaba de chegar ao Itamaraty para a recep\u00e7\u00e3o das autoridades estrangeiras. O jantar \u00e9 a \u00faltima etapa da cerim\u00f4nia de posse.<\/p>\n\n\n\n<p><strong>20h21 \u2013\u00a0An\u00e1lise | Em 2003, Lula discursou sobre combate \u00e0 fome. Desta vez, falou mais em democracia<\/strong><\/p>\n\n\n\n<p>Em seu discurso de posse no Congresso neste dia 1\u00ba de janeiro, Lula falou sobre o fortalecimento da democracia, fez acenos aos outros Poderes e lembrou do passado. Em 2003, pedia ao Brasil e seu \u201cpovo maduro, calejado e otimista\u201d para empreender um mutir\u00e3o contra a fome.<\/p>\n\n\n\n<p>Naquela \u00e9poca, o assunto democracia era citado apenas para se referir a rela\u00e7\u00f5es multilaterais, enquanto agora faz men\u00e7\u00e3o a ofensivas dom\u00e9sticas. A palavra em si apareceu oito vezes no atual discurso, frente a apenas uma em 2003, quando Lula fez uma fala mais longa.<\/p>\n\n\n\n<p><strong>20h05 \u2013 Lula segue para o jantar no Itamaraty com autoridades<\/strong><\/p>\n\n\n\n<p>Ap\u00f3s dar posse para os novos ministros e ministras, Lula e Alckmin seguem para a recep\u00e7\u00e3o no Itamaraty para autoridades estrangeiras.<\/p>\n\n\n\n<p>Enquanto isso, os shows do Festival do Futuro continuam acontecendo na Esplanada dos Minist\u00e9rios.<\/p>\n\n\n\n<p><strong>19h54 \u2013\u00a0Lula determina que CGU reavalie sigilos de documentos do governo Bolsonaro<\/strong><\/p>\n\n\n\n<p>O presidente Lula assinou neste domingo despacho em que determina que a Controladoria-Geral da Uni\u00e3o (CGU) reavalie, no prazo de 30 dias, decis\u00f5es do ex-presidente Jair Bolsonaro que impuseram sigilo a documentos e informa\u00e7\u00f5es da Administra\u00e7\u00e3o P\u00fablica. <\/p>\n\n\n\n<p><strong>19h41 \u2013\u00a0An\u00e1lise | Em discursos, Lula d\u00e1 indicativos do que ser\u00e1 seu terceiro mandato<\/strong><\/p>\n\n\n\n<p>Empossado presidente da Rep\u00fablica,Lula deu indicativos do que ser\u00e1 seu terceiro mandato \u00e0 frente da Presid\u00eancia: politicamente, manter\u00e1 o tom de campanha para denunciar o que chama de \u2018desmanche\u2019 promovido pelo seu antecessor. Isso ajuda a manter sua popularidade diante de uma situa\u00e7\u00e3o desafiadora: segundo as pesquisas, ele assume com os menores \u00edndices de expectativa de sucesso desde a redemocratiza\u00e7\u00e3o.<\/p>\n\n\n\n<p>Ao mesmo tempo, tentar\u00e1 acenar para uma parcela dos eleitores de Bolsonaro no sentido de reduzir a divis\u00e3o do pa\u00eds, que, a depender da mobiliza\u00e7\u00e3o da oposi\u00e7\u00e3o, pode afetar sua governabilidade. O petista buscou separar os seus detratores em dois segmentos, destacando que apenas uma minoria seria antidemocr\u00e1tica, extremista e golpista.<\/p>\n\n\n\n<p><strong>19h26 \u2013 Lula assina seus primeiros decretos e d\u00e1 posse aos novos ministros e ministras<\/strong><\/p>\n\n\n\n<p>O presidente Lula assinou seus primeiros decretos, entre eles o que prorroga a desonera\u00e7\u00e3o de combust\u00edveis, suspende as medidas armamentistas de Bolsonaro e autoriza a CGU a rever os sigilos do ex-presidente em atos de governo. Em seguida, come\u00e7ou a assinar a posse dos 37 ministros e ministras.<\/p>\n\n\n\n<p><strong>18h32 \u2013\u00a0\u2018N\u00e3o \u00e9 hora para ressentimentos\u2019, diz Lula.<\/strong><\/p>\n\n\n\n<p><strong>18h06 \u2013 Lula e Alckmin cumprimentam autoridades<\/strong><\/p>\n\n\n\n<p>Neste momento, Lula e Alckmin est\u00e3o no Pal\u00e1cio do Planalto recebendo cumprimentos de autoridades nacionais e estrangeiras. Em seguida, dar\u00e3o posse aos pr\u00f3ximos ministros e ministras.<\/p>\n\n\n\n<p><strong>18h \u2013\u00a0\u201cChega de \u00f3dio, fake news, armas e bombas\u201d<\/strong><\/p>\n\n\n\n<p>\u201cChega de \u00f3dio, fake news, armas e bombas. Nosso povo quer paz para trabalhar, estudar, cuidar da fam\u00edlia e ser feliz. A disputa eleitoral acabou\u201d, disse Lula em seu discurso ao povo no Planalto. Ele repetiu trecho do pronunciamento que fez ap\u00f3s a vit\u00f3ria no segundo turno, em 30 de outubro, sobre a necessidade de unir o pa\u00eds. \u201cN\u00e3o existem dois brasis. Somos um \u00fanico pa\u00eds, um \u00fanico povo, uma grande na\u00e7\u00e3o\u201d, afirmou. <\/p>\n\n\n\n<p><strong>17h42 \u2013 Lula discursa ao povo e promete uni\u00e3o e reconstru\u00e7\u00e3o: \u201cViva o povo brasileiro!\u201d<\/strong><\/p>\n\n\n\n<p>Em seu discurso para o povo, Lula mais uma vez demarcou suas diferen\u00e7as com rela\u00e7\u00e3o a Bolsonaro, mas adotou um tom mais conciliat\u00f3rio ao pregar a uni\u00e3o e prometer que vai governar inclusive para quem n\u00e3o votou nele. Leia&nbsp;<a href=\"https:\/\/gabinetedatransicao.com.br\/noticias\/discurso-do-presidente-lula-no-parlatorio-do-palacio-do-planalto\/\">aqui<\/a>&nbsp;o discurso completo, em que Lula prometeu uni\u00e3o, frente ampla contra a desigualdade e reconstru\u00e7\u00e3o.<\/p>\n\n\n\n<p><strong>17h05 \u2013\u00a0Lula sobe a rampa e recebe a faixa de representantes da sociedade<\/strong><\/p>\n\n\n\n<p>Diante da aus\u00eancia do ex-presidente Jair Bolsonaro, Lula recebeu a faixa de representantes da sociedade civil brasileira que simbolizam sua diversidade. S\u00e3o eles:<\/p>\n\n\n\n<ul class=\"wp-block-list\">\n<li>Francisco, 10 anos, morador de Itaquera<\/li>\n\n\n\n<li>Aline Sousa, 33 anos, catadora<\/li>\n\n\n\n<li>Cacique Raoni<\/li>\n\n\n\n<li>Wesley Rocha, 36 anos, metal\u00fargico<\/li>\n\n\n\n<li>Murilo Jesus, 28 anos, professor<\/li>\n\n\n\n<li>Jucimara Santos, cozinheira<\/li>\n\n\n\n<li>Ivan Baron, influencer PcD<\/li>\n\n\n\n<li>Fl\u00e1vio Pereira, 50 anos, artes\u00e3o<\/li>\n<\/ul>\n\n\n\n<p>Lula recebeu a faixa de Aline, que \u00e9 uma mulher negra.<\/p>\n\n\n\n<p><strong>16h49 \u2013 Ministro da Casa Civil diz que MP com desonera\u00e7\u00f5es de combust\u00edveis deve sair hoje<\/strong><\/p>\n\n\n\n<p>O ministro da Casa Civil, Rui Costa, confirmou que o governo deve editar ainda neste domingo uma medida provis\u00f3ria com a prorroga\u00e7\u00e3o da desonera\u00e7\u00e3o de impostos federais para combust\u00edveis.<\/p>\n\n\n\n<p>Segundo Costa, no caso da gasolina, a prorroga\u00e7\u00e3o \u00e9 por 60 dias. J\u00e1 para os demais combust\u00edveis, o prazo \u00e9 indeterminado. A desonera\u00e7\u00e3o estava em vigor at\u00e9 31\/12\/2022.<\/p>\n\n\n\n<p><strong>16h45 \u2013 Lula e Alckmin seguem para o Pal\u00e1cio do Planalto<\/strong><\/p>\n\n\n\n<p>Lula, Janja, Geraldo e Lu Alckmin seguem agora em dire\u00e7\u00e3o ao Pal\u00e1cio do Planalto, onde subir\u00e3o a rampa para a passagem da faixa presidencial.<\/p>\n\n\n\n<p><strong>16h17 \u2013 Maduro n\u00e3o comparece \u00e0 posse de Lula<\/strong><\/p>\n\n\n\n<p>O\u00a0presidente da Venezuela, Nicol\u00e1s Maduro, n\u00e3o compareceu \u00e0 posse de Lula em Bras\u00edlia. O l\u00edder chavista enfrentou dificuldades para vir \u00e0 cerim\u00f4nia em raz\u00e3o de obst\u00e1culos colocados pelo governo de Jair Bolsonaro. O representante venezuelano considerou participar da solenidade ap\u00f3s uma medida que proibia a entrada de integrantes do alto escal\u00e3o do pa\u00eds no Brasil ser revogada, mas ele cancelou a viagem. Quem vir\u00e1 no seu lugar ser\u00e1 o presidente da Assembleia Nacional, Jorge Rodriguez, conforme informa\u00e7\u00f5es da imprensa.<\/p>\n\n\n\n<p><strong>16h15 \u2013 Lula assina termo de posse com caneta que ganhou de apoiador em 1989<\/strong><\/p>\n\n\n\n<p>Ao assinar o termo de posse, Lula quebrou o protocolo e utilizou uma caneta que ganhou de um apoiador em 1989 caso vencesse as elei\u00e7\u00f5es presidenciais. O presidente n\u00e3o venceu as elei\u00e7\u00f5es na \u00e9poca, e n\u00e3o utilizou a caneta nas posses dos anos de 2003 e 2007. Ao assinar a posse de seu terceiro mandato, o presidente empossado utilizou a caneta que ganhou de seu apoiador, afirmando o \u2018\u2019valor sentimental\u2019\u2019 do objeto.<\/p>\n\n\n\n<p><strong>16h14 \u2013\u00a0Em discurso de posse, Lula critica governo Bolsonaro e defende democracia<\/strong><\/p>\n\n\n\n<p>O presidente Lula fez, em seu discurso de posse no Congresso Nacional neste domingo (1\/01), uma defesa da democracia, criticou o governo de Bolsonaro \u2013 ao qual se referiu como projeto de destrui\u00e7\u00e3o nacional \u2013 e disse que trabalhar\u00e1 pela reconstru\u00e7\u00e3o do pa\u00eds. <\/p>\n\n\n\n<p><strong>15h49 \u2013 \u201cPol\u00edtica \u00e9 o caminho para a constru\u00e7\u00e3o de consensos\u201d<\/strong><\/p>\n\n\n\n<p>Lula encerrou seu discurso dizendo que \u201ca pol\u00edtica \u00e9 o caminho para a constru\u00e7\u00e3o de consensos\u201d, e que a demoniza\u00e7\u00e3o da pol\u00edtica leva ao caminho da barb\u00e1rie.<\/p>\n\n\n\n<p><strong>15h44 \u2013&nbsp;Lula anuncia que revogar\u00e1 decretos armamentistas de Bolsonaro<\/strong><\/p>\n\n\n\n<p>Lula exalta em seu discurso a diversidade brasileira.&nbsp;\u201cA alma do Brasil reside na diversidade inigual\u00e1vel da nossa gente\u201d, afirmou. Ele sublinhou que seu governo promover\u00e1 pol\u00edticas p\u00fablicas para mulheres e negros. Tamb\u00e9m anunciou que, como um dos primeiros atos de governo, revogar\u00e1 os decretos armamentistas de Bolsonaro. \u201cO povo n\u00e3o precisa de armas. O povo precisa de seguran\u00e7a, de livros e de cultura\u201d, disse. Tamb\u00e9m afirmou que os respons\u00e1veis pelas<\/p>\n\n\n\n<p><strong>15h37 \u2013 Lula fala em retomar industrializa\u00e7\u00e3o, retomar transi\u00e7\u00e3o energ\u00e9tica e zerar o desmatamento na Amaz\u00f4nia<\/strong><\/p>\n\n\n\n<p>Ao longo de seu discurso, Lula deu algumas indica\u00e7\u00f5es de suas prioridades econ\u00f4micas, como a reindustrializa\u00e7\u00e3o do pa\u00eds, a transi\u00e7\u00e3o energ\u00e9tica e zerar o desmatamento da Amaz\u00f4nia. Ele disse que uma das prioridades ser\u00e1 a de recuperar \u00e1reas de terra degradadas. \u201cN\u00e3o vamos tolerar a viol\u00eancia contra os pequenos, o desmatamento e a degrada\u00e7\u00e3o que tanto mal fizeram ao nosso pa\u00eds\u201d, afirmou.<\/p>\n\n\n\n<p><strong>15h30 \u2013 Lula diz que n\u00e3o carrega \u201c\u00e2nimo de revanche\u201d<\/strong><\/p>\n\n\n\n<p>Em seu discurso, Lula, apesar de n\u00e3o citar o nome de Bolsonaro, diz que o agora ex-presidente liderava um \u201cprojeto de destrui\u00e7\u00e3o nacional\u201d em nome de uma suposta liberdade individual. O nome disse \u00e9 \u201cbarb\u00e1rie\u201d, afirmou. \u201cA liberdade que sempre defendemos \u00e9 a de viver com dignidade\u201d. Lula tamb\u00e9m afirmou que seu governo n\u00e3o tem \u201c\u00e2nimo de revanche\u201d, mas que aqueles que cometeram atos il\u00edcitos dever\u00e3o responder na Justi\u00e7a, com direito a ampla defesa. \u201cN\u00e3o carregamos nenhum \u00e2nimo de revanche contra os que tentaram subjugar a Na\u00e7\u00e3o a seus des\u00edgnios pessoais e ideol\u00f3gicos, mas vamos garantir o primado da lei\u201d.<\/p>\n\n\n\n<p><strong>15h24 \u2013 Terceiro mandato ser\u00e1 de reconstru\u00e7\u00e3o, diz Lula<\/strong><\/p>\n\n\n\n<p>Lula sublinha que, ap\u00f3s a destrui\u00e7\u00e3o de pol\u00edticas p\u00fablicas nos \u00faltimos anos, seu terceiro mandato ser\u00e1 para a reconstru\u00e7\u00e3o dos direitos sociais e pol\u00edticos presentes na Constitui\u00e7\u00e3o de 1988. Ele afirma que o cen\u00e1rio visto pelo governo de transi\u00e7\u00e3o \u00e9 \u201cestarrecedor\u201d. \u201cAssumo o compromisso de reconstruir o pa\u00eds\u201d, discursou.<\/p>\n\n\n\n<p><strong>15h20 \u2013 Lula inicia seu discurso: \u201cA democracia foi a maior vitoriosa dessa elei\u00e7\u00e3o\u201d<\/strong><\/p>\n\n\n\n<p>Lula discursa ap\u00f3s ser empossado. \u201cA democracia foi a maior vitoriosa dessas elei\u00e7\u00f5es\u201d, diz. Ele destaca que a disputa foi marcada por uma grande mobiliza\u00e7\u00e3o de recursos p\u00fablicos para favorecer seu rival, o ex-presidente Jair Bolsonaro.<\/p>\n\n\n\n<p><strong>15h06 \u2013 Lula e Alckmin s\u00e3o empossados<\/strong><\/p>\n\n\n\n<p>Lula e Alckmin s\u00e3o oficialmente empossados presidente e vice-presidente do Brasil.<\/p>\n\n\n\n<p><strong>4h49 \u2013 Essa \u00e9 a \u00faltima posse presidencial em um 1\u00ba de janeiro<\/strong><\/p>\n\n\n\n<p>A \u00faltima cerim\u00f4nia de posse presidencial a acontecer em 1\u00ba de janeiro ser\u00e1 a de Lula. Isso porque senadores e deputados aprovaram a Emenda Constitucional 111 para modificar a data. Com isso, a partir de 2027, presidente e vice-presidente assumem os cargos no dia 5 de janeiro e governador e vice-governador, no dia 6.<\/p>\n\n\n\n<p><strong>14h46 \u2013 Lula e Alckmin chegam ao Congresso&nbsp;<\/strong><\/p>\n\n\n\n<p>Lula e Alckmin j\u00e1 est\u00e3o no Congresso, onde participar\u00e3o de sess\u00e3o solene e tomar\u00e3o posse oficialmente.<\/p>\n\n\n\n<p><strong>14h32 \u2013 Lula e Alckmin j\u00e1 est\u00e3o Rolls-Royce presidencial<\/strong><\/p>\n\n\n\n<p>Lula, Janja, Geraldo e Lu Alckmin iniciaram neste momento o cortejo em carro aberto no Rolls-Royce presidencial. Havia d\u00favidas se esse ritual seria feito num carro fechado e blindado, por motivos de seguran\u00e7a, ou em carro aberto. Prevaleceu a op\u00e7\u00e3o por manter a tradi\u00e7\u00e3o, demonstrando tamb\u00e9m a confian\u00e7a no esquema de seguran\u00e7a montado para a posse.<\/p>\n\n\n\n<p><strong>14h03 \u2013<\/strong>\u00a0<strong>Indicado para a Petrobras diz que desonera\u00e7\u00e3o dos combust\u00edveis ser\u00e1 prorrogada por mais 60 dias<\/strong><\/p>\n\n\n\n<p>O senador Jean Paul Prates (PT-RN), indicado para a presid\u00eancia da Petrobras, informou ao chegar na cerim\u00f4nia de posse do presidente Lula que deve ser editada entre hoje e amanh\u00e3 uma Medida Provis\u00f3ria prorrogando a desonera\u00e7\u00e3o de impostos federais sobre os combust\u00edveis por 60 dias, informa a rep\u00f3rter Mariana Ribas.<\/p>\n\n\n\n<p>A desonera\u00e7\u00e3o estava em vigor at\u00e9 31\/12\/2022 e houve uma oferta da gest\u00e3o Paulo Guedes de fazer a prorroga\u00e7\u00e3o, mas o futuro ministro da Fazenda, Fernando Haddad, pediu que a medida n\u00e3o fosse adotada. H\u00e1 temor no novo governo, por\u00e9m, que a volta imediata da tributa\u00e7\u00e3o possa ter um efeito sobre a infla\u00e7\u00e3o que pode prejudicar o in\u00edcio dos trabalhos.<\/p>\n\n\n\n<p><strong>13h54 \u2013 As prioridades de Lula no Senado, segundo Randolfe Rodrigues<\/strong><\/p>\n\n\n\n<p>De acordo com o senador Randolfe Rodrigues, l\u00edder do governo Lula no Congresso, a reforma tribut\u00e1ria, a reorganiza\u00e7\u00e3o administrativa e a melhoria do Bolsa Fam\u00edlia ser\u00e3o as prioridades da nova gest\u00e3o no Senado, informa a rep\u00f3rter Mariana Ribas.<\/p>\n\n\n\n<p><strong>13h46 \u2013\u00a0Secretaria dos Direitos LGBTQIA+ ser\u00e1 comandada pela travesti Symmy Larrat<\/strong><\/p>\n\n\n\n<p>O ministro dos Direitos Humanos,\u00a0Silvio Almeida, anunciou no \u00faltimo s\u00e1bado (31\/12) a nomea\u00e7\u00e3o da ativista transexual Symmy Larrat para a administra\u00e7\u00e3o da Secretaria Nacional de Promo\u00e7\u00e3o e Defesa dos Direitos das Pessoas LGBTQIA+, que ser\u00e1 criada na estrutura do Minist\u00e9rio dos Direitos Humanos. Symmy \u00e9 uma mulher transexual que se identifica como travesti.<\/p>\n\n\n\n<p><strong>13h37 \u2013 Reforma tribut\u00e1ria ser\u00e1 prioridade do governo Lula na C\u00e2mara<\/strong><\/p>\n\n\n\n<p>De acordo com o deputado federal Jos\u00e9 Guimar\u00e3es, que ser\u00e1 o l\u00edder do governo Lula na C\u00e2mara dos Deputados, a prioridade da nova gest\u00e3o na Casa ser\u00e1 a aprova\u00e7\u00e3o da reforma tribut\u00e1ria, informa a rep\u00f3rter do\u00a0<strong>JOTA<\/strong>\u00a0Mariana Ribas. Bernard Appy, um dos autores t\u00e9cnicos da\u00a0PEC 45\/2019, que tramita na C\u00e2mara, ser\u00e1 assessor especial do Minist\u00e9rio da Fazenda para reforma tribut\u00e1ria.<\/p>\n\n\n\n<p><strong>12h57 \u2013 \u200b\u200bQuem \u00e9 N\u00edsia Trindade, indicada de Lula para o Minist\u00e9rio da Sa\u00fade?<\/strong><\/p>\n\n\n\n<p>N\u00edsia Trindade Lima ser\u00e1 a primeira mulher a comandar o Minist\u00e9rio da Sa\u00fade. Foi a primeira mulher a presidir a Funda\u00e7\u00e3o Oswaldo Cruz (Fiocruz) e foi condecorada pela atua\u00e7\u00e3o durante a pandemia de Covid-19.<\/p>\n\n\n\n<p>Nascida em 1958, no Rio de Janeiro, \u00e9 graduada em Ci\u00eancias Sociais pela Universidade Estadual do Rio de Janeiro (Uerj), mestre em Ci\u00eancia Pol\u00edtica e doutora em Sociologia pelo Instituto Universit\u00e1rio de Pesquisas do Rio de Janeiro (Iuperj, atual Iesp).<\/p>\n\n\n\n<p>A pesquisadora \u00e9 servidora de carreira na Fiocruz, tendo ingressado na institui\u00e7\u00e3o em 1987. De 1999 a 2005, N\u00edsia foi diretora da Casa de Oswaldo Cruz (COC\/Fiocruz), unidade voltada para pesquisa e mem\u00f3ria em ci\u00eancias sociais, hist\u00f3ria e sa\u00fade. Tamb\u00e9m trabalhou na Editora Fiocruz de 2006 a 2011, onde implementou a Rede SciELO Livros.<\/p>\n\n\n\n<p><strong>12h02 \u2013\u00a0Haddad indica Rita Serrano para presidir Caixa e Tarciana Medeiros para o BB<\/strong><\/p>\n\n\n\n<p>O novo ministro da Fazenda, Fernando Haddad, anunciou na \u00faltima sexta-feira (30\/12) o nome de duas mulheres para presidir a Caixa Econ\u00f4mica Federal e o Banco do Brasil. Rita Serrano comandar\u00e1 a Caixa e Tarsiana Medeiros assumir\u00e1 o BB no governo Lula. Ambas s\u00e3o quadros t\u00e9cnicos e servidoras dos bancos p\u00fablicos.<\/p>\n\n\n\n<p><strong>11h44 \u2013 65 delega\u00e7\u00f5es de governos estrangeiros, com 19 chefes de Estado devem participar da posse<\/strong><\/p>\n\n\n\n<p>O presidente eleito Luiz In\u00e1cio Lula da Silva divulgou em sua conta de Twitter que 65 delega\u00e7\u00f5es de chefes de Estado, de governo e de poder estar\u00e3o presentes na posse. Est\u00e3o previstas a participa\u00e7\u00e3o de 19 chefes de Estado. S\u00e3o eles: o presidente da Alemanha, Frank-Walter Steinmeier; presidente de Angola, Jo\u00e3o Louren\u00e7o; presidente da Argentina, Alberto Fern\u00e1ndez; presidente da Bol\u00edvia, Luis Arce; presidente de Cabo Verde, Jos\u00e9 Maria Neves; presidente do Chile, Gabriel Boric; presidente da Col\u00f4mbia, Gustavo Petro; presidente do Equador, Guillermo Lasso; o rei da Espanha, Felipe VI (Felipe Juan Pablo Alfonso de Todos los Santos de Borb\u00f3n y Grecia); o presidente da Guiana, Irfaan Ali; presidente da Guin\u00e9-Bissau, Umaro Sissoco Embal\u00f3; presidente de Honduras, Xiomara Castro; presidente do Paraguai, Mario Abdo Ben\u00edtez; a presidente do Peru, Dina Boluarte; o presidente de Portugal, Marcelo Rebelo de Sousa; presidente de Suriname, Chan Santokhi;\u00a0 presidente do Timor Leste, Jos\u00e9 Ramos-Horta; p presidente do Uruguai, Luis Alberto Lacalle Pou; e o presidente do Togo, Faure Gnassingb\u00e9.<\/p>\n\n\n\n<p><strong>11h31 \u2013\u00a0Jean Paul Prates ser\u00e1 o presidente da Petrobras<\/strong><\/p>\n\n\n\n<p>Senador do PT em final de mandato, Jean Paul Prates ser\u00e1 o novo presidente da Petrobras. Ele trabalhou na regula\u00e7\u00e3o dos setores de petr\u00f3leo, energia renov\u00e1vel, biocombust\u00edveis e infraestrutura nos governos do ex-presidente Fernando Henrique Cardoso (PSDB) e de Lula. No Senado, ele foi autor de projetos envolvendo a transi\u00e7\u00e3o energ\u00e9tica e pr\u00e1ticas sustent\u00e1veis, tais como a lei que regulamenta a captura e o armazenamento de carbono (CO\u2082).\u00a0<\/p>\n\n\n\n<p><strong>10h57 \u2013\u00a0De 2003 a 2023: o quanto o Brasil mudou desde a 1\u00aa vez em que Lula foi eleito<\/strong><\/p>\n\n\n\n<p>O Brasil que o presidente eleito\u00a0Luiz In\u00e1cio Lula da Silva\u00a0(PT) assume neste domingo, 1\u00ba de janeiro, \u00e9 outro em compara\u00e7\u00e3o com o pa\u00eds que ele recebeu para administrar 20 anos atr\u00e1s, quando foi eleito pela primeira vez. De modo geral, o pa\u00eds apresenta melhora em dados socioecon\u00f4micos, como maior expectativa de vida, popula\u00e7\u00e3o levemente mais escolarizada e produto interno bruto (PIB) mais robusto.<\/p>\n\n\n\n<p>No entanto, v\u00e1rios indicadores voltaram a piorar nos \u00faltimos anos. O pa\u00eds\u00a0voltou para o Mapa da Fome, a infla\u00e7\u00e3o est\u00e1 em alta e h\u00e1 desafios no combate ao desmatamento.\u00a0<\/p>\n\n\n\n<p><strong>10h39 \u2013\u00a0Sem minist\u00e9rios, centr\u00e3o v\u00ea margem para manter cargos em segundo escal\u00e3o<\/strong><\/p>\n\n\n\n<p>A negocia\u00e7\u00e3o por 37 minist\u00e9rios n\u00e3o foi suficiente para o presidente eleito Lula formar uma base s\u00f3lida no Congresso na percep\u00e7\u00e3o de importantes lideran\u00e7as pol\u00edticas do centr\u00e3o. O maior ru\u00eddo \u00e9 na C\u00e2mara, em que a acomoda\u00e7\u00e3o de MDB, PSD e Uni\u00e3o Brasil no primeiro escal\u00e3o n\u00e3o garantiu sequer a maioria entre deputados.<\/p>\n\n\n\n<p>Ao longo do \u00faltimo m\u00eas, Lula anunciou os 26 ministros e 11 ministras de seu terceiro mandato, depois de muita negocia\u00e7\u00e3o com os partidos aliados. Entre os destaques est\u00e3o\u00a0Marina Silva\u00a0(Meio Ambiente),\u00a0Simone Tebet\u00a0(Planejamento e Or\u00e7amento),\u00a0Sonia Guajajara\u00a0(Povos Origin\u00e1rios),\u00a0Fernando Haddad\u00a0(Fazenda),\u00a0Fl\u00e1vio Dino\u00a0(Justi\u00e7a) e\u00a0N\u00edsia Trindade\u00a0(Sa\u00fade).<\/p>\n\n\n\n<p>Al\u00e9m de aliados mais tradicionais e membros da sociedade civil, Lula tamb\u00e9m buscou contemplar o MDB, o PSD e o Uni\u00e3o Brasil com tr\u00eas minist\u00e9rios para cada partido, de modo a viabilizar sua governabilidade.<\/p>\n\n\n\n<p><strong>9h43 \u2013 Se voc\u00ea vai \u00e0 posse, veja aqui como chegar e participar&nbsp;<\/strong><\/p>\n\n\n\n<p>A equipe de transi\u00e7\u00e3o preparou um manual do participante com todas as informa\u00e7\u00f5es sobre a posse de Lula e o Festival do Futuro.<\/p>\n\n\n\n<p>Fonte: jota.info<\/p>\n","protected":false},"excerpt":{"rendered":"<p>O presidente\u00a0Luiz In\u00e1cio Lula da Silva\u00a0(PT) assumiu neste domingo, 1\u00ba de janeiro, seu terceiro mandato na Presid\u00eancia da Rep\u00fablica. O evento oficial come\u00e7ou com a chegada de convidados e autoridades estrangeiras. De acordo com o gabinete de transi\u00e7\u00e3o, est\u00e3o presentes 65 delega\u00e7\u00f5es de chefes e vices-chefes de Estado, de governo e de poder, al\u00e9m de ministros de neg\u00f3cios estrangeiros, enviados [&hellip;]<\/p>\n","protected":false},"author":1,"featured_media":16376,"comment_status":"closed","ping_status":"","sticky":false,"template":"","format":"standard","meta":{"footnotes":""},"categories":[3],"tags":[],"class_list":["post-16375","post","type-post","status-publish","format-standard","has-post-thumbnail","hentry","category-noticias"],"_links":{"self":[{"href":"https:\/\/portalpraties.com.br\/site\/wp-json\/wp\/v2\/posts\/16375","targetHints":{"allow":["GET"]}}],"collection":[{"href":"https:\/\/portalpraties.com.br\/site\/wp-json\/wp\/v2\/posts"}],"about":[{"href":"https:\/\/portalpraties.com.br\/site\/wp-json\/wp\/v2\/types\/post"}],"author":[{"embeddable":true,"href":"https:\/\/portalpraties.com.br\/site\/wp-json\/wp\/v2\/users\/1"}],"replies":[{"embeddable":true,"href":"https:\/\/portalpraties.com.br\/site\/wp-json\/wp\/v2\/comments?post=16375"}],"version-history":[{"count":1,"href":"https:\/\/portalpraties.com.br\/site\/wp-json\/wp\/v2\/posts\/16375\/revisions"}],"predecessor-version":[{"id":16377,"href":"https:\/\/portalpraties.com.br\/site\/wp-json\/wp\/v2\/posts\/16375\/revisions\/16377"}],"wp:featuredmedia":[{"embeddable":true,"href":"https:\/\/portalpraties.com.br\/site\/wp-json\/wp\/v2\/media\/16376"}],"wp:attachment":[{"href":"https:\/\/portalpraties.com.br\/site\/wp-json\/wp\/v2\/media?parent=16375"}],"wp:term":[{"taxonomy":"category","embeddable":true,"href":"https:\/\/portalpraties.com.br\/site\/wp-json\/wp\/v2\/categories?post=16375"},{"taxonomy":"post_tag","embeddable":true,"href":"https:\/\/portalpraties.com.br\/site\/wp-json\/wp\/v2\/tags?post=16375"}],"curies":[{"name":"wp","href":"https:\/\/api.w.org\/{rel}","templated":true}]}}