{"id":16747,"date":"2023-01-21T23:01:41","date_gmt":"2023-01-21T23:01:41","guid":{"rendered":"https:\/\/portalpraties.com.br\/site\/?p=16747"},"modified":"2023-01-21T23:01:41","modified_gmt":"2023-01-21T23:01:41","slug":"a-a-destruicao-no-planalto-apos-a-invasao-de-extremistas","status":"publish","type":"post","link":"https:\/\/portalpraties.com.br\/site\/2023\/01\/21\/a-a-destruicao-no-planalto-apos-a-invasao-de-extremistas\/","title":{"rendered":"A a destrui\u00e7\u00e3o no Planalto ap\u00f3s a invas\u00e3o de extremistas"},"content":{"rendered":"\n<h2 class=\"wp-block-heading\">Pal\u00e1cio teve vidros quebrados e estrutura depredada; equipe de manuten\u00e7\u00e3o atuou no local<\/h2>\n\n\n\n<p>O Pal\u00e1cio do Planalto segue nesta 2\u00aa feira (9.jan.2023) com vidros quebrados, mesas reviradas, cadeiras quebradas e equipamentos jogados ao ch\u00e3o depois dos atos extremistas do 8 de Janeiro. O jornalista fotogr\u00e1fico do Poder360, S\u00e9rgio Lima, esteve no local para registrar o cen\u00e1rio. Com mais de 30 anos de carreira, o profissional cobre pol\u00edtica brasileira e acontecimentos da capital federal. No entanto, segundo sua impress\u00e3o, nunca houve nada parecido em Bras\u00edlia como as invas\u00f5es de domingo.<\/p>\n\n\n\n<p>\u201c\u00c9 uma das cenas mais tristes que eu j\u00e1 vi aqui neste Pal\u00e1cio do Planalto\u201d, disse. \u201cAs pessoas agiram com \u00f3dio, que resultou nessa destrui\u00e7\u00e3o\u201d.<\/p>\n\n\n\n<p> A equipe de manuten\u00e7\u00e3o do Planalto trabalhou no local na tarde desta 2\u00aa feira. Em seu perfil no Twitter, a primeira-dama Janja Lula da Silva postou, inclusive, um v\u00eddeo com os relatos dos funcion\u00e1rios respons\u00e1veis pela limpeza. <\/p>\n\n\n\n<p>\u201cAs pessoas t\u00eam que ter respeito com o trabalho da gente\u201d, disse uma auxiliar, cujo nome n\u00e3o foi divulgado.<\/p>\n\n\n\n<p>O presidente\u00a0Luiz In\u00e1cio Lula da Silva (PT) tamb\u00e9m divulgou um v\u00eddeo mostrando os danos ao local.<\/p>\n\n\n\n<p>Dentro da sede do Executivo, manifestantes destru\u00edram gabinetes, obras de arte, eletr\u00f4nicos, janelas, mesas e arm\u00e1rios, al\u00e9m de m\u00f3veis da sala da primeira-dama.<\/p>\n\n\n\n<figure class=\"wp-block-gallery has-nested-images columns-default is-cropped wp-block-gallery-1 is-layout-flex wp-block-gallery-is-layout-flex\">\n<figure class=\"wp-block-image size-large\"><img fetchpriority=\"high\" decoding=\"async\" width=\"2560\" height=\"1707\" data-id=\"16762\" src=\"https:\/\/portalpraties.com.br\/site\/wp-content\/uploads\/2023\/01\/PalacioDoPlanalto-Destruicao-Terreo-Apoiadores-Bolsonaro-Invasao-612-1-scaled-2.jpg\" alt=\"\" class=\"wp-image-16762\" srcset=\"https:\/\/portalpraties.com.br\/site\/wp-content\/uploads\/2023\/01\/PalacioDoPlanalto-Destruicao-Terreo-Apoiadores-Bolsonaro-Invasao-612-1-scaled-2.jpg 2560w, https:\/\/portalpraties.com.br\/site\/wp-content\/uploads\/2023\/01\/PalacioDoPlanalto-Destruicao-Terreo-Apoiadores-Bolsonaro-Invasao-612-1-scaled-2-300x200.jpg 300w, https:\/\/portalpraties.com.br\/site\/wp-content\/uploads\/2023\/01\/PalacioDoPlanalto-Destruicao-Terreo-Apoiadores-Bolsonaro-Invasao-612-1-scaled-2-768x512.jpg 768w, https:\/\/portalpraties.com.br\/site\/wp-content\/uploads\/2023\/01\/PalacioDoPlanalto-Destruicao-Terreo-Apoiadores-Bolsonaro-Invasao-612-1-scaled-2-1536x1024.jpg 1536w, https:\/\/portalpraties.com.br\/site\/wp-content\/uploads\/2023\/01\/PalacioDoPlanalto-Destruicao-Terreo-Apoiadores-Bolsonaro-Invasao-612-1-scaled-2-2048x1366.jpg 2048w, https:\/\/portalpraties.com.br\/site\/wp-content\/uploads\/2023\/01\/PalacioDoPlanalto-Destruicao-Terreo-Apoiadores-Bolsonaro-Invasao-612-1-scaled-2-600x400.jpg 600w\" sizes=\"(max-width: 2560px) 100vw, 2560px\" \/><figcaption class=\"wp-element-caption\">Terreo do Pal.do Planalto destruido apos invas\u00e3o dos apoiadores do ex-presidente Jair Bolsonaro, no domingo (08\/01)<\/figcaption><\/figure>\n\n\n\n<figure class=\"wp-block-image size-large\"><img decoding=\"async\" width=\"2560\" height=\"1707\" data-id=\"16763\" src=\"https:\/\/portalpraties.com.br\/site\/wp-content\/uploads\/2023\/01\/PalacioDoPlanalto-Destruicao-Terreo-Apoiadores-Bolsonaro-Invasao-613-1-scaled-2.jpg\" alt=\"\" class=\"wp-image-16763\" srcset=\"https:\/\/portalpraties.com.br\/site\/wp-content\/uploads\/2023\/01\/PalacioDoPlanalto-Destruicao-Terreo-Apoiadores-Bolsonaro-Invasao-613-1-scaled-2.jpg 2560w, https:\/\/portalpraties.com.br\/site\/wp-content\/uploads\/2023\/01\/PalacioDoPlanalto-Destruicao-Terreo-Apoiadores-Bolsonaro-Invasao-613-1-scaled-2-300x200.jpg 300w, https:\/\/portalpraties.com.br\/site\/wp-content\/uploads\/2023\/01\/PalacioDoPlanalto-Destruicao-Terreo-Apoiadores-Bolsonaro-Invasao-613-1-scaled-2-768x512.jpg 768w, https:\/\/portalpraties.com.br\/site\/wp-content\/uploads\/2023\/01\/PalacioDoPlanalto-Destruicao-Terreo-Apoiadores-Bolsonaro-Invasao-613-1-scaled-2-1536x1024.jpg 1536w, https:\/\/portalpraties.com.br\/site\/wp-content\/uploads\/2023\/01\/PalacioDoPlanalto-Destruicao-Terreo-Apoiadores-Bolsonaro-Invasao-613-1-scaled-2-2048x1366.jpg 2048w, https:\/\/portalpraties.com.br\/site\/wp-content\/uploads\/2023\/01\/PalacioDoPlanalto-Destruicao-Terreo-Apoiadores-Bolsonaro-Invasao-613-1-scaled-2-600x400.jpg 600w\" sizes=\"(max-width: 2560px) 100vw, 2560px\" \/><figcaption class=\"wp-element-caption\">Terreo do Pal.do Planalto destruido apos invas\u00e3o dos apoiadores do ex-presidente Jair Bolsonaro, no domingo (08\/01)<\/figcaption><\/figure>\n\n\n\n<figure class=\"wp-block-image size-large\"><img decoding=\"async\" width=\"2560\" height=\"1707\" data-id=\"16764\" src=\"https:\/\/portalpraties.com.br\/site\/wp-content\/uploads\/2023\/01\/PalacioDoPlanalto-Destruicao-Terreo-Apoiadores-Bolsonaro-Invasao-603-scaled-2.jpg\" alt=\"\" class=\"wp-image-16764\" srcset=\"https:\/\/portalpraties.com.br\/site\/wp-content\/uploads\/2023\/01\/PalacioDoPlanalto-Destruicao-Terreo-Apoiadores-Bolsonaro-Invasao-603-scaled-2.jpg 2560w, https:\/\/portalpraties.com.br\/site\/wp-content\/uploads\/2023\/01\/PalacioDoPlanalto-Destruicao-Terreo-Apoiadores-Bolsonaro-Invasao-603-scaled-2-300x200.jpg 300w, https:\/\/portalpraties.com.br\/site\/wp-content\/uploads\/2023\/01\/PalacioDoPlanalto-Destruicao-Terreo-Apoiadores-Bolsonaro-Invasao-603-scaled-2-768x512.jpg 768w, https:\/\/portalpraties.com.br\/site\/wp-content\/uploads\/2023\/01\/PalacioDoPlanalto-Destruicao-Terreo-Apoiadores-Bolsonaro-Invasao-603-scaled-2-1536x1024.jpg 1536w, https:\/\/portalpraties.com.br\/site\/wp-content\/uploads\/2023\/01\/PalacioDoPlanalto-Destruicao-Terreo-Apoiadores-Bolsonaro-Invasao-603-scaled-2-2048x1366.jpg 2048w, https:\/\/portalpraties.com.br\/site\/wp-content\/uploads\/2023\/01\/PalacioDoPlanalto-Destruicao-Terreo-Apoiadores-Bolsonaro-Invasao-603-scaled-2-600x400.jpg 600w\" sizes=\"(max-width: 2560px) 100vw, 2560px\" \/><figcaption class=\"wp-element-caption\">Terreo do Pal.do Planalto destruido apos invas\u00e3o dos apoiadores do ex-presidente Jair Bolsonaro, no domingo (08\/01)<\/figcaption><\/figure>\n\n\n\n<figure class=\"wp-block-image size-large\"><img loading=\"lazy\" decoding=\"async\" width=\"2560\" height=\"1707\" data-id=\"16765\" src=\"https:\/\/portalpraties.com.br\/site\/wp-content\/uploads\/2023\/01\/PalacioDoPlanalto-Destruicao-Terreo-Apoiadores-Bolsonaro-Invasao-609-scaled-2.jpg\" alt=\"\" class=\"wp-image-16765\" srcset=\"https:\/\/portalpraties.com.br\/site\/wp-content\/uploads\/2023\/01\/PalacioDoPlanalto-Destruicao-Terreo-Apoiadores-Bolsonaro-Invasao-609-scaled-2.jpg 2560w, https:\/\/portalpraties.com.br\/site\/wp-content\/uploads\/2023\/01\/PalacioDoPlanalto-Destruicao-Terreo-Apoiadores-Bolsonaro-Invasao-609-scaled-2-300x200.jpg 300w, https:\/\/portalpraties.com.br\/site\/wp-content\/uploads\/2023\/01\/PalacioDoPlanalto-Destruicao-Terreo-Apoiadores-Bolsonaro-Invasao-609-scaled-2-768x512.jpg 768w, https:\/\/portalpraties.com.br\/site\/wp-content\/uploads\/2023\/01\/PalacioDoPlanalto-Destruicao-Terreo-Apoiadores-Bolsonaro-Invasao-609-scaled-2-1536x1024.jpg 1536w, https:\/\/portalpraties.com.br\/site\/wp-content\/uploads\/2023\/01\/PalacioDoPlanalto-Destruicao-Terreo-Apoiadores-Bolsonaro-Invasao-609-scaled-2-2048x1366.jpg 2048w, https:\/\/portalpraties.com.br\/site\/wp-content\/uploads\/2023\/01\/PalacioDoPlanalto-Destruicao-Terreo-Apoiadores-Bolsonaro-Invasao-609-scaled-2-600x400.jpg 600w\" sizes=\"(max-width: 2560px) 100vw, 2560px\" \/><figcaption class=\"wp-element-caption\">Terreo do Pal.do Planalto destruido apos invas\u00e3o dos apoiadores do ex-presidente Jair Bolsonaro, no domingo (08\/01)<\/figcaption><\/figure>\n\n\n\n<figure class=\"wp-block-image size-large\"><img loading=\"lazy\" decoding=\"async\" width=\"2560\" height=\"1707\" data-id=\"16766\" src=\"https:\/\/portalpraties.com.br\/site\/wp-content\/uploads\/2023\/01\/PalacioDoPlanalto-Destruicao-Terreo-Apoiadores-Bolsonaro-Invasao-615-1-scaled-2.jpg\" alt=\"\" class=\"wp-image-16766\" srcset=\"https:\/\/portalpraties.com.br\/site\/wp-content\/uploads\/2023\/01\/PalacioDoPlanalto-Destruicao-Terreo-Apoiadores-Bolsonaro-Invasao-615-1-scaled-2.jpg 2560w, https:\/\/portalpraties.com.br\/site\/wp-content\/uploads\/2023\/01\/PalacioDoPlanalto-Destruicao-Terreo-Apoiadores-Bolsonaro-Invasao-615-1-scaled-2-300x200.jpg 300w, https:\/\/portalpraties.com.br\/site\/wp-content\/uploads\/2023\/01\/PalacioDoPlanalto-Destruicao-Terreo-Apoiadores-Bolsonaro-Invasao-615-1-scaled-2-768x512.jpg 768w, https:\/\/portalpraties.com.br\/site\/wp-content\/uploads\/2023\/01\/PalacioDoPlanalto-Destruicao-Terreo-Apoiadores-Bolsonaro-Invasao-615-1-scaled-2-1536x1024.jpg 1536w, https:\/\/portalpraties.com.br\/site\/wp-content\/uploads\/2023\/01\/PalacioDoPlanalto-Destruicao-Terreo-Apoiadores-Bolsonaro-Invasao-615-1-scaled-2-2048x1366.jpg 2048w, https:\/\/portalpraties.com.br\/site\/wp-content\/uploads\/2023\/01\/PalacioDoPlanalto-Destruicao-Terreo-Apoiadores-Bolsonaro-Invasao-615-1-scaled-2-600x400.jpg 600w\" sizes=\"(max-width: 2560px) 100vw, 2560px\" \/><figcaption class=\"wp-element-caption\">Terreo do Pal.do Planalto destruido apos invas\u00e3o dos apoiadores do ex-presidente Jair Bolsonaro, no domingo (08\/01)<\/figcaption><\/figure>\n\n\n\n<figure class=\"wp-block-image size-large\"><img loading=\"lazy\" decoding=\"async\" width=\"2560\" height=\"1707\" data-id=\"16767\" src=\"https:\/\/portalpraties.com.br\/site\/wp-content\/uploads\/2023\/01\/PalacioDoPlanalto-Destruicao-Terreo-Apoiadores-Bolsonaro-Invasao-616-1-scaled-2.jpg\" alt=\"\" class=\"wp-image-16767\" srcset=\"https:\/\/portalpraties.com.br\/site\/wp-content\/uploads\/2023\/01\/PalacioDoPlanalto-Destruicao-Terreo-Apoiadores-Bolsonaro-Invasao-616-1-scaled-2.jpg 2560w, https:\/\/portalpraties.com.br\/site\/wp-content\/uploads\/2023\/01\/PalacioDoPlanalto-Destruicao-Terreo-Apoiadores-Bolsonaro-Invasao-616-1-scaled-2-300x200.jpg 300w, https:\/\/portalpraties.com.br\/site\/wp-content\/uploads\/2023\/01\/PalacioDoPlanalto-Destruicao-Terreo-Apoiadores-Bolsonaro-Invasao-616-1-scaled-2-768x512.jpg 768w, https:\/\/portalpraties.com.br\/site\/wp-content\/uploads\/2023\/01\/PalacioDoPlanalto-Destruicao-Terreo-Apoiadores-Bolsonaro-Invasao-616-1-scaled-2-1536x1024.jpg 1536w, https:\/\/portalpraties.com.br\/site\/wp-content\/uploads\/2023\/01\/PalacioDoPlanalto-Destruicao-Terreo-Apoiadores-Bolsonaro-Invasao-616-1-scaled-2-2048x1366.jpg 2048w, https:\/\/portalpraties.com.br\/site\/wp-content\/uploads\/2023\/01\/PalacioDoPlanalto-Destruicao-Terreo-Apoiadores-Bolsonaro-Invasao-616-1-scaled-2-600x400.jpg 600w\" sizes=\"(max-width: 2560px) 100vw, 2560px\" \/><figcaption class=\"wp-element-caption\">Terreo do Pal.do Planalto destruido apos invas\u00e3o dos apoiadores do ex-presidente Jair Bolsonaro, no domingo (08\/01)<\/figcaption><\/figure>\n\n\n\n<figure class=\"wp-block-image size-large\"><img loading=\"lazy\" decoding=\"async\" width=\"2560\" height=\"1707\" data-id=\"16768\" src=\"https:\/\/portalpraties.com.br\/site\/wp-content\/uploads\/2023\/01\/PalacioDoPlanalto-Destruicao-Terreo-Apoiadores-Bolsonaro-Invasao-611-1-scaled-2.jpg\" alt=\"\" class=\"wp-image-16768\" srcset=\"https:\/\/portalpraties.com.br\/site\/wp-content\/uploads\/2023\/01\/PalacioDoPlanalto-Destruicao-Terreo-Apoiadores-Bolsonaro-Invasao-611-1-scaled-2.jpg 2560w, https:\/\/portalpraties.com.br\/site\/wp-content\/uploads\/2023\/01\/PalacioDoPlanalto-Destruicao-Terreo-Apoiadores-Bolsonaro-Invasao-611-1-scaled-2-300x200.jpg 300w, https:\/\/portalpraties.com.br\/site\/wp-content\/uploads\/2023\/01\/PalacioDoPlanalto-Destruicao-Terreo-Apoiadores-Bolsonaro-Invasao-611-1-scaled-2-768x512.jpg 768w, https:\/\/portalpraties.com.br\/site\/wp-content\/uploads\/2023\/01\/PalacioDoPlanalto-Destruicao-Terreo-Apoiadores-Bolsonaro-Invasao-611-1-scaled-2-1536x1024.jpg 1536w, https:\/\/portalpraties.com.br\/site\/wp-content\/uploads\/2023\/01\/PalacioDoPlanalto-Destruicao-Terreo-Apoiadores-Bolsonaro-Invasao-611-1-scaled-2-2048x1366.jpg 2048w, https:\/\/portalpraties.com.br\/site\/wp-content\/uploads\/2023\/01\/PalacioDoPlanalto-Destruicao-Terreo-Apoiadores-Bolsonaro-Invasao-611-1-scaled-2-600x400.jpg 600w\" sizes=\"(max-width: 2560px) 100vw, 2560px\" \/><figcaption class=\"wp-element-caption\">Terreo do Pal.do Planalto destruido apos invas\u00e3o dos apoiadores do ex-presidente Jair Bolsonaro, no domingo (08\/01)<\/figcaption><\/figure>\n\n\n\n<figure class=\"wp-block-image size-large\"><img loading=\"lazy\" decoding=\"async\" width=\"2560\" height=\"1707\" data-id=\"16769\" src=\"https:\/\/portalpraties.com.br\/site\/wp-content\/uploads\/2023\/01\/PalacioDoPlanalto-Destruicao-Terreo-Apoiadores-Bolsonaro-Invasao-621-scaled-2.jpg\" alt=\"\" class=\"wp-image-16769\" srcset=\"https:\/\/portalpraties.com.br\/site\/wp-content\/uploads\/2023\/01\/PalacioDoPlanalto-Destruicao-Terreo-Apoiadores-Bolsonaro-Invasao-621-scaled-2.jpg 2560w, https:\/\/portalpraties.com.br\/site\/wp-content\/uploads\/2023\/01\/PalacioDoPlanalto-Destruicao-Terreo-Apoiadores-Bolsonaro-Invasao-621-scaled-2-300x200.jpg 300w, https:\/\/portalpraties.com.br\/site\/wp-content\/uploads\/2023\/01\/PalacioDoPlanalto-Destruicao-Terreo-Apoiadores-Bolsonaro-Invasao-621-scaled-2-768x512.jpg 768w, https:\/\/portalpraties.com.br\/site\/wp-content\/uploads\/2023\/01\/PalacioDoPlanalto-Destruicao-Terreo-Apoiadores-Bolsonaro-Invasao-621-scaled-2-1536x1024.jpg 1536w, https:\/\/portalpraties.com.br\/site\/wp-content\/uploads\/2023\/01\/PalacioDoPlanalto-Destruicao-Terreo-Apoiadores-Bolsonaro-Invasao-621-scaled-2-2048x1366.jpg 2048w, https:\/\/portalpraties.com.br\/site\/wp-content\/uploads\/2023\/01\/PalacioDoPlanalto-Destruicao-Terreo-Apoiadores-Bolsonaro-Invasao-621-scaled-2-600x400.jpg 600w\" sizes=\"(max-width: 2560px) 100vw, 2560px\" \/><figcaption class=\"wp-element-caption\">Terreo do Pal.do Planalto destruido apos invas\u00e3o dos apoiadores do ex-presidente Jair Bolsonaro, no domingo (08\/01)<\/figcaption><\/figure>\n\n\n\n<figure class=\"wp-block-image size-large\"><img loading=\"lazy\" decoding=\"async\" width=\"2560\" height=\"1707\" data-id=\"16772\" src=\"https:\/\/portalpraties.com.br\/site\/wp-content\/uploads\/2023\/01\/PalacioDoPlanalto-Destruicao-Terreo-Apoiadores-Bolsonaro-Invasao-625-scaled-2.jpg\" alt=\"\" class=\"wp-image-16772\" srcset=\"https:\/\/portalpraties.com.br\/site\/wp-content\/uploads\/2023\/01\/PalacioDoPlanalto-Destruicao-Terreo-Apoiadores-Bolsonaro-Invasao-625-scaled-2.jpg 2560w, https:\/\/portalpraties.com.br\/site\/wp-content\/uploads\/2023\/01\/PalacioDoPlanalto-Destruicao-Terreo-Apoiadores-Bolsonaro-Invasao-625-scaled-2-300x200.jpg 300w, https:\/\/portalpraties.com.br\/site\/wp-content\/uploads\/2023\/01\/PalacioDoPlanalto-Destruicao-Terreo-Apoiadores-Bolsonaro-Invasao-625-scaled-2-768x512.jpg 768w, https:\/\/portalpraties.com.br\/site\/wp-content\/uploads\/2023\/01\/PalacioDoPlanalto-Destruicao-Terreo-Apoiadores-Bolsonaro-Invasao-625-scaled-2-1536x1024.jpg 1536w, https:\/\/portalpraties.com.br\/site\/wp-content\/uploads\/2023\/01\/PalacioDoPlanalto-Destruicao-Terreo-Apoiadores-Bolsonaro-Invasao-625-scaled-2-2048x1366.jpg 2048w, https:\/\/portalpraties.com.br\/site\/wp-content\/uploads\/2023\/01\/PalacioDoPlanalto-Destruicao-Terreo-Apoiadores-Bolsonaro-Invasao-625-scaled-2-600x400.jpg 600w\" sizes=\"(max-width: 2560px) 100vw, 2560px\" \/><figcaption class=\"wp-element-caption\">Terreo do Pal.do Planalto destruido apos invas\u00e3o dos apoiadores do ex-presidente Jair Bolsonaro, no domingo (08\/01)<\/figcaption><\/figure>\n\n\n\n<figure class=\"wp-block-image size-large\"><img loading=\"lazy\" decoding=\"async\" width=\"2560\" height=\"1707\" data-id=\"16771\" src=\"https:\/\/portalpraties.com.br\/site\/wp-content\/uploads\/2023\/01\/PalacioDoPlanalto-Destruicao-Terreo-Apoiadores-Bolsonaro-Invasao-631-scaled-2.jpg\" alt=\"\" class=\"wp-image-16771\" srcset=\"https:\/\/portalpraties.com.br\/site\/wp-content\/uploads\/2023\/01\/PalacioDoPlanalto-Destruicao-Terreo-Apoiadores-Bolsonaro-Invasao-631-scaled-2.jpg 2560w, https:\/\/portalpraties.com.br\/site\/wp-content\/uploads\/2023\/01\/PalacioDoPlanalto-Destruicao-Terreo-Apoiadores-Bolsonaro-Invasao-631-scaled-2-300x200.jpg 300w, https:\/\/portalpraties.com.br\/site\/wp-content\/uploads\/2023\/01\/PalacioDoPlanalto-Destruicao-Terreo-Apoiadores-Bolsonaro-Invasao-631-scaled-2-768x512.jpg 768w, https:\/\/portalpraties.com.br\/site\/wp-content\/uploads\/2023\/01\/PalacioDoPlanalto-Destruicao-Terreo-Apoiadores-Bolsonaro-Invasao-631-scaled-2-1536x1024.jpg 1536w, https:\/\/portalpraties.com.br\/site\/wp-content\/uploads\/2023\/01\/PalacioDoPlanalto-Destruicao-Terreo-Apoiadores-Bolsonaro-Invasao-631-scaled-2-2048x1366.jpg 2048w, https:\/\/portalpraties.com.br\/site\/wp-content\/uploads\/2023\/01\/PalacioDoPlanalto-Destruicao-Terreo-Apoiadores-Bolsonaro-Invasao-631-scaled-2-600x400.jpg 600w\" sizes=\"(max-width: 2560px) 100vw, 2560px\" \/><figcaption class=\"wp-element-caption\">Terreo do Pal.do Planalto destruido apos invas\u00e3o dos apoiadores do ex-presidente Jair Bolsonaro, no domingo (08\/01)<\/figcaption><\/figure>\n\n\n\n<figure class=\"wp-block-image size-large\"><img loading=\"lazy\" decoding=\"async\" width=\"848\" height=\"477\" data-id=\"16750\" src=\"https:\/\/portalpraties.com.br\/site\/wp-content\/uploads\/2023\/01\/PalacioDoPlanalto-Destruicao-Terreo-Apoiadores-Bolsonaro-Invasao-629-848x477-1.jpg\" alt=\"\" class=\"wp-image-16750\" srcset=\"https:\/\/portalpraties.com.br\/site\/wp-content\/uploads\/2023\/01\/PalacioDoPlanalto-Destruicao-Terreo-Apoiadores-Bolsonaro-Invasao-629-848x477-1.jpg 848w, https:\/\/portalpraties.com.br\/site\/wp-content\/uploads\/2023\/01\/PalacioDoPlanalto-Destruicao-Terreo-Apoiadores-Bolsonaro-Invasao-629-848x477-1-300x169.jpg 300w, https:\/\/portalpraties.com.br\/site\/wp-content\/uploads\/2023\/01\/PalacioDoPlanalto-Destruicao-Terreo-Apoiadores-Bolsonaro-Invasao-629-848x477-1-768x432.jpg 768w\" sizes=\"(max-width: 848px) 100vw, 848px\" \/><figcaption class=\"wp-element-caption\">Terreo do Pal.do Planalto destruido apos invas\u00e3o dos apoiadores do ex-presidente Jair Bolsonaro, no domingo (08\/01)<\/figcaption><\/figure>\n<\/figure>\n\n\n\n<h2 class=\"wp-block-heading\">INVAS\u00c3O AOS TR\u00caS PODERES<\/h2>\n\n\n\n<p>Por volta das 15h de domingo (8.jan.2023), extremistas de direita\u00a0invadiram o Congresso Nacional\u00a0depois de romper barreiras de prote\u00e7\u00e3o colocadas pelas for\u00e7as de seguran\u00e7a do Distrito Federal e da For\u00e7a Nacional. <\/p>\n\n\n\n<p>L\u00e1,\u00a0invadiram o Sal\u00e3o Verde da C\u00e2mara dos Deputados, \u00e1rea que d\u00e1 acesso ao plen\u00e1rio da Casa. Equipamentos de vota\u00e7\u00e3o no plen\u00e1rio foram vandalizados. <\/p>\n\n\n\n<p>Os extremistas tamb\u00e9m usaram o tapete do Senado de \u201cescorregador\u201d.<\/p>\n\n\n\n<p>Em seguida, os radicais se dirigiram ao Pal\u00e1cio do Planalto e depredaram diversas salas na sede do Poder Executivo. Por fim, invadiram o STF (Supremo Tribunal Federal). Quebraram vidros da fachada e chegaram at\u00e9 o plen\u00e1rio da Corte, onde arrancaram cadeiras do ch\u00e3o e o bras\u00e3o da rep\u00fablica. <\/p>\n\n\n\n<p>Os radicais tamb\u00e9m picharam a est\u00e1tua \u201cA Justi\u00e7a\u201d e a porta do gabinete do ministro Alexandre de Moraes. <\/p>\n\n\n\n<p>Os atos foram realizados por pessoas em sua maioria vestidas com camisetas da sele\u00e7\u00e3o brasileira de futebol, roupas nas cores da bandeira do Brasil e, \u00e0s vezes, com a pr\u00f3pria bandeira nas costas. Diziam<\/p>\n\n\n\n<p>Diziam-se patriotas e defendiam uma interven\u00e7\u00e3o militar (na pr\u00e1tica, um golpe de Estado) para derrubar o governo do presidente Luiz In\u00e1cio Lula da Silva (PT).<\/p>\n\n\n\n<h2 class=\"wp-block-heading\"> ANTES DA INVAS\u00c3O <\/h2>\n\n\n\n<p>A organiza\u00e7\u00e3o do movimento havia sido captada previamente pelo governo federal, que determinara o uso da For\u00e7a Nacional na regi\u00e3o. Pela manh\u00e3 de domingo (8.jan), 3 \u00f4nibus de agentes de seguran\u00e7a estavam mobilizados na Esplanada. Mas n\u00e3o foi suficiente para conter a invas\u00e3o dos radicais na sede do Legislativo. <\/p>\n\n\n\n<p>Durante o final de semana, dezenas de \u00f4nibus, centenas de carros e centenas de pessoas chegaram na capital federal para a manifesta\u00e7\u00e3o. Inicialmente, o grupo se concentrou na sede do Quartel-General do Ex\u00e9rcito, a 7,9 km da Pra\u00e7a dos Tr\u00eas Poderes. Depois, os radicais desceram o Eixo Monumental at\u00e9 a Esplanada dos Minist\u00e9rios a p\u00e9, escoltados pela Pol\u00edcia Militar do Distrito Federal. <\/p>\n\n\n\n<p>O acesso das avenidas foi bloqueado para ve\u00edculos. Mas n\u00e3o houve impedimento para quem passasse caminhando.<\/p>\n\n\n\n<p>Durante o domingo (8.jan), policiais realizaram revistas em pedestres que queriam ir para a Esplanada. Cada ponto de acesso de pedestres tinha uma dupla de policiais militares para fazer as revistas de bolsas e mochilas. O foco era identificar objetos cortantes, como vidro e facas. <\/p>\n\n\n\n<h2 class=\"wp-block-heading\">CONTRA LULA <\/h2>\n\n\n\n<p>Desde o resultado das elei\u00e7\u00f5es, bolsonaristas radicais ocuparam quart\u00e9is em diferentes Estados brasileiros. Eles tamb\u00e9m realizaram protestos em rodovias federais e, depois da diploma\u00e7\u00e3o de Lula, promoveram atos violentos no centro de Bras\u00edlia. Al\u00e9m disso, a pol\u00edcia achou materiais explosivos em 2 locais.<\/p>\n\n\n\n<p>Fonte: poder360.com.br<\/p>\n","protected":false},"excerpt":{"rendered":"<p>Pal\u00e1cio teve vidros quebrados e estrutura depredada; equipe de manuten\u00e7\u00e3o atuou no local O Pal\u00e1cio do Planalto segue nesta 2\u00aa feira (9.jan.2023) com vidros quebrados, mesas reviradas, cadeiras quebradas e equipamentos jogados ao ch\u00e3o depois dos atos extremistas do 8 de Janeiro. O jornalista fotogr\u00e1fico do Poder360, S\u00e9rgio Lima, esteve no local para registrar o cen\u00e1rio. Com mais de 30 [&hellip;]<\/p>\n","protected":false},"author":1,"featured_media":16752,"comment_status":"closed","ping_status":"","sticky":false,"template":"","format":"standard","meta":{"footnotes":""},"categories":[3],"tags":[],"class_list":["post-16747","post","type-post","status-publish","format-standard","has-post-thumbnail","hentry","category-noticias"],"_links":{"self":[{"href":"https:\/\/portalpraties.com.br\/site\/wp-json\/wp\/v2\/posts\/16747","targetHints":{"allow":["GET"]}}],"collection":[{"href":"https:\/\/portalpraties.com.br\/site\/wp-json\/wp\/v2\/posts"}],"about":[{"href":"https:\/\/portalpraties.com.br\/site\/wp-json\/wp\/v2\/types\/post"}],"author":[{"embeddable":true,"href":"https:\/\/portalpraties.com.br\/site\/wp-json\/wp\/v2\/users\/1"}],"replies":[{"embeddable":true,"href":"https:\/\/portalpraties.com.br\/site\/wp-json\/wp\/v2\/comments?post=16747"}],"version-history":[{"count":1,"href":"https:\/\/portalpraties.com.br\/site\/wp-json\/wp\/v2\/posts\/16747\/revisions"}],"predecessor-version":[{"id":16773,"href":"https:\/\/portalpraties.com.br\/site\/wp-json\/wp\/v2\/posts\/16747\/revisions\/16773"}],"wp:featuredmedia":[{"embeddable":true,"href":"https:\/\/portalpraties.com.br\/site\/wp-json\/wp\/v2\/media\/16752"}],"wp:attachment":[{"href":"https:\/\/portalpraties.com.br\/site\/wp-json\/wp\/v2\/media?parent=16747"}],"wp:term":[{"taxonomy":"category","embeddable":true,"href":"https:\/\/portalpraties.com.br\/site\/wp-json\/wp\/v2\/categories?post=16747"},{"taxonomy":"post_tag","embeddable":true,"href":"https:\/\/portalpraties.com.br\/site\/wp-json\/wp\/v2\/tags?post=16747"}],"curies":[{"name":"wp","href":"https:\/\/api.w.org\/{rel}","templated":true}]}}