{"id":17759,"date":"2023-03-14T17:38:23","date_gmt":"2023-03-14T17:38:23","guid":{"rendered":"https:\/\/portalpraties.com.br\/site\/?p=17759"},"modified":"2023-03-14T17:38:23","modified_gmt":"2023-03-14T17:38:23","slug":"campeonato-mineiro-tem-semifinais-definidas-com-direito-a-classico","status":"publish","type":"post","link":"https:\/\/portalpraties.com.br\/site\/2023\/03\/14\/campeonato-mineiro-tem-semifinais-definidas-com-direito-a-classico\/","title":{"rendered":"Campeonato Mineiro tem semifinais definidas com direito a cl\u00e1ssico"},"content":{"rendered":"\n<p>Est\u00e3o definidos os confrontos da semifinal do\u00a0<strong>Campeonato Mineiro<\/strong>! Atual campe\u00e3o, o\u00a0<strong>Atl\u00e9tico-MG<\/strong>\u00a0vai enfrentar o\u00a0<strong>Athletic\u00a0<\/strong>(segundo melhor colocado) e, na outra chave, o\u00a0<strong>Am\u00e9rica-MG<\/strong>\u00a0(segundo melhor primeiro) ter\u00e1 pela frente o\u00a0<strong>Cruzeiro<\/strong>\u00a0(terceiro melhor primeiro colocado).<\/p>\n\n\n\n<p>O Galo, que j\u00e1 estava garantido na semi, derrotou o Democrata GV por 3 a 0, no Mineir\u00e3o e ficou com a melhor campanha geral na lideran\u00e7a do grupo A. Com isso, ter\u00e1 a vantagem de jogar por dois empates ou vit\u00f3ria e derrota pelo mesmo saldo, na semifinal e, caso avance \u00e0 final.<a href=\"https:\/\/www.starplus.com\/pt-br\/welcome\/combo-plus?cid=DTCI_STAR-Synergy-ESPN-Site-Onboarding-StarPlus-BR-StarPlus-NA-PTBR-NA-inlinecomboplus-NA\"><\/a><\/p>\n\n\n\n<p>J\u00e1 o Am\u00e9rica acabou como l\u00edder do grupo B, com 18 pontos. O Coelho venceu o Tombense por 3 a 1 e ajudou o Cruzeiro, que ser\u00e1 o seu advers\u00e1rio na semi. A Raposa empatou em 1 a 1 com o Democrata SL.<\/p>\n\n\n\n<p>As partidas da semifinal est\u00e3o marcadas para os dias 11\/12 e 18\/19 de mar\u00e7o, em jogos de ida e volta. A Federa\u00e7\u00e3o Mineira de Futebol (FMF) vai ainda divulgar as datas e hor\u00e1rios dos confrontos.<\/p>\n\n\n\n<h2 class=\"wp-block-heading\">Veja as semifinais do Campeonato Mineiro:<\/h2>\n\n\n\n<p>Atl\u00e9tico-MG x Athletic<\/p>\n\n\n\n<p>Am\u00e9rica-MG x Cruzeiro<\/p>\n\n\n\n<p>*Times \u00e0 esquerda decidem o confronto em casa.<\/p>\n","protected":false},"excerpt":{"rendered":"<p>Est\u00e3o definidos os confrontos da semifinal do\u00a0Campeonato Mineiro! Atual campe\u00e3o, o\u00a0Atl\u00e9tico-MG\u00a0vai enfrentar o\u00a0Athletic\u00a0(segundo melhor colocado) e, na outra chave, o\u00a0Am\u00e9rica-MG\u00a0(segundo melhor primeiro) ter\u00e1 pela frente o\u00a0Cruzeiro\u00a0(terceiro melhor primeiro colocado). O Galo, que j\u00e1 estava garantido na semi, derrotou o Democrata GV por 3 a 0, no Mineir\u00e3o e ficou com a melhor campanha geral na lideran\u00e7a do grupo A. Com [&hellip;]<\/p>\n","protected":false},"author":1,"featured_media":17760,"comment_status":"closed","ping_status":"","sticky":false,"template":"","format":"standard","meta":{"footnotes":""},"categories":[3],"tags":[],"class_list":["post-17759","post","type-post","status-publish","format-standard","has-post-thumbnail","hentry","category-noticias"],"_links":{"self":[{"href":"https:\/\/portalpraties.com.br\/site\/wp-json\/wp\/v2\/posts\/17759","targetHints":{"allow":["GET"]}}],"collection":[{"href":"https:\/\/portalpraties.com.br\/site\/wp-json\/wp\/v2\/posts"}],"about":[{"href":"https:\/\/portalpraties.com.br\/site\/wp-json\/wp\/v2\/types\/post"}],"author":[{"embeddable":true,"href":"https:\/\/portalpraties.com.br\/site\/wp-json\/wp\/v2\/users\/1"}],"replies":[{"embeddable":true,"href":"https:\/\/portalpraties.com.br\/site\/wp-json\/wp\/v2\/comments?post=17759"}],"version-history":[{"count":1,"href":"https:\/\/portalpraties.com.br\/site\/wp-json\/wp\/v2\/posts\/17759\/revisions"}],"predecessor-version":[{"id":17761,"href":"https:\/\/portalpraties.com.br\/site\/wp-json\/wp\/v2\/posts\/17759\/revisions\/17761"}],"wp:featuredmedia":[{"embeddable":true,"href":"https:\/\/portalpraties.com.br\/site\/wp-json\/wp\/v2\/media\/17760"}],"wp:attachment":[{"href":"https:\/\/portalpraties.com.br\/site\/wp-json\/wp\/v2\/media?parent=17759"}],"wp:term":[{"taxonomy":"category","embeddable":true,"href":"https:\/\/portalpraties.com.br\/site\/wp-json\/wp\/v2\/categories?post=17759"},{"taxonomy":"post_tag","embeddable":true,"href":"https:\/\/portalpraties.com.br\/site\/wp-json\/wp\/v2\/tags?post=17759"}],"curies":[{"name":"wp","href":"https:\/\/api.w.org\/{rel}","templated":true}]}}