{"id":19504,"date":"2023-05-04T13:48:58","date_gmt":"2023-05-04T13:48:58","guid":{"rendered":"https:\/\/portalpraties.com.br\/site\/?p=19504"},"modified":"2023-05-06T15:18:30","modified_gmt":"2023-05-06T15:18:30","slug":"18-de-maio-dia-nacional-da-luta-antimanicomial","status":"publish","type":"post","link":"https:\/\/portalpraties.com.br\/site\/2023\/05\/04\/18-de-maio-dia-nacional-da-luta-antimanicomial\/","title":{"rendered":"18 DE MAIO &#8211; DIA NACIONAL DA LUTA ANTIMANICOMIAL"},"content":{"rendered":"\n<p>O dia 18 de maio (quinta-feira) marca o Dia Nacional da Luta Antimanicomial.<\/p>\n\n\n\n<p>A luta pelos direitos das pessoas com sofrimento mental ganhou impulso no Brasil na d\u00e9cada de 1970, organizada por trabalhadoras e trabalhadores, em especial da sa\u00fade, movimentos sociais e sindicais e pessoas que passaram por interna\u00e7\u00f5es psiqui\u00e1tricas e seus familiares. Em 1987, durante encontro de trabalhadores da sa\u00fade mental, realizado em Bauru (SP), se definiu que haveria um dia nacional de lutas e se discutiu as bases de uma proposta de reforma no sistema psiqui\u00e1trico brasileiro.&nbsp;<\/p>\n\n\n\n<p>\u201cO manic\u00f4mio \u00e9 express\u00e3o de uma estrutura presente nos diversos mecanismos de opress\u00e3o desse tipo de sociedade. A opress\u00e3o nas f\u00e1bricas, nas institui\u00e7\u00f5es de adolescentes, nos c\u00e1rceres, a discrimina\u00e7\u00e3o contra negros, homossexuais, \u00edndios, mulheres\u201d, caracteriza o Manifesto de Bauru, documento do evento de 1987, considerado um dos marcos fundantes da luta antimanicomial brasileira.<\/p>\n\n\n\n<p>\u201cLutar pelos direitos dos doentes mentais significa incorporar-se \u00e0 luta de todos os trabalhadores por seus direitos m\u00ednimos \u00e0 sa\u00fade, justi\u00e7a e melhores condi\u00e7\u00f5es de vida\u201d, defende o manifesto.<\/p>\n\n\n\n<p><strong>Os principais desafios do movimento s\u00e3o:<\/strong><\/p>\n\n\n\n<ul class=\"wp-block-list\">\n<li>A rela\u00e7\u00e3o ou articula\u00e7\u00e3o entre os diferentes atores, interesses e identidades.<\/li>\n\n\n\n<li>A combina\u00e7\u00e3o de diferentes estrat\u00e9gias de organiza\u00e7\u00e3o e luta, rompendo com perspectivas manique\u00edstas que optam ou pela inser\u00e7\u00e3o institucional ou pela mobiliza\u00e7\u00e3o social.<\/li>\n\n\n\n<li>A articula\u00e7\u00e3o com a pol\u00edtica partid\u00e1ria e com os atores governamentais, tendo em vista transformar as representa\u00e7\u00f5es sociais.<\/li>\n\n\n\n<li>A articula\u00e7\u00e3o em forma de redes, a utiliza\u00e7\u00e3o da m\u00eddia, a realiza\u00e7\u00e3o de cursos e projetos de qualifica\u00e7\u00e3o s\u00e3o, entre outros, importantes medidas neste sentido.<\/li>\n\n\n\n<li>Al\u00e9m disso, problema tamb\u00e9m recorrente nos movimentos sociais de maneira geral, a quest\u00e3o do financiamento requer a discuss\u00e3o de como captar recursos para campanhas, encontros e realiza\u00e7\u00e3o de projetos, entre outros.<\/li>\n\n\n\n<li>E, por \u00faltimo, a necessidade de estabelecer um processo de avalia\u00e7\u00e3o da a\u00e7\u00e3o coletiva, j\u00e1 que os rumos do movimento necessitam ser mais discutidos entre si, suas perspectivas e suas responsabilidades.<\/li>\n<\/ul>\n\n\n\n<p>(L\u00fcchmann, L.H.H. &amp; Rodrigues, J \u2013 2007)<\/p>\n\n\n\n<p>O Movimento da Luta antimanicomial alcan\u00e7ou progressos formid\u00e1veis nesses 34 anos de exist\u00eancia. Apesar dos retrocessos recentes quanto ao corte de verba no SUS ao programa de sa\u00fade mental p\u00fablico, cada vez mais organiza\u00e7\u00f5es lutam pela reformula\u00e7\u00e3o dos ideais do sistema psiqui\u00e1trico.<\/p>\n\n\n\n<p>Fonte: blog.cenatcursos.com.br<\/p>\n\n\n\n<figure class=\"wp-block-image size-full\"><img fetchpriority=\"high\" decoding=\"async\" width=\"1080\" height=\"1080\" src=\"https:\/\/portalpraties.com.br\/site\/wp-content\/uploads\/2023\/05\/18-DE-MAIO.png\" alt=\"\" class=\"wp-image-19838\" srcset=\"https:\/\/portalpraties.com.br\/site\/wp-content\/uploads\/2023\/05\/18-DE-MAIO.png 1080w, https:\/\/portalpraties.com.br\/site\/wp-content\/uploads\/2023\/05\/18-DE-MAIO-300x300.png 300w, https:\/\/portalpraties.com.br\/site\/wp-content\/uploads\/2023\/05\/18-DE-MAIO-150x150.png 150w, https:\/\/portalpraties.com.br\/site\/wp-content\/uploads\/2023\/05\/18-DE-MAIO-768x768.png 768w\" sizes=\"(max-width: 1080px) 100vw, 1080px\" \/><\/figure>\n","protected":false},"excerpt":{"rendered":"<p>O dia 18 de maio (quinta-feira) marca o Dia Nacional da Luta Antimanicomial. A luta pelos direitos das pessoas com sofrimento mental ganhou impulso no Brasil na d\u00e9cada de 1970, organizada por trabalhadoras e trabalhadores, em especial da sa\u00fade, movimentos sociais e sindicais e pessoas que passaram por interna\u00e7\u00f5es psiqui\u00e1tricas e seus familiares. Em 1987, durante encontro de trabalhadores da [&hellip;]<\/p>\n","protected":false},"author":1,"featured_media":19505,"comment_status":"closed","ping_status":"","sticky":false,"template":"","format":"standard","meta":{"footnotes":""},"categories":[3],"tags":[],"class_list":["post-19504","post","type-post","status-publish","format-standard","has-post-thumbnail","hentry","category-noticias"],"_links":{"self":[{"href":"https:\/\/portalpraties.com.br\/site\/wp-json\/wp\/v2\/posts\/19504","targetHints":{"allow":["GET"]}}],"collection":[{"href":"https:\/\/portalpraties.com.br\/site\/wp-json\/wp\/v2\/posts"}],"about":[{"href":"https:\/\/portalpraties.com.br\/site\/wp-json\/wp\/v2\/types\/post"}],"author":[{"embeddable":true,"href":"https:\/\/portalpraties.com.br\/site\/wp-json\/wp\/v2\/users\/1"}],"replies":[{"embeddable":true,"href":"https:\/\/portalpraties.com.br\/site\/wp-json\/wp\/v2\/comments?post=19504"}],"version-history":[{"count":2,"href":"https:\/\/portalpraties.com.br\/site\/wp-json\/wp\/v2\/posts\/19504\/revisions"}],"predecessor-version":[{"id":19839,"href":"https:\/\/portalpraties.com.br\/site\/wp-json\/wp\/v2\/posts\/19504\/revisions\/19839"}],"wp:featuredmedia":[{"embeddable":true,"href":"https:\/\/portalpraties.com.br\/site\/wp-json\/wp\/v2\/media\/19505"}],"wp:attachment":[{"href":"https:\/\/portalpraties.com.br\/site\/wp-json\/wp\/v2\/media?parent=19504"}],"wp:term":[{"taxonomy":"category","embeddable":true,"href":"https:\/\/portalpraties.com.br\/site\/wp-json\/wp\/v2\/categories?post=19504"},{"taxonomy":"post_tag","embeddable":true,"href":"https:\/\/portalpraties.com.br\/site\/wp-json\/wp\/v2\/tags?post=19504"}],"curies":[{"name":"wp","href":"https:\/\/api.w.org\/{rel}","templated":true}]}}