{"id":20425,"date":"2023-05-26T23:09:24","date_gmt":"2023-05-26T23:09:24","guid":{"rendered":"https:\/\/portalpraties.com.br\/site\/?p=20425"},"modified":"2023-05-26T23:09:24","modified_gmt":"2023-05-26T23:09:24","slug":"ofensas-a-vinicius-jr-fazem-parte-de-historico-de-racismo-no-futebol","status":"publish","type":"post","link":"https:\/\/portalpraties.com.br\/site\/2023\/05\/26\/ofensas-a-vinicius-jr-fazem-parte-de-historico-de-racismo-no-futebol\/","title":{"rendered":"Ofensas a Vinicius Jr. fazem parte de hist\u00f3rico de racismo no futebol"},"content":{"rendered":"\n<p>A repercuss\u00e3o dos ataques racistas direcionados ao atacante Vinicius J\u00fanior, do Real Madrid, no duelo com o Val\u00eancia pelo Campeonato Espanhol no \u00faltimo domingo (21), mostra que este n\u00e3o \u00e9 um fato isolado. Nos \u00faltimos anos, foram v\u00e1rios os casos de racismo contra atletas brasileiros no futebol europeu, dentro e fora de campo, mas que n\u00e3o se limitam ao Velho Continente. Eles tamb\u00e9m avan\u00e7aram no Brasil.<img decoding=\"async\" src=\"https:\/\/agenciabrasil.ebc.com.br\/ebc.png?id=1535187&amp;o=node\"><img decoding=\"async\" src=\"https:\/\/agenciabrasil.ebc.com.br\/ebc.gif?id=1535187&amp;o=node\"><\/p>\n\n\n\n<p>Daniel Alves, Taison, Dentinho, Neymar, Roberto Carlos, Malcom, Richarlison, Hulk. Todos eles j\u00e1 foram v\u00edtimas de racismo na Europa, de bananas atiradas no gramado a sons que imitam os de um macaco nas arquibancadas. A mesma Espanha na qual Vinicius J\u00fanior tem sofrido com manifesta\u00e7\u00f5es racistas e de \u00f3dio foi palco de boa parte destes ataques.<\/p>\n\n\n\n<figure class=\"wp-block-image size-full\"><img fetchpriority=\"high\" decoding=\"async\" width=\"754\" height=\"1922\" src=\"https:\/\/portalpraties.com.br\/site\/wp-content\/uploads\/2023\/05\/racismo_futebol_internacional_1.png\" alt=\"\" class=\"wp-image-20426\" srcset=\"https:\/\/portalpraties.com.br\/site\/wp-content\/uploads\/2023\/05\/racismo_futebol_internacional_1.png 754w, https:\/\/portalpraties.com.br\/site\/wp-content\/uploads\/2023\/05\/racismo_futebol_internacional_1-118x300.png 118w, https:\/\/portalpraties.com.br\/site\/wp-content\/uploads\/2023\/05\/racismo_futebol_internacional_1-603x1536.png 603w\" sizes=\"(max-width: 754px) 100vw, 754px\" \/><\/figure>\n\n\n\n<blockquote class=\"wp-block-quote is-layout-flow wp-block-quote-is-layout-flow\">\n<p><em>\u201cO Vin\u00edcius tem sido uma voz quase isolada na luta contra o racismo no Campeonato Espanhol. As institui\u00e7\u00f5es espanholas fazem olhos de mercadores e n\u00e3o tomam atitudes e pol\u00edticas duras contra o racismo. Das dez den\u00fancias feitas pelo Vinicius [desde 2021], tr\u00eas foram arquivadas pela liga espanhola. Isso faz com que a liga seja uma aliada do racismo na Espanha&#8221;, completou Santana, que \u00e9 autor do livro &#8220;Desculpas, meu \u00eddolo Barbosa&#8221;.<\/em><\/p>\n<\/blockquote>\n\n\n\n<h2 class=\"wp-block-heading\">Brasil&nbsp;<\/h2>\n\n\n\n<p>O racismo no esporte mais popular do mundo, por\u00e9m, n\u00e3o se limita \u00e0 Europa. No Brasil, a pr\u00e1tica avan\u00e7a de maneira preocupante. Segundo levantamento do Observat\u00f3rio da Discrimina\u00e7\u00e3o Racial do Futebol, foram registrados 90 casos de ofensas raciais em 2022, contra 64 em 2021. Um aumento de 40%.<\/p>\n\n\n\n<p>Em janeiro deste ano, o presidente Luiz In\u00e1cio Lula da Silva sancionou a Lei 14.532, que tipifica a inj\u00faria racial como&nbsp;crime de racismo, que j\u00e1 era considerado delito no pa\u00eds, pela Lei 7.716, de 1989. O Regulamento Geral de Competi\u00e7\u00f5es da Confedera\u00e7\u00e3o Brasileira de Futebol (CBF) para 2023 indica puni\u00e7\u00e3o a casos de discrimina\u00e7\u00e3o, que pode variar de uma advert\u00eancia at\u00e9 a perda de pontos.<\/p>\n\n\n\n<p>No pa\u00eds, um dos casos mais marcantes ocorreu em 2014, envolvendo o hoje ex-goleiro Aranha. \u00c0 \u00e9poca no Santos, ele foi alvo de ofensas racistas de torcedores do Gr\u00eamio na partida de ida do confronto pelas oitavas de final da Copa do Brasil, na Arena do time ga\u00facho, em Porto Alegre. Os xingamentos, inicialmente, n\u00e3o constaram na s\u00famula do \u00e1rbitro Wilton Pereira Sampaio, sendo feito um adendo ao documento, enfim citando a ocorr\u00eancia.\u00a0Em decis\u00e3o in\u00e9dita, o Superior Tribunal de Justi\u00e7a Desportiva (SJTD) excluiu o Tricolor do torneio nacional antes mesmo do jogo de volta.<\/p>\n\n\n\n<p>De l\u00e1 para c\u00e1, apesar do aumento dos casos, n\u00e3o houve igual puni\u00e7\u00e3o. Em agosto de 2021, o Brusque chegou a perder tr\u00eas pontos durante a S\u00e9rie B do Campeonato Brasileiro, por causa de ofensas racistas de um dirigente ao atacante Celsinho, do Londrina, em duelo no Est\u00e1dio Augusto Bauer, em Brusque (SC).\u00a0Em novembro, por\u00e9m, o STJD acabou devolvendo os pontos ao clube de Santa Catarina.<\/p>\n\n\n\n<p>Fonte: agenciabrasil.ebc.com.br<\/p>\n","protected":false},"excerpt":{"rendered":"<p>A repercuss\u00e3o dos ataques racistas direcionados ao atacante Vinicius J\u00fanior, do Real Madrid, no duelo com o Val\u00eancia pelo Campeonato Espanhol no \u00faltimo domingo (21), mostra que este n\u00e3o \u00e9 um fato isolado. Nos \u00faltimos anos, foram v\u00e1rios os casos de racismo contra atletas brasileiros no futebol europeu, dentro e fora de campo, mas que n\u00e3o se limitam ao Velho [&hellip;]<\/p>\n","protected":false},"author":1,"featured_media":20427,"comment_status":"closed","ping_status":"","sticky":false,"template":"","format":"standard","meta":{"footnotes":""},"categories":[3],"tags":[],"class_list":["post-20425","post","type-post","status-publish","format-standard","has-post-thumbnail","hentry","category-noticias"],"_links":{"self":[{"href":"https:\/\/portalpraties.com.br\/site\/wp-json\/wp\/v2\/posts\/20425","targetHints":{"allow":["GET"]}}],"collection":[{"href":"https:\/\/portalpraties.com.br\/site\/wp-json\/wp\/v2\/posts"}],"about":[{"href":"https:\/\/portalpraties.com.br\/site\/wp-json\/wp\/v2\/types\/post"}],"author":[{"embeddable":true,"href":"https:\/\/portalpraties.com.br\/site\/wp-json\/wp\/v2\/users\/1"}],"replies":[{"embeddable":true,"href":"https:\/\/portalpraties.com.br\/site\/wp-json\/wp\/v2\/comments?post=20425"}],"version-history":[{"count":1,"href":"https:\/\/portalpraties.com.br\/site\/wp-json\/wp\/v2\/posts\/20425\/revisions"}],"predecessor-version":[{"id":20428,"href":"https:\/\/portalpraties.com.br\/site\/wp-json\/wp\/v2\/posts\/20425\/revisions\/20428"}],"wp:featuredmedia":[{"embeddable":true,"href":"https:\/\/portalpraties.com.br\/site\/wp-json\/wp\/v2\/media\/20427"}],"wp:attachment":[{"href":"https:\/\/portalpraties.com.br\/site\/wp-json\/wp\/v2\/media?parent=20425"}],"wp:term":[{"taxonomy":"category","embeddable":true,"href":"https:\/\/portalpraties.com.br\/site\/wp-json\/wp\/v2\/categories?post=20425"},{"taxonomy":"post_tag","embeddable":true,"href":"https:\/\/portalpraties.com.br\/site\/wp-json\/wp\/v2\/tags?post=20425"}],"curies":[{"name":"wp","href":"https:\/\/api.w.org\/{rel}","templated":true}]}}