{"id":24303,"date":"2023-08-12T21:00:39","date_gmt":"2023-08-12T21:00:39","guid":{"rendered":"https:\/\/portalpraties.com.br\/site\/?p=24303"},"modified":"2023-08-12T21:00:39","modified_gmt":"2023-08-12T21:00:39","slug":"queimadas-da-vegetacao-em-minas-gerais-causam-grandes-prejuizos","status":"publish","type":"post","link":"https:\/\/portalpraties.com.br\/site\/2023\/08\/12\/queimadas-da-vegetacao-em-minas-gerais-causam-grandes-prejuizos\/","title":{"rendered":"Queimadas da vegeta\u00e7\u00e3o em Minas Gerais causam grandes prejuizos"},"content":{"rendered":"\n<p>Mais de 4.300 ocorr\u00eancias de queimadas consumiram \u00e1reas verdes distribu\u00eddas pelo mapa de Minas Gerais at\u00e9 22 de junho deste ano, e a proje\u00e7\u00e3o \u00e9 de que a situa\u00e7\u00e3o piore durante os meses de inverno, esta\u00e7\u00e3o que come\u00e7ou no \u00faltimo dia 21. Apenas at\u00e9 o meio do m\u00eas passado, o Corpo de Bombeiros foi acionado para atuar em 1.147 focos de inc\u00eandio. Em duas dezenas delas, os militares tiveram de combater chamas em unidades de conserva\u00e7\u00e3o.<\/p>\n\n\n\n<p><strong>as queimadas destroem o ecossistema local. Provocam a morte de animais e destroem seus ninhos, eliminando mais de uma gera\u00e7\u00e3o de alguns exemplares da fauna local, e, conforme a dimens\u00e3o, trazem grandes preju\u00edzos para a biodiversidade.<\/strong><br>Al\u00e9m desses preju\u00edzos, as queimadas tamb\u00e9m provocam uma s\u00e9rie de outros impactos ambientais.<br><strong>O calor do fogo das queimadas altera as caracter\u00edsticas f\u00edsicas e qu\u00edmicas do solo. Elimina os microrganismos respons\u00e1veis pela transforma\u00e7\u00e3o e decomposi\u00e7\u00e3o da mat\u00e9ria org\u00e2nica e pela ciclagem de nutrientes no solo, diminuindo a atividade biol\u00f3gica.<\/strong><br>Queimadas provocam a redu\u00e7\u00e3o da fertilidade pela perda de nutrientes por lixivia\u00e7\u00e3o e altera o pH do solo. Diminui a capacidade de infiltra\u00e7\u00e3o de \u00e1gua do solo, provocando o seu ressecamento, podendo levar \u00e0 desertifica\u00e7\u00e3o. A fuma\u00e7a causa polui\u00e7\u00e3o da atmosfera, alterando a qualidade do ar, provocando danos \u00e0 sa\u00fade das pessoas locais. Prejudica a visibilidade nas rodovias provocando acidentes de tr\u00e2nsito.<\/p>\n\n\n\n<p><br><strong>A pr\u00e1tica das queimadas aumenta a emiss\u00e3o de gases de efeito estufa, contribuindo para as altera\u00e7\u00f5es clim\u00e1ticas.<\/strong><\/p>\n","protected":false},"excerpt":{"rendered":"<p>Mais de 4.300 ocorr\u00eancias de queimadas consumiram \u00e1reas verdes distribu\u00eddas pelo mapa de Minas Gerais at\u00e9 22 de junho deste ano, e a proje\u00e7\u00e3o \u00e9 de que a situa\u00e7\u00e3o piore durante os meses de inverno, esta\u00e7\u00e3o que come\u00e7ou no \u00faltimo dia 21. Apenas at\u00e9 o meio do m\u00eas passado, o Corpo de Bombeiros foi acionado para atuar em 1.147 focos [&hellip;]<\/p>\n","protected":false},"author":1,"featured_media":24304,"comment_status":"closed","ping_status":"","sticky":false,"template":"","format":"standard","meta":{"footnotes":""},"categories":[3],"tags":[],"class_list":["post-24303","post","type-post","status-publish","format-standard","has-post-thumbnail","hentry","category-noticias"],"_links":{"self":[{"href":"https:\/\/portalpraties.com.br\/site\/wp-json\/wp\/v2\/posts\/24303","targetHints":{"allow":["GET"]}}],"collection":[{"href":"https:\/\/portalpraties.com.br\/site\/wp-json\/wp\/v2\/posts"}],"about":[{"href":"https:\/\/portalpraties.com.br\/site\/wp-json\/wp\/v2\/types\/post"}],"author":[{"embeddable":true,"href":"https:\/\/portalpraties.com.br\/site\/wp-json\/wp\/v2\/users\/1"}],"replies":[{"embeddable":true,"href":"https:\/\/portalpraties.com.br\/site\/wp-json\/wp\/v2\/comments?post=24303"}],"version-history":[{"count":1,"href":"https:\/\/portalpraties.com.br\/site\/wp-json\/wp\/v2\/posts\/24303\/revisions"}],"predecessor-version":[{"id":24305,"href":"https:\/\/portalpraties.com.br\/site\/wp-json\/wp\/v2\/posts\/24303\/revisions\/24305"}],"wp:featuredmedia":[{"embeddable":true,"href":"https:\/\/portalpraties.com.br\/site\/wp-json\/wp\/v2\/media\/24304"}],"wp:attachment":[{"href":"https:\/\/portalpraties.com.br\/site\/wp-json\/wp\/v2\/media?parent=24303"}],"wp:term":[{"taxonomy":"category","embeddable":true,"href":"https:\/\/portalpraties.com.br\/site\/wp-json\/wp\/v2\/categories?post=24303"},{"taxonomy":"post_tag","embeddable":true,"href":"https:\/\/portalpraties.com.br\/site\/wp-json\/wp\/v2\/tags?post=24303"}],"curies":[{"name":"wp","href":"https:\/\/api.w.org\/{rel}","templated":true}]}}