{"id":26307,"date":"2023-10-23T01:16:10","date_gmt":"2023-10-23T01:16:10","guid":{"rendered":"https:\/\/portalpraties.com.br\/site\/?p=26307"},"modified":"2023-10-23T01:16:10","modified_gmt":"2023-10-23T01:16:10","slug":"12-de-outubro-dia-de-nossa-senhora-aparecida-padroeira-do-brasil","status":"publish","type":"post","link":"https:\/\/portalpraties.com.br\/site\/2023\/10\/23\/12-de-outubro-dia-de-nossa-senhora-aparecida-padroeira-do-brasil\/","title":{"rendered":"12 de outubro &#8211; Dia de Nossa Senhora Aparecida, padroeira do Brasil"},"content":{"rendered":"\n<p><br>De acordo com a lenda, no ano de 1.717, pescadores lan\u00e7aram suas redes no Rio Para\u00edba do Sul, com o objetivo de pescar peixes grandes para um jantar especial para o Conde de Assumar.<br>Eles tentaram, mas n\u00e3o estavam conseguindo pescar nada. Quando j\u00e1 estavam quase desistindo, um pescador chamado Jo\u00e3o Alves apanhou uma imagem de Nossa Senhora da Concei\u00e7\u00e3o, primeiro o corpo e depois a cabe\u00e7a, e enrolou-a em um manto. Em seguida, as suas redes, que at\u00e9 ent\u00e3o estavam vazias, come\u00e7aram a ficar lotadas de peixes.<br>Dezessete anos depois do achado, foi constru\u00edda a primeira capela que rapidamente se tornou um ponto de peregrina\u00e7\u00e3o para os viajantes.\u00a0<br>Em 1.868, a Princesa Isabel ofertou um manto azul e uma coroa cravejada de diamantes \u00e0 imagem.<br>Nossa Senhora da Concei\u00e7\u00e3o Aparecida foi proclamada Rainha do Brasil e sua Padroeira Oficial em 16 de julho de 1930, por decreto do Papa Pio e, 50 anos depois, foi decretado oficialmente que o dia 12 de outubro seria feriado oficial no pa\u00eds.<br>J\u00e1 em rela\u00e7\u00e3o ao Dia das Crian\u00e7as, tamb\u00e9m de acordo com a hist\u00f3ria e o significado da comemora\u00e7\u00e3o, cada pa\u00eds escolhe uma determinada data e certos tipos de celebra\u00e7\u00e3o para lembrar de seus jovens. Em sua origem, ela tem por objetivo celebrar e proteger a inf\u00e2ncia. No Brasil a data foi institu\u00edda em 1.924 e reconhecida em 1.955.<br>Ora\u00e7\u00e3o a Nossa Senhora Aparecida<br>\u201c\u00d3 incompar\u00e1vel Senhora da Concei\u00e7\u00e3o Aparecida, M\u00e3e de Deus, Rainha dos Anjos, Advogada dos pecadores, Ref\u00fagio e consola\u00e7\u00e3o dos aflitos e atribulados, Virgem Sant\u00edssima, cheia de poder e de bondade, lan\u00e7ai sobre n\u00f3s um olhar favor\u00e1vel para que sejamos socorridos por v\u00f3s em todas as necessidades em que nos acharmos.<br>Lembrai-vos, \u00f3 clement\u00edssima M\u00e3e Aparecida, que nunca se ouviu dizer, que algum daqueles que t\u00eam a v\u00f3s recorrido, invocado vosso sant\u00edssimo nome e implorado a vossa singular prote\u00e7\u00e3o, fosse por v\u00f3s abandonado. Animados com esta confian\u00e7a, a v\u00f3s recorremos, tomamos-vos para sempre por nossa M\u00e3e, nossa protetora, consola\u00e7\u00e3o e guia, esperan\u00e7a e luz na hora da morte.<br>Livrai-nos de tudo o que possa ofender-vos e ao vosso Sant\u00edssimo Filho, Jesus. Preservai-nos de todos os perigos, da alma e do corpo, dirigi-nos em todos os assuntos espirituais e temporais, livrai-nos da tenta\u00e7\u00e3o do dem\u00f4nio, para que, trilhando o caminho da virtude, possamos um dia ver-vos e amar-vos, na eterna gl\u00f3ria, por todos os s\u00e9culos dos s\u00e9culos.<br>Am\u00e9m!&#8221;<\/p>\n\n\n\n<p>Fonte: fartura.sp.gov.br<\/p>\n","protected":false},"excerpt":{"rendered":"<p>De acordo com a lenda, no ano de 1.717, pescadores lan\u00e7aram suas redes no Rio Para\u00edba do Sul, com o objetivo de pescar peixes grandes para um jantar especial para o Conde de Assumar.Eles tentaram, mas n\u00e3o estavam conseguindo pescar nada. Quando j\u00e1 estavam quase desistindo, um pescador chamado Jo\u00e3o Alves apanhou uma imagem de Nossa Senhora da Concei\u00e7\u00e3o, primeiro [&hellip;]<\/p>\n","protected":false},"author":1,"featured_media":26308,"comment_status":"closed","ping_status":"","sticky":false,"template":"","format":"standard","meta":{"footnotes":""},"categories":[3],"tags":[],"class_list":["post-26307","post","type-post","status-publish","format-standard","has-post-thumbnail","hentry","category-noticias"],"_links":{"self":[{"href":"https:\/\/portalpraties.com.br\/site\/wp-json\/wp\/v2\/posts\/26307","targetHints":{"allow":["GET"]}}],"collection":[{"href":"https:\/\/portalpraties.com.br\/site\/wp-json\/wp\/v2\/posts"}],"about":[{"href":"https:\/\/portalpraties.com.br\/site\/wp-json\/wp\/v2\/types\/post"}],"author":[{"embeddable":true,"href":"https:\/\/portalpraties.com.br\/site\/wp-json\/wp\/v2\/users\/1"}],"replies":[{"embeddable":true,"href":"https:\/\/portalpraties.com.br\/site\/wp-json\/wp\/v2\/comments?post=26307"}],"version-history":[{"count":1,"href":"https:\/\/portalpraties.com.br\/site\/wp-json\/wp\/v2\/posts\/26307\/revisions"}],"predecessor-version":[{"id":26309,"href":"https:\/\/portalpraties.com.br\/site\/wp-json\/wp\/v2\/posts\/26307\/revisions\/26309"}],"wp:featuredmedia":[{"embeddable":true,"href":"https:\/\/portalpraties.com.br\/site\/wp-json\/wp\/v2\/media\/26308"}],"wp:attachment":[{"href":"https:\/\/portalpraties.com.br\/site\/wp-json\/wp\/v2\/media?parent=26307"}],"wp:term":[{"taxonomy":"category","embeddable":true,"href":"https:\/\/portalpraties.com.br\/site\/wp-json\/wp\/v2\/categories?post=26307"},{"taxonomy":"post_tag","embeddable":true,"href":"https:\/\/portalpraties.com.br\/site\/wp-json\/wp\/v2\/tags?post=26307"}],"curies":[{"name":"wp","href":"https:\/\/api.w.org\/{rel}","templated":true}]}}