{"id":26318,"date":"2023-10-23T01:29:28","date_gmt":"2023-10-23T01:29:28","guid":{"rendered":"https:\/\/portalpraties.com.br\/site\/?p=26318"},"modified":"2023-10-23T01:29:28","modified_gmt":"2023-10-23T01:29:28","slug":"tempo-seco-deixa-cidades-de-mg-em-alerta-quanto-aos-riscos-a-saude","status":"publish","type":"post","link":"https:\/\/portalpraties.com.br\/site\/2023\/10\/23\/tempo-seco-deixa-cidades-de-mg-em-alerta-quanto-aos-riscos-a-saude\/","title":{"rendered":"Tempo seco deixa cidades de MG em alerta quanto aos riscos \u00e0 sa\u00fade"},"content":{"rendered":"\n<p>Cidades mineiras est\u00e3o em alerta quanto ao tempo seco e os riscos \u00e0 sa\u00fade. De acordo com o Instituto Nacional de Meteorologia (Inmet), a previs\u00e3o \u00e9 de que a umidade do ar nestes munic\u00edpios permane\u00e7a entre 20% e 30%, \u00edndice que \u00e9 considerado abaixo ao recomendado ideal pela Organiza\u00e7\u00e3o Mundial da Sa\u00fade (OMS), estabelecido entre\u00a060% e 80%.<\/p>\n\n\n\n<p>O alerta \u00e9 v\u00e1lido para 243 cidades do Estado. Conforme o Inmet, essa condi\u00e7\u00e3o de baixa umidade deve permanecer durante o per\u00edodo entre 12h e 22h desta quarta-feira (18 de outubro). Al\u00e9m dos riscos \u00e0 sa\u00fade, o tempo seco&nbsp;pode favorecer a ocorr\u00eancia de inc\u00eandios florestais.<\/p>\n\n\n\n<h2 class=\"wp-block-heading\"><strong>Clima de deserto<\/strong><\/h2>\n\n\n\n<p>Conforme o Inmet, outros 42\u00a0<strong>munic\u00edpios mineiros podem ter clima de deserto<\/strong>\u00a0nesta quarta-feira (18). Isso porque a umidade relativa do ar deve ficar abaixo de 12% .\u00a0Para se ter uma ideia, no deserto do Saara, no Norte da \u00c1frica, a umidade do ar varia de 14% a 20%.\u00a0<\/p>\n\n\n\n<h2 class=\"wp-block-heading\"><strong>Quais os cuidados durante o tempo seco?<\/strong><\/h2>\n\n\n\n<ul class=\"wp-block-list\">\n<li>Beba bastante l\u00edquido.<\/li>\n\n\n\n<li>Evite desgaste f\u00edsico nas horas mais secas.<\/li>\n\n\n\n<li>Evite exposi\u00e7\u00e3o ao sol nas horas mais quentes do dia.<\/li>\n\n\n\n<li>Obtenha mais informa\u00e7\u00f5es junto \u00e0 Defesa Civil (telefone 199) e ao Corpo de Bombeiros (telefone 193).<\/li>\n<\/ul>\n\n\n\n<h2 class=\"wp-block-heading\"><strong>Quais cidades est\u00e3o em alerta?<\/strong><\/h2>\n\n\n\n<ol class=\"wp-block-list\">\n<li>Abadia dos Dourados&nbsp;<\/li>\n\n\n\n<li>Abaet\u00e9&nbsp;<\/li>\n\n\n\n<li>\u00c1gua Boa&nbsp;<\/li>\n\n\n\n<li>\u00c1gua Comprida&nbsp;<\/li>\n\n\n\n<li>\u00c1guas Vermelhas&nbsp;<\/li>\n\n\n\n<li>Angel\u00e2ndia&nbsp;<\/li>\n\n\n\n<li>Ara\u00e7ua\u00ed&nbsp;<\/li>\n\n\n\n<li>Araguari&nbsp;<\/li>\n\n\n\n<li>Arapor\u00e3&nbsp;<\/li>\n\n\n\n<li>Arapu\u00e1&nbsp;<\/li>\n\n\n\n<li>Arax\u00e1&nbsp;<\/li>\n\n\n\n<li>Aricanduva&nbsp;<\/li>\n\n\n\n<li>Arinos&nbsp;<\/li>\n\n\n\n<li>Augusto de Lima&nbsp;<\/li>\n\n\n\n<li>Bambu\u00ed&nbsp;<\/li>\n\n\n\n<li>Berilo&nbsp;<\/li>\n\n\n\n<li>Berizal&nbsp;<\/li>\n\n\n\n<li>Biquinhas&nbsp;<\/li>\n\n\n\n<li>Bocai\u00fava&nbsp;<\/li>\n\n\n\n<li>Bom Despacho&nbsp;<\/li>\n\n\n\n<li>Bonfin\u00f3polis de Minas&nbsp;<\/li>\n\n\n\n<li>Bonito de Minas&nbsp;<\/li>\n\n\n\n<li>Botumirim&nbsp;<\/li>\n\n\n\n<li>Brasil\u00e2ndia de Minas&nbsp;<\/li>\n\n\n\n<li>Bras\u00edlia de Minas&nbsp;<\/li>\n\n\n\n<li>Buen\u00f3polis&nbsp;<\/li>\n\n\n\n<li>Buritis&nbsp;<\/li>\n\n\n\n<li>Buritizeiro&nbsp;<\/li>\n\n\n\n<li>Cabeceira Grande&nbsp;<\/li>\n\n\n\n<li>Cachoeira de Paje\u00fa&nbsp;<\/li>\n\n\n\n<li>Cachoeira Dourada&nbsp;<\/li>\n\n\n\n<li>Campina Verde&nbsp;<\/li>\n\n\n\n<li>Campo Azul&nbsp;<\/li>\n\n\n\n<li>Campo Florido&nbsp;<\/li>\n\n\n\n<li>Campos Altos&nbsp;<\/li>\n\n\n\n<li>Can\u00e1polis&nbsp;<\/li>\n\n\n\n<li>Capelinha&nbsp;<\/li>\n\n\n\n<li>Capin\u00f3polis&nbsp;<\/li>\n\n\n\n<li>Capit\u00e3o En\u00e9as&nbsp;<\/li>\n\n\n\n<li>Cara\u00ed&nbsp;<\/li>\n\n\n\n<li>Carbonita&nbsp;<\/li>\n\n\n\n<li>Carmo do Parana\u00edba&nbsp;<\/li>\n\n\n\n<li>Carneirinho&nbsp;<\/li>\n\n\n\n<li>Cascalho Rico&nbsp;<\/li>\n\n\n\n<li>Catuti&nbsp;<\/li>\n\n\n\n<li>Cedro do Abaet\u00e9&nbsp;<\/li>\n\n\n\n<li>Centralina&nbsp;<\/li>\n\n\n\n<li>Chapada do Norte&nbsp;<\/li>\n\n\n\n<li>Chapada Ga\u00facha&nbsp;<\/li>\n\n\n\n<li>Claraval&nbsp;<\/li>\n\n\n\n<li>Claro dos Po\u00e7\u00f5es&nbsp;<\/li>\n\n\n\n<li>Coluna&nbsp;<\/li>\n\n\n\n<li>Comendador Gomes&nbsp;<\/li>\n\n\n\n<li>Comercinho&nbsp;<\/li>\n\n\n\n<li>Concei\u00e7\u00e3o das Alagoas&nbsp;<\/li>\n\n\n\n<li>Concei\u00e7\u00e3o do Mato Dentro&nbsp;<\/li>\n\n\n\n<li>C\u00f4nego Marinho&nbsp;<\/li>\n\n\n\n<li>Conquista&nbsp;<\/li>\n\n\n\n<li>Cora\u00e7\u00e3o de Jesus&nbsp;<\/li>\n\n\n\n<li>Corinto&nbsp;<\/li>\n\n\n\n<li>Coromandel&nbsp;<\/li>\n\n\n\n<li>Coronel Murta&nbsp;<\/li>\n\n\n\n<li>C\u00f3rrego Danta&nbsp;<\/li>\n\n\n\n<li>Couto de Magalh\u00e3es de Minas&nbsp;<\/li>\n\n\n\n<li>Crist\u00e1lia&nbsp;<\/li>\n\n\n\n<li>Cruzeiro da Fortaleza&nbsp;<\/li>\n\n\n\n<li>Curral de Dentro&nbsp;<\/li>\n\n\n\n<li>Curvelo&nbsp;<\/li>\n\n\n\n<li>Datas&nbsp;<\/li>\n\n\n\n<li>Delfin\u00f3polis&nbsp;<\/li>\n\n\n\n<li>Delta&nbsp;<\/li>\n\n\n\n<li>Diamantina&nbsp;<\/li>\n\n\n\n<li>Dom Bosco&nbsp;<\/li>\n\n\n\n<li>Dores do Indai\u00e1&nbsp;<\/li>\n\n\n\n<li>Douradoquara&nbsp;<\/li>\n\n\n\n<li>Engenheiro Navarro&nbsp;<\/li>\n\n\n\n<li>Estrela do Indai\u00e1&nbsp;<\/li>\n\n\n\n<li>Estrela do Sul&nbsp;<\/li>\n\n\n\n<li>Fel\u00edcio dos Santos&nbsp;<\/li>\n\n\n\n<li>Felixl\u00e2ndia&nbsp;<\/li>\n\n\n\n<li>Formoso&nbsp;<\/li>\n\n\n\n<li>Francisco Badar\u00f3&nbsp;<\/li>\n\n\n\n<li>Francisco Dumont&nbsp;<\/li>\n\n\n\n<li>Francisco S\u00e1&nbsp;<\/li>\n\n\n\n<li>Frei Lagonegro&nbsp;<\/li>\n\n\n\n<li>Fronteira&nbsp;<\/li>\n\n\n\n<li>Fruta de Leite&nbsp;<\/li>\n\n\n\n<li>Frutal&nbsp;<\/li>\n\n\n\n<li>Glaucil\u00e2ndia&nbsp;<\/li>\n\n\n\n<li>Gouveia&nbsp;<\/li>\n\n\n\n<li>Gr\u00e3o Mogol&nbsp;<\/li>\n\n\n\n<li>Grupiara&nbsp;<\/li>\n\n\n\n<li>Guaraciama&nbsp;<\/li>\n\n\n\n<li>Guarda-Mor&nbsp;<\/li>\n\n\n\n<li>Guimar\u00e2nia&nbsp;<\/li>\n\n\n\n<li>Gurinhat\u00e3&nbsp;<\/li>\n\n\n\n<li>Ibi\u00e1&nbsp;<\/li>\n\n\n\n<li>Ibia\u00ed&nbsp;<\/li>\n\n\n\n<li>Ibiracatu&nbsp;<\/li>\n\n\n\n<li>Ibiraci&nbsp;<\/li>\n\n\n\n<li>Icara\u00ed de Minas&nbsp;<\/li>\n\n\n\n<li>Indaiabira&nbsp;<\/li>\n\n\n\n<li>Indian\u00f3polis&nbsp;<\/li>\n\n\n\n<li>Inimutaba&nbsp;<\/li>\n\n\n\n<li>Ipia\u00e7u&nbsp;<\/li>\n\n\n\n<li>Ira\u00ed de Minas&nbsp;<\/li>\n\n\n\n<li>Itacambira&nbsp;<\/li>\n\n\n\n<li>Itacarambi&nbsp;<\/li>\n\n\n\n<li>Itamarandiba&nbsp;<\/li>\n\n\n\n<li>Itaobim&nbsp;<\/li>\n\n\n\n<li>Itapagipe&nbsp;<\/li>\n\n\n\n<li>Itinga&nbsp;<\/li>\n\n\n\n<li>Ituiutaba&nbsp;<\/li>\n\n\n\n<li>Iturama&nbsp;<\/li>\n\n\n\n<li>Ja\u00edba&nbsp;<\/li>\n\n\n\n<li>Jana\u00faba&nbsp;<\/li>\n\n\n\n<li>Janu\u00e1ria&nbsp;<\/li>\n\n\n\n<li>Japonvar&nbsp;<\/li>\n\n\n\n<li>Jenipapo de Minas&nbsp;<\/li>\n\n\n\n<li>Jequita\u00ed&nbsp;<\/li>\n\n\n\n<li>Jo\u00e3o Pinheiro&nbsp;<\/li>\n\n\n\n<li>Joaquim Fel\u00edcio&nbsp;<\/li>\n\n\n\n<li>Jos\u00e9 Gon\u00e7alves de Minas&nbsp;<\/li>\n\n\n\n<li>Josen\u00f3polis&nbsp;<\/li>\n\n\n\n<li>Juramento&nbsp;<\/li>\n\n\n\n<li>Lagamar&nbsp;<\/li>\n\n\n\n<li>Lagoa dos Patos&nbsp;<\/li>\n\n\n\n<li>Lagoa Formosa&nbsp;<\/li>\n\n\n\n<li>Lagoa Grande&nbsp;<\/li>\n\n\n\n<li>Lassance&nbsp;<\/li>\n\n\n\n<li>Leme do Prado&nbsp;<\/li>\n\n\n\n<li>Limeira do Oeste&nbsp;<\/li>\n\n\n\n<li>Lontra&nbsp;<\/li>\n\n\n\n<li>Luisl\u00e2ndia&nbsp;<\/li>\n\n\n\n<li>Luz&nbsp;<\/li>\n\n\n\n<li>Malacacheta&nbsp;<\/li>\n\n\n\n<li>Martinho Campos&nbsp;<\/li>\n\n\n\n<li>Mato Verde&nbsp;<\/li>\n\n\n\n<li>Matutina&nbsp;<\/li>\n\n\n\n<li>Medeiros&nbsp;<\/li>\n\n\n\n<li>Medina&nbsp;<\/li>\n\n\n\n<li>Minas Novas&nbsp;<\/li>\n\n\n\n<li>Mirabela&nbsp;<\/li>\n\n\n\n<li>Monjolos&nbsp;<\/li>\n\n\n\n<li>Monte Alegre de Minas&nbsp;<\/li>\n\n\n\n<li>Monte Azul&nbsp;<\/li>\n\n\n\n<li>Monte Carmelo&nbsp;<\/li>\n\n\n\n<li>Montes Claros&nbsp;<\/li>\n\n\n\n<li>Montezuma&nbsp;<\/li>\n\n\n\n<li>Morada Nova de Minas&nbsp;<\/li>\n\n\n\n<li>Morro da Gar\u00e7a&nbsp;<\/li>\n\n\n\n<li>Natal\u00e2ndia&nbsp;<\/li>\n\n\n\n<li>Ninheira&nbsp;<\/li>\n\n\n\n<li>Nova Ponte&nbsp;<\/li>\n\n\n\n<li>Nova Porteirinha&nbsp;<\/li>\n\n\n\n<li>Novo Cruzeiro&nbsp;<\/li>\n\n\n\n<li>Novorizonte&nbsp;<\/li>\n\n\n\n<li>Olhos-d&#8217;\u00c1gua&nbsp;<\/li>\n\n\n\n<li>Padre Carvalho&nbsp;<\/li>\n\n\n\n<li>Paineiras&nbsp;<\/li>\n\n\n\n<li>Pai Pedro&nbsp;<\/li>\n\n\n\n<li>Paracatu&nbsp;<\/li>\n\n\n\n<li>Patis&nbsp;<\/li>\n\n\n\n<li>Patos de Minas&nbsp;<\/li>\n\n\n\n<li>Patroc\u00ednio&nbsp;<\/li>\n\n\n\n<li>Pedra Azul&nbsp;<\/li>\n\n\n\n<li>Pedras de Maria da Cruz&nbsp;<\/li>\n\n\n\n<li>Pedrin\u00f3polis&nbsp;<\/li>\n\n\n\n<li>Perdizes&nbsp;<\/li>\n\n\n\n<li>Pint\u00f3polis&nbsp;<\/li>\n\n\n\n<li>Pirajuba&nbsp;<\/li>\n\n\n\n<li>Pirapora&nbsp;<\/li>\n\n\n\n<li>Planura&nbsp;<\/li>\n\n\n\n<li>Pomp\u00e9u&nbsp;<\/li>\n\n\n\n<li>Ponto Chique&nbsp;<\/li>\n\n\n\n<li>Ponto dos Volantes&nbsp;<\/li>\n\n\n\n<li>Porteirinha&nbsp;<\/li>\n\n\n\n<li>Prata&nbsp;<\/li>\n\n\n\n<li>Pratinha&nbsp;<\/li>\n\n\n\n<li>Presidente Juscelino&nbsp;<\/li>\n\n\n\n<li>Presidente Kubitschek&nbsp;<\/li>\n\n\n\n<li>Presidente Oleg\u00e1rio&nbsp;<\/li>\n\n\n\n<li>Quartel Geral&nbsp;<\/li>\n\n\n\n<li>Riachinho&nbsp;<\/li>\n\n\n\n<li>Riacho dos Machados&nbsp;<\/li>\n\n\n\n<li>Rio Parana\u00edba&nbsp;<\/li>\n\n\n\n<li>Rio Pardo de Minas&nbsp;<\/li>\n\n\n\n<li>Rio Vermelho&nbsp;<\/li>\n\n\n\n<li>Romaria&nbsp;<\/li>\n\n\n\n<li>Rubelita&nbsp;<\/li>\n\n\n\n<li>Sacramento&nbsp;<\/li>\n\n\n\n<li>Salinas&nbsp;<\/li>\n\n\n\n<li>Santa Cruz de Salinas&nbsp;<\/li>\n\n\n\n<li>Santa F\u00e9 de Minas&nbsp;<\/li>\n\n\n\n<li>Santa Juliana&nbsp;<\/li>\n\n\n\n<li>Santana de Pirapama&nbsp;<\/li>\n\n\n\n<li>Santa Rosa da Serra&nbsp;<\/li>\n\n\n\n<li>Santa Vit\u00f3ria&nbsp;<\/li>\n\n\n\n<li>Santo Ant\u00f4nio do Itamb\u00e9&nbsp;<\/li>\n\n\n\n<li>Santo Ant\u00f4nio do Retiro&nbsp;<\/li>\n\n\n\n<li>Santo Hip\u00f3lito&nbsp;<\/li>\n\n\n\n<li>S\u00e3o Francisco&nbsp;<\/li>\n\n\n\n<li>S\u00e3o Francisco de Sales&nbsp;<\/li>\n\n\n\n<li>S\u00e3o Gon\u00e7alo do Abaet\u00e9&nbsp;<\/li>\n\n\n\n<li>S\u00e3o Gon\u00e7alo do Rio Preto&nbsp;<\/li>\n\n\n\n<li>S\u00e3o Gotardo&nbsp;<\/li>\n\n\n\n<li>S\u00e3o Jo\u00e3o da Lagoa&nbsp;<\/li>\n\n\n\n<li>S\u00e3o Jo\u00e3o da Ponte&nbsp;<\/li>\n\n\n\n<li>S\u00e3o Jo\u00e3o do Pacu\u00ed&nbsp;<\/li>\n\n\n\n<li>S\u00e3o Jo\u00e3o do Para\u00edso&nbsp;<\/li>\n\n\n\n<li>S\u00e3o Rom\u00e3o&nbsp;<\/li>\n\n\n\n<li>S\u00e3o Roque de Minas&nbsp;<\/li>\n\n\n\n<li>S\u00e3o Sebasti\u00e3o do Maranh\u00e3o&nbsp;<\/li>\n\n\n\n<li>Senador Modestino Gon\u00e7alves&nbsp;<\/li>\n\n\n\n<li>Serra Azul de Minas&nbsp;<\/li>\n\n\n\n<li>Serra da Saudade&nbsp;<\/li>\n\n\n\n<li>Serra do Salitre&nbsp;<\/li>\n\n\n\n<li>Serran\u00f3polis de Minas&nbsp;<\/li>\n\n\n\n<li>Serro&nbsp;<\/li>\n\n\n\n<li>Setubinha&nbsp;<\/li>\n\n\n\n<li>Taiobeiras&nbsp;<\/li>\n\n\n\n<li>Tapira&nbsp;<\/li>\n\n\n\n<li>Tapira\u00ed&nbsp;<\/li>\n\n\n\n<li>Tiros&nbsp;<\/li>\n\n\n\n<li>Tr\u00eas Marias&nbsp;<\/li>\n\n\n\n<li>Tupaciguara&nbsp;<\/li>\n\n\n\n<li>Turmalina&nbsp;<\/li>\n\n\n\n<li>Uba\u00ed&nbsp;<\/li>\n\n\n\n<li>Uberaba&nbsp;<\/li>\n\n\n\n<li>Uberl\u00e2ndia&nbsp;<\/li>\n\n\n\n<li>Una\u00ed&nbsp;<\/li>\n\n\n\n<li>Uni\u00e3o de Minas&nbsp;<\/li>\n\n\n\n<li>Uruana de Minas&nbsp;<\/li>\n\n\n\n<li>Urucuia&nbsp;<\/li>\n\n\n\n<li>Vargem Grande do Rio Pardo&nbsp;<\/li>\n\n\n\n<li>Varj\u00e3o de Minas&nbsp;<\/li>\n\n\n\n<li>V\u00e1rzea da Palma&nbsp;<\/li>\n\n\n\n<li>Varzel\u00e2ndia&nbsp;<\/li>\n\n\n\n<li>Vazante&nbsp;<\/li>\n\n\n\n<li>Verdel\u00e2ndia&nbsp;<\/li>\n\n\n\n<li>Veredinha&nbsp;<\/li>\n\n\n\n<li>Ver\u00edssimo&nbsp;<\/li>\n\n\n\n<li>Virgem da Lapa&nbsp;<\/li>\n<\/ol>\n\n\n\n<p>Fonte: otempo.com.br<\/p>\n","protected":false},"excerpt":{"rendered":"<p>Cidades mineiras est\u00e3o em alerta quanto ao tempo seco e os riscos \u00e0 sa\u00fade. De acordo com o Instituto Nacional de Meteorologia (Inmet), a previs\u00e3o \u00e9 de que a umidade do ar nestes munic\u00edpios permane\u00e7a entre 20% e 30%, \u00edndice que \u00e9 considerado abaixo ao recomendado ideal pela Organiza\u00e7\u00e3o Mundial da Sa\u00fade (OMS), estabelecido entre\u00a060% e 80%. O alerta \u00e9 [&hellip;]<\/p>\n","protected":false},"author":1,"featured_media":26319,"comment_status":"closed","ping_status":"","sticky":false,"template":"","format":"standard","meta":{"footnotes":""},"categories":[3],"tags":[],"class_list":["post-26318","post","type-post","status-publish","format-standard","has-post-thumbnail","hentry","category-noticias"],"_links":{"self":[{"href":"https:\/\/portalpraties.com.br\/site\/wp-json\/wp\/v2\/posts\/26318","targetHints":{"allow":["GET"]}}],"collection":[{"href":"https:\/\/portalpraties.com.br\/site\/wp-json\/wp\/v2\/posts"}],"about":[{"href":"https:\/\/portalpraties.com.br\/site\/wp-json\/wp\/v2\/types\/post"}],"author":[{"embeddable":true,"href":"https:\/\/portalpraties.com.br\/site\/wp-json\/wp\/v2\/users\/1"}],"replies":[{"embeddable":true,"href":"https:\/\/portalpraties.com.br\/site\/wp-json\/wp\/v2\/comments?post=26318"}],"version-history":[{"count":1,"href":"https:\/\/portalpraties.com.br\/site\/wp-json\/wp\/v2\/posts\/26318\/revisions"}],"predecessor-version":[{"id":26320,"href":"https:\/\/portalpraties.com.br\/site\/wp-json\/wp\/v2\/posts\/26318\/revisions\/26320"}],"wp:featuredmedia":[{"embeddable":true,"href":"https:\/\/portalpraties.com.br\/site\/wp-json\/wp\/v2\/media\/26319"}],"wp:attachment":[{"href":"https:\/\/portalpraties.com.br\/site\/wp-json\/wp\/v2\/media?parent=26318"}],"wp:term":[{"taxonomy":"category","embeddable":true,"href":"https:\/\/portalpraties.com.br\/site\/wp-json\/wp\/v2\/categories?post=26318"},{"taxonomy":"post_tag","embeddable":true,"href":"https:\/\/portalpraties.com.br\/site\/wp-json\/wp\/v2\/tags?post=26318"}],"curies":[{"name":"wp","href":"https:\/\/api.w.org\/{rel}","templated":true}]}}