{"id":26328,"date":"2023-11-04T19:06:58","date_gmt":"2023-11-04T19:06:58","guid":{"rendered":"https:\/\/portalpraties.com.br\/site\/?p=26328"},"modified":"2023-11-04T19:06:58","modified_gmt":"2023-11-04T19:06:58","slug":"covid-19-maiores-cidades-do-sul-de-minas-voltam-a-ter-aumento-de-casos-positivos","status":"publish","type":"post","link":"https:\/\/portalpraties.com.br\/site\/2023\/11\/04\/covid-19-maiores-cidades-do-sul-de-minas-voltam-a-ter-aumento-de-casos-positivos\/","title":{"rendered":"Covid-19: Maiores cidades do Sul de Minas voltam a ter aumento de casos positivos"},"content":{"rendered":"\n<h2 class=\"wp-block-heading\">Em Passos (MG), 397 casos foram registrados nos \u00faltimos dois meses e duas pessoas morreram por complica\u00e7\u00f5es da doen\u00e7a, apontam dados do \u00faltimo boletim epidemiol\u00f3gico divulgado.<\/h2>\n\n\n\n<p>Novos casos de Covid-19 est\u00e3o sendo registrados no Sul de Minas. A produ\u00e7\u00e3o da\u00a0<strong>EPTV,<\/strong>\u00a0afiliada\u00a0<strong>TV Globo<\/strong>, realizou um balan\u00e7o nas cidades mais populosas da regi\u00e3o que aponta esse aumento. Os dados s\u00e3o dos boletins epidemiol\u00f3gicos das prefeituras.<\/p>\n\n\n\n<p>Em\u00a0Passos, 397 casos foram registrados nos \u00faltimos dois meses e duas mortes confirmadas por complica\u00e7\u00f5es da doen\u00e7a.\u00a0Po\u00e7os de Caldas\u00a0registrou, em outubro, 154 novos casos.<\/p>\n\n\n\n<p>Em\u00a0Lavras, 91 pessoas testaram positivo para a Covid. Em\u00a0Pouso Alegre\u00a058 pessoas foram contaminadas. J\u00e1 em\u00a0Varginha\u00a0, foram 41 novos casos em dois dias somente nesta semana, apontam dados dos \u00faltimos boletins divulgados pelas cidades.<\/p>\n\n\n\n<p>A falta de conscientiza\u00e7\u00e3o \u00e9 apontada por especialistas como principal motivo no aumento dos casos. O pneumologista F\u00e1bio Gomes ressalta que manter o esquema vacinal completo \u00e9 importante para a preven\u00e7\u00e3o de casos mais graves da doen\u00e7a.<\/p>\n\n\n\n<figure class=\"wp-block-image\"><img decoding=\"async\" src=\"https:\/\/s2-g1.glbimg.com\/oeRuZwuJXwyY_lsW9XxqCj65dzg=\/0x0:799x533\/984x0\/smart\/filters:strip_icc()\/i.s3.glbimg.com\/v1\/AUTH_59edd422c0c84a879bd37670ae4f538a\/internal_photos\/bs\/2023\/J\/h\/KALXmyStm0HL6htwpSvA\/teste-covid-19-29110841.jpg\" alt=\"Casos de Covid-19  voltam a subir no Sul de Minas \u2014 Foto: Prefeitura de Botucatu\/Divulga\u00e7\u00e3o\"\/><\/figure>\n\n\n\n<p>Casos de Covid-19 voltam a subir no Sul de Minas \u2014 Foto: Prefeitura de Botucatu\/Divulga\u00e7\u00e3o<\/p>\n\n\n\n<p>\u201cinfelizmente o v\u00edrus da Covid, ele \u00e9 um v\u00edrus RNA que sofre muitas muta\u00e7\u00f5es, ent\u00e3o ele acaba driblando o sistema imunol\u00f3gico, e as vacinas, elas refor\u00e7am a imunidade n\u00e9, elas aumentam a produ\u00e7\u00e3o de anticorpos. Ent\u00e3o \u00e9 muito importante que as pessoas se vacinem pra gente tentar conter esses novos casos n\u00e9, que est\u00e3o surgindo\u201d, explica o pneumologista.<\/p>\n\n\n\n<p>Ainda conforme especialistas em sa\u00fade, embora o fim da pandemia j\u00e1 tenha sido decretado pela Organiza\u00e7\u00e3o Mundial da Sa\u00fade, o risco do surgimento de novas variantes ainda existe e requer vigil\u00e2ncia.<\/p>\n\n\n\n<p>\u201cA \u00faltima (variante) que n\u00f3s temos \u00e9 a Omicron, eles deram o nome de \u00c9ris, que \u00e9 a \u00faltima variante que foi identificada se n\u00e3o me engano em agosto deste ano. Mas esses v\u00edrus sofrem frequentemente as muta\u00e7\u00f5es, e, infelizmente, o sistema imunol\u00f3gico ele demora para se adaptar\u201d.<\/p>\n\n\n\n<p>Para refor\u00e7ar o sistema imunol\u00f3gico, a imuniza\u00e7\u00e3o continua sendo o mais indicado. As vacinas contra a Covid-19 est\u00e3o passando por um per\u00edodo de transi\u00e7\u00e3o das campanhas emergenciais para a imuniza\u00e7\u00e3o de rotina, conforme o Minist\u00e9rio da Sa\u00fade.<\/p>\n\n\n\n<p>Fonte: g1.globo.com<\/p>\n","protected":false},"excerpt":{"rendered":"<p>Em Passos (MG), 397 casos foram registrados nos \u00faltimos dois meses e duas pessoas morreram por complica\u00e7\u00f5es da doen\u00e7a, apontam dados do \u00faltimo boletim epidemiol\u00f3gico divulgado. Novos casos de Covid-19 est\u00e3o sendo registrados no Sul de Minas. A produ\u00e7\u00e3o da\u00a0EPTV,\u00a0afiliada\u00a0TV Globo, realizou um balan\u00e7o nas cidades mais populosas da regi\u00e3o que aponta esse aumento. Os dados s\u00e3o dos boletins epidemiol\u00f3gicos [&hellip;]<\/p>\n","protected":false},"author":1,"featured_media":26329,"comment_status":"closed","ping_status":"","sticky":false,"template":"","format":"standard","meta":{"footnotes":""},"categories":[3],"tags":[],"class_list":["post-26328","post","type-post","status-publish","format-standard","has-post-thumbnail","hentry","category-noticias"],"_links":{"self":[{"href":"https:\/\/portalpraties.com.br\/site\/wp-json\/wp\/v2\/posts\/26328","targetHints":{"allow":["GET"]}}],"collection":[{"href":"https:\/\/portalpraties.com.br\/site\/wp-json\/wp\/v2\/posts"}],"about":[{"href":"https:\/\/portalpraties.com.br\/site\/wp-json\/wp\/v2\/types\/post"}],"author":[{"embeddable":true,"href":"https:\/\/portalpraties.com.br\/site\/wp-json\/wp\/v2\/users\/1"}],"replies":[{"embeddable":true,"href":"https:\/\/portalpraties.com.br\/site\/wp-json\/wp\/v2\/comments?post=26328"}],"version-history":[{"count":1,"href":"https:\/\/portalpraties.com.br\/site\/wp-json\/wp\/v2\/posts\/26328\/revisions"}],"predecessor-version":[{"id":26330,"href":"https:\/\/portalpraties.com.br\/site\/wp-json\/wp\/v2\/posts\/26328\/revisions\/26330"}],"wp:featuredmedia":[{"embeddable":true,"href":"https:\/\/portalpraties.com.br\/site\/wp-json\/wp\/v2\/media\/26329"}],"wp:attachment":[{"href":"https:\/\/portalpraties.com.br\/site\/wp-json\/wp\/v2\/media?parent=26328"}],"wp:term":[{"taxonomy":"category","embeddable":true,"href":"https:\/\/portalpraties.com.br\/site\/wp-json\/wp\/v2\/categories?post=26328"},{"taxonomy":"post_tag","embeddable":true,"href":"https:\/\/portalpraties.com.br\/site\/wp-json\/wp\/v2\/tags?post=26328"}],"curies":[{"name":"wp","href":"https:\/\/api.w.org\/{rel}","templated":true}]}}