{"id":26337,"date":"2023-11-18T22:18:03","date_gmt":"2023-11-18T22:18:03","guid":{"rendered":"https:\/\/portalpraties.com.br\/site\/?p=26337"},"modified":"2023-11-18T22:18:03","modified_gmt":"2023-11-18T22:18:03","slug":"minas-gerais-enfrenta-terceira-onda-de-calor-historica-e-temperaturas-podem-ultrapassar-os-44c","status":"publish","type":"post","link":"https:\/\/portalpraties.com.br\/site\/2023\/11\/18\/minas-gerais-enfrenta-terceira-onda-de-calor-historica-e-temperaturas-podem-ultrapassar-os-44c\/","title":{"rendered":"Minas Gerais enfrenta terceira onda de calor hist\u00f3rica e temperaturas podem ultrapassar os 44\u00b0C"},"content":{"rendered":"\n<p>Minas Gerais enfrenta a terceira onda de calor do ano e uma das mais intensas da hist\u00f3ria, com previs\u00f5es de temperaturas que podem superar os 44\u00b0C.<\/p>\n\n\n\n<p>O\u00a0Sistema de Meteorologia e Recursos H\u00eddricos de Minas Gerais (Simge)\u00a0emitiu alerta sobre recorde nos term\u00f4metros e a baixa umidade em todo o estado.<\/p>\n\n\n\n<p>Al\u00e9m do desconforto, o calor\u00e3o acarreta potenciais riscos \u00e0 sa\u00fade e ao meio ambiente.<\/p>\n\n\n\n<p>De acordo com o Simge, o calor intenso poder\u00e1 durar mais dias e ser sentido em todas os 853 munic\u00edpios mineiros.<\/p>\n\n\n\n<p>No entanto, as regi\u00f5es do Tri\u00e2ngulo, Noroeste, Central e Norte de Minas ser\u00e3o as mais impactadas, com previs\u00e3o de temperaturas m\u00e1ximas que podem variar de 39\u00b0C&nbsp;a 44\u00b0C.<\/p>\n\n\n\n<p>Nas demais \u00e1reas, inclusive na Regi\u00e3o Metropolitana de Belo Horizonte (RMBH), os term\u00f4metros tamb\u00e9m devem bater recordes, variando entre 36 e 39\u00b0C.<\/p>\n\n\n\n<p><strong>Hist\u00f3rico&nbsp;&nbsp;&nbsp;&nbsp;&nbsp;<\/strong>&nbsp;&nbsp;&nbsp;&nbsp;&nbsp;&nbsp;&nbsp;&nbsp;&nbsp;&nbsp;&nbsp;<\/p>\n\n\n\n<p>A primeira e segunda onda de calor registradas em Minas Gerais ocorreram em agosto e setembro, quando os term\u00f4metros chegaram a 39 e 43\u00b0C, respectivamente, no Norte de Minas.<\/p>\n\n\n\n<p>A capital chegou a registrar 34,3\u00b0C em agosto e 38,6\u00b0C&nbsp;no dia 25\/9.<\/p>\n\n\n\n<p>De acordo com o meteorologista do Simge, Heriberto dos Anjos, a intensidade desta nova onda \u00e9 semelhante \u00e0 anterior, por\u00e9m, s\u00f3 ser\u00e1 poss\u00edvel uma compara\u00e7\u00e3o da escala de graus c\u00e9lsius ap\u00f3s coleta de dados ao longo desta semana.&nbsp;<\/p>\n\n\n\n<p><strong>Expectativa&nbsp;&nbsp;&nbsp;&nbsp;&nbsp;<\/strong>&nbsp;&nbsp;&nbsp;&nbsp;&nbsp;&nbsp;&nbsp;&nbsp;&nbsp;&nbsp;&nbsp;<\/p>\n\n\n\n<p>Em rela\u00e7\u00e3o \u00e0 dura\u00e7\u00e3o, esta terceira onda pode ser a mais longa. Em agosto foram quatro dias mais quentes; em setembro foram seis dias e, nesta semana, as altas temperaturas come\u00e7aram no dia 8\/11 e a previs\u00e3o \u00e9 de que dure at\u00e9 pelo menos o dia 16\/11.&nbsp;&nbsp;<\/p>\n\n\n\n<p>\u201cO fen\u00f4meno clim\u00e1tico El Ni\u00f1o est\u00e1 desde o meio de 2023 atuando no Oceano Pac\u00edfico, ap\u00f3s longo per\u00edodo sob influ\u00eancia do La Ni\u00f1a e breve fase de neutralidade. A principal caracter\u00edstica do El Ni\u00f1o \u00e9 o aquecimento anormal e persistente da temperatura da superf\u00edcie do Oceano Pac\u00edfico Equatorial. Em Minas Gerais, esse fen\u00f4meno influencia principalmente nas temperaturas elevadas e na irregularidade das chuvas\u201d, explica o meteorologista do Simge, Heriberto dos Anjos.<\/p>\n\n\n\n<p>Ainda segundo ele, a tend\u00eancia dos pr\u00f3ximos tr\u00eas meses \u00e9 de chuva irregular e abaixo da m\u00e9dia hist\u00f3rica em boa parte do estado, al\u00e9m de temperatura m\u00e9dia acima da climatologia (acima de 2\u00b0C).<\/p>\n\n\n\n<p>\u201cEsta onda de calor est\u00e1 atuando em todo o estado e, possivelmente, vamos para mais uma semana de recorde de temperatura m\u00e1xima na capital mineira e em outras cidades, por exemplo, do Norte e Tri\u00e2ngulo\u201d, avalia.&nbsp;<\/p>\n\n\n\n<p>O tempo seco ser\u00e1 generalizado com valores m\u00ednimos de umidade relativa do ar abaixo dos 30%. Em BH, a Umidade Relativa do Ar m\u00ednima ser\u00e1 entre 20% e 30%.<br><br><strong>Cuidados<\/strong><\/p>\n\n\n\n<p>De acordo com documento do Centro Nacional de Gerenciamento de Riscos e Desastres (Cenad) e da Defesa Civil do Brasil, em caso de calor extremo, deve-se:<\/p>\n\n\n\n<ul class=\"wp-block-list\">\n<li>Evitar a exposi\u00e7\u00e3o ao sol, principalmente em hor\u00e1rios mais quentes;<\/li>\n\n\n\n<li>Beber \u00e1gua com frequ\u00eancia;<\/li>\n\n\n\n<li>Usar roupas leves;<\/li>\n\n\n\n<li>Consumir alimentos leves, como frutas e verduras.<\/li>\n<\/ul>\n\n\n\n<p>As ondas de calor s\u00e3o ainda mais prejudiciais para crian\u00e7as, idosos e pessoas com condi\u00e7\u00f5es cr\u00f4nicas que requerem medica\u00e7\u00e3o di\u00e1ria.<\/p>\n\n\n\n<p><strong>Inc\u00eandios<\/strong><\/p>\n\n\n\n<p>Em rela\u00e7\u00e3o aos inc\u00eandios florestais, a situa\u00e7\u00e3o meteorol\u00f3gica favorece o aumento dos riscos de focos de queimadas.<\/p>\n\n\n\n<p>Portanto, moradores de \u00e1reas vulner\u00e1veis devem evitar atividades que possam causar fa\u00edscas, como queimadas n\u00e3o autorizadas, e denunciar qualquer comportamento suspeito \u00e0s autoridades.\u00a0<\/p>\n\n\n\n<p>Fonte: agenciaminas.mg.gov.br<\/p>\n","protected":false},"excerpt":{"rendered":"<p>Minas Gerais enfrenta a terceira onda de calor do ano e uma das mais intensas da hist\u00f3ria, com previs\u00f5es de temperaturas que podem superar os 44\u00b0C. O\u00a0Sistema de Meteorologia e Recursos H\u00eddricos de Minas Gerais (Simge)\u00a0emitiu alerta sobre recorde nos term\u00f4metros e a baixa umidade em todo o estado. Al\u00e9m do desconforto, o calor\u00e3o acarreta potenciais riscos \u00e0 sa\u00fade e [&hellip;]<\/p>\n","protected":false},"author":1,"featured_media":26338,"comment_status":"closed","ping_status":"","sticky":false,"template":"","format":"standard","meta":{"footnotes":""},"categories":[3],"tags":[],"class_list":["post-26337","post","type-post","status-publish","format-standard","has-post-thumbnail","hentry","category-noticias"],"_links":{"self":[{"href":"https:\/\/portalpraties.com.br\/site\/wp-json\/wp\/v2\/posts\/26337","targetHints":{"allow":["GET"]}}],"collection":[{"href":"https:\/\/portalpraties.com.br\/site\/wp-json\/wp\/v2\/posts"}],"about":[{"href":"https:\/\/portalpraties.com.br\/site\/wp-json\/wp\/v2\/types\/post"}],"author":[{"embeddable":true,"href":"https:\/\/portalpraties.com.br\/site\/wp-json\/wp\/v2\/users\/1"}],"replies":[{"embeddable":true,"href":"https:\/\/portalpraties.com.br\/site\/wp-json\/wp\/v2\/comments?post=26337"}],"version-history":[{"count":1,"href":"https:\/\/portalpraties.com.br\/site\/wp-json\/wp\/v2\/posts\/26337\/revisions"}],"predecessor-version":[{"id":26339,"href":"https:\/\/portalpraties.com.br\/site\/wp-json\/wp\/v2\/posts\/26337\/revisions\/26339"}],"wp:featuredmedia":[{"embeddable":true,"href":"https:\/\/portalpraties.com.br\/site\/wp-json\/wp\/v2\/media\/26338"}],"wp:attachment":[{"href":"https:\/\/portalpraties.com.br\/site\/wp-json\/wp\/v2\/media?parent=26337"}],"wp:term":[{"taxonomy":"category","embeddable":true,"href":"https:\/\/portalpraties.com.br\/site\/wp-json\/wp\/v2\/categories?post=26337"},{"taxonomy":"post_tag","embeddable":true,"href":"https:\/\/portalpraties.com.br\/site\/wp-json\/wp\/v2\/tags?post=26337"}],"curies":[{"name":"wp","href":"https:\/\/api.w.org\/{rel}","templated":true}]}}