{"id":26340,"date":"2023-11-18T22:27:55","date_gmt":"2023-11-18T22:27:55","guid":{"rendered":"https:\/\/portalpraties.com.br\/site\/?p=26340"},"modified":"2023-11-18T22:27:55","modified_gmt":"2023-11-18T22:27:55","slug":"dia-nacional-da-consciencia-negra-20-de-novembro","status":"publish","type":"post","link":"https:\/\/portalpraties.com.br\/site\/2023\/11\/18\/dia-nacional-da-consciencia-negra-20-de-novembro\/","title":{"rendered":"Dia Nacional da Consci\u00eancia Negra &#8211; 20 de Novembro"},"content":{"rendered":"\n<p><strong>Dia Nacional da Consci\u00eancia Negra \u00e9 uma data de celebra\u00e7\u00e3o e de conscientiza\u00e7\u00e3o sobre a intensa resist\u00eancia enfrentada por negros no Brasil desde os tempos da coloniza\u00e7\u00e3o.<\/strong><\/p>\n\n\n\n<p><strong>Dia Nacional da Consci\u00eancia Negra<\/strong>\u00a0\u00e9 uma data de\u00a0<strong>celebra\u00e7\u00e3o e de conscientiza\u00e7\u00e3o<\/strong>\u00a0sobre a for\u00e7a, a resist\u00eancia e o sofrimento que a popula\u00e7\u00e3o negra viveu no Brasil desde a\u00a0coloniza\u00e7\u00e3o. Durante o\u00a0per\u00edodo colonial, aproximadamente 4,6 milh\u00f5es de africanos foram trazidos para o Brasil para servirem na condi\u00e7\u00e3o de escravos, trabalhando primeiramente em lavouras de\u00a0cana-de-a\u00e7\u00facar\u00a0e no servi\u00e7o dom\u00e9stico, e posteriormente na\u00a0minera\u00e7\u00e3o\u00a0e em outras lavouras.<\/p>\n\n\n\n<p>A condi\u00e7\u00e3o de vida dos africanos e dos negros escravizados nascidos no Brasil era extremamente prec\u00e1ria. Al\u00e9m de serem submetidos ao trabalho for\u00e7ado<strong>, os escravos eram submetidos a um tratamento degradante e humilhante<\/strong>, n\u00e3o tendo direito a tratamento m\u00e9dico, \u00e0 educa\u00e7\u00e3o e a qualquer tipo de assist\u00eancia social.<\/p>\n\n\n\n<h2 class=\"wp-block-heading\"><strong>Como surgiu o Dia da Consci\u00eancia Negra?<\/strong><\/h2>\n\n\n\n<p>Al\u00e9m do tratamento degradante conferido \u00e0 popula\u00e7\u00e3o negra escravizada no Brasil entre 1536 e 1888 (este \u00faltimo ano data a liberta\u00e7\u00e3o dos escravos via Lei \u00c1urea),\u00a0<strong>as heran\u00e7as da\u00a0escravid\u00e3o\u00a0permaneceram<\/strong>. Quando os escravos foram libertos, em\u00a013 de maio de 1888, por meio da promulga\u00e7\u00e3o da Lei \u00c1urea, ap\u00f3s intensa luta de ativistas abolicionistas do per\u00edodo imperial do Brasil, como o jornalista e advogado negro Lu\u00eds Gama,\u00a0<strong>a popula\u00e7\u00e3o negra permaneceu sem qualquer tipo de assist\u00eancia<\/strong>.<\/p>\n\n\n\n<p>Muitos escravos rec\u00e9m libertos permaneceram nas fazendas onde eram cativos por n\u00e3o terem para onde ir. A grande maioria dessa popula\u00e7\u00e3o era analfabeta e n\u00e3o sabia outro of\u00edcio, al\u00e9m do trabalho intenso e pesado das lavouras. No Rio de Janeiro, muitos escravos foram procurar as regi\u00f5es dif\u00edceis de erguer constru\u00e7\u00f5es na cidade (os morros) para constru\u00edrem suas moradias, configurando as primeiras favelas.\u00a0<strong>A situa\u00e7\u00e3o deixada para a popula\u00e7\u00e3o negra no Brasil foi extremamente prec\u00e1ria.<\/strong><\/p>\n\n\n\n<p>Marginalizada, sem assist\u00eancia e com uma vida prec\u00e1ria,\u00a0<strong>a popula\u00e7\u00e3o negra no Brasil continuou a enfrentar muita dificuldade<\/strong>. Os negros eram discriminados socialmente, n\u00e3o tinham acesso aos mesmos direitos que os brancos e foram perseguidos. Diante dessa realidade, muitas comunidades negras (algumas inclusive remanescentes de\u00a0quilombos), al\u00e9m de organiza\u00e7\u00f5es sociais formadas por pessoas negras nas cidades, passaram a lutar pela igualdade racial e pela inser\u00e7\u00e3o da popula\u00e7\u00e3o negra na comunidade sem restri\u00e7\u00e3o de direitos.<\/p>\n\n\n\n<p>Na d\u00e9cada de 1970, ativistas ligados a um grupo de quilombolas situado no Rio Grande do Sul passaram a\u00a0<strong>reivindicar a celebra\u00e7\u00e3o do Dia da Consci\u00eancia Negra no Brasil<\/strong>\u00a0na data de 20 de novembro. Em 1978, surgiu o Movimento Negro Unificado no Pa\u00eds, que passou a\u00a0<strong>promover uma s\u00e9rie de a\u00e7\u00f5es para pensar a consci\u00eancia negra e lutar contra o\u00a0racismo\u00a0no Brasil<\/strong>. Gra\u00e7as ao movimento, o Dia da Consci\u00eancia Negra tornou-se uma data lembrada todo ano como representativa da luta da popula\u00e7\u00e3o negra.<\/p>\n\n\n\n<h2 class=\"wp-block-heading\"><strong>Por que escolheram o dia 20 de novembro?<\/strong><\/h2>\n\n\n\n<p>A escolha do dia 20 de novembro n\u00e3o foi aleat\u00f3ria, foi feita por ser a&nbsp;<strong>data de morte de Zumbi dos Palmares<\/strong>, no dia 20 de novembro de 1695. Zumbi foi o maior l\u00edder do Quilombo dos Palmares.<\/p>\n\n\n\n<p>Os quilombos eram comunidades formadas por negros escravizados que fugiam da tirania de seus senhores e escondiam-se em lugares de dif\u00edcil acesso no meio das matas. O\u00a0Quilombo dos Palmares\u00a0foi o maior e mais duradouro dos quilombos registrados pelos estudos historiogr\u00e1ficos. Estima-se que a sua forma\u00e7\u00e3o tenha durado cerca de 100 anos e abrigado entre 20 mil e 30 mil habitantes. A localiza\u00e7\u00e3o territorial do Quilombo dos Palmares era na regi\u00e3o da Serra da Barriga, atual estado de Alagoas.<\/p>\n\n\n\n<figure class=\"wp-block-image\"><img decoding=\"async\" src=\"https:\/\/static.mundoeducacao.uol.com.br\/mundoeducacao\/2019\/11\/antonio-parreiras-zumbi.jpg\" alt=\"Ant\u00f4nio Parreiras, Zumbi.\"\/><figcaption class=\"wp-element-caption\">Ant\u00f4nio Parreiras, Zumbi.<\/figcaption><\/figure>\n\n\n\n<p><strong>Zumbi foi um grande l\u00edder e representante da resist\u00eancia negra<\/strong>&nbsp;em sua \u00e9poca. Fontes antigas, que hoje s\u00e3o questionadas pela historiografia, apontam que ele nasceu em Palmares, por\u00e9m foi capturado e tomado como escravo aos sete anos de idade. Nessa \u00e9poca, Zumbi teria ficado sob os cuidados de um padre&nbsp;<a href=\"https:\/\/mundoeducacao.uol.com.br\/historiadobrasil\/jesuitas.htm\">jesu\u00edta<\/a>, que o batizou na tradi\u00e7\u00e3o cat\u00f3lica e o alfabetizou em portugu\u00eas e latim. Aos quinze anos de idade, Zumbi teria fugido para o Quilombo dos Palmares e, depois, destacado-se como uma lideran\u00e7a por l\u00e1.<\/p>\n\n\n\n<p>N\u00e3o \u00e9 poss\u00edvel atestar a veracidade desses dados porque, al\u00e9m de n\u00e3o terem confirma\u00e7\u00f5es hist\u00f3ricas, \u00e9 poss\u00edvel que eles tenham surgido em um momento espec\u00edfico, no s\u00e9culo XIX, em que a imagem de Zumbi foi constru\u00edda como um&nbsp;<strong>s\u00edmbolo her\u00f3ico<\/strong>&nbsp;para a justa defesa da aboli\u00e7\u00e3o da escravatura. Havia, portanto, um uso pol\u00edtico da imagem de Zumbi e uma constru\u00e7\u00e3o her\u00f3ica com uma finalidade espec\u00edfica, mas que pode n\u00e3o condizer com a realidade dos fatos sobre a vida do l\u00edder de Palmares.<\/p>\n\n\n\n<p>Foram muitas as batalhas que os quilombolas de Palmares lutaram contra o ex\u00e9rcito portugu\u00eas no Brasil e contra expedi\u00e7\u00f5es promovidas por capit\u00e3es e por fazendeiros colonos. Zumbi despontou-se como uma grande lideran\u00e7a justamente por ser um&nbsp;<strong>grande estrategista militar<\/strong>&nbsp;e representante de&nbsp;<strong>forte resist\u00eancia contra os colonos escravocratas<\/strong>.<\/p>\n\n\n\n<p>Embora pouco conhecida, outra figura importante dentro do Quilombo de Palmares foi&nbsp;<strong>Dandara de Palmares<\/strong>. Apesar de poucas fontes historiogr\u00e1ficas sobre a figura de Dandara, sabe-se que ela foi&nbsp;<strong>uma grande guerreira resistente<\/strong>. Fontes historiogr\u00e1ficas apontam que ela foi esposa de Zumbi e teve com o l\u00edder quilombola tr\u00eas filhos. A morte de Dandara ocorreu em 1694, quando foi capturada. Para fugir da escravid\u00e3o, a guerreira de Palmares cometeu suic\u00eddio jogando-se de um desfiladeiro.<\/p>\n\n\n\n<p>Em 1694, tropas organizadas pela&nbsp;<strong>expedi\u00e7\u00e3o do bandeirante Domingos Jorge Velho<\/strong>&nbsp;conseguiram \u00eaxito, capturando v\u00e1rios quilombolas. Na expedi\u00e7\u00e3o, os bandeirantes utilizaram inclusive artilharia pesada, como canh\u00f5es de guerra. Dessa maneira, a bandeira&nbsp;<strong>capturou o quilombola Antonio Soares<\/strong>&nbsp;e prometeu-o a liberdade em troca da revela\u00e7\u00e3o do esconderijo do l\u00edder Zumbi.<\/p>\n\n\n\n<p>Antonio Soares cedeu e traiu o l\u00edder de Palmares, revelando o seu esconderijo. Em novembro de&nbsp;<strong>1695<\/strong>, as tropas de Domingos Jorge Velho&nbsp;<strong>capturaram Zumbi e mataram-no<\/strong>, degolando a sua cabe\u00e7a e expondo-a em pra\u00e7a p\u00fablica. Nesse evento, os bandeirantes dominaram os quilombolas, desfazendo o quilombo. Os habitantes que n\u00e3o foram mortos ou capturados tiveram que fugir do local.<\/p>\n\n\n\n<p>Assim, o dia 20 de novembro foi escolhido para representar o Dia Nacional da Consci\u00eancia Negra por conta da import\u00e2ncia da figura de Zumbi dos Palmares&nbsp;<strong>na luta e resist\u00eancia contra a escravid\u00e3o de povos de origem africana<\/strong>.<\/p>\n\n\n\n<h2 class=\"wp-block-heading\"><strong>Atividades para comemorar o dia<\/strong><\/h2>\n\n\n\n<p>Se por um lado temos motivos para comemorar o Dia Nacional da Consci\u00eancia Negra, por outro, temos motivos para\u00a0<strong>discutir o racismo e promover a ideia de integra\u00e7\u00e3o igual da popula\u00e7\u00e3o negra na sociedade<\/strong>, lutando contra a exclus\u00e3o e a\u00a0desigualdade social. Nesse sentido, as a\u00e7\u00f5es promovidas no dia 20 de novembro n\u00e3o devem ser de comemora\u00e7\u00e3o, mas de conscientiza\u00e7\u00e3o e reflex\u00e3o.<\/p>\n\n\n\n<p>Tomando como exemplo os dados sobre renda e desigualdade, vemos que o Brasil ainda permanece sob a influ\u00eancia da&nbsp;<strong>heran\u00e7a da escravid\u00e3o<\/strong>&nbsp;quanto ao tema inclus\u00e3o social e igualdade social. A maioria da popula\u00e7\u00e3o brasileira, quase 54% dos habitantes, autodeclara-se negra (pretos ou pardos), segundo o IBGE. No entanto, dados levantados pela pesquisa Pesquisa Nacional por Amostra de Domic\u00edlios (PNAD), promovida pelo IBGE em 2017, apontam que a renda m\u00e9dia de pretos e pardos corresponde a R$ 1570 e R$ 1606, respectivamente, enquanto a renda m\u00e9dia de brancos \u00e9 de R$ 2814. Dados da PNAD de 2015 tamb\u00e9m apontaram que a porcentagem de negros e pardos entre os 1% mais ricos da popula\u00e7\u00e3o era de 17,8%, enquanto o grupo dos 10% mais pobres possu\u00eda um total de 75% de negros e pardos<strong>|1|<\/strong>.<\/p>\n\n\n\n<p>Devido \u00e0 evidente desigualdade social e exclus\u00e3o da popula\u00e7\u00e3o negra, somadas ao racismo, a celebra\u00e7\u00e3o do Dia Nacional da Consci\u00eancia Negra deve ocorrer por meio de atividades de\u00a0<strong>reconhecimento da cultura negra como parte integrante da cultura brasileira<\/strong>\u00a0e por meio de atividades de discuss\u00e3o e conscientiza\u00e7\u00e3o sobre o problema do racismo e da exclus\u00e3o dos negros na sociedade brasileira.<\/p>\n\n\n\n<h2 class=\"wp-block-heading\"><strong>Dia da Nacional da Consci\u00eancia Negra \u00e9 feriado?<\/strong><\/h2>\n\n\n\n<p>A Lei 12.519 de 2011 instituiu oficialmente o dia 20 de novembro como Dia da Consci\u00eancia Negra. A lei deixa aberta a possibilidade de estabelecimento de feriado em tal data, ficando a crit\u00e9rio dos munic\u00edpios e dos estados acatarem-na ou n\u00e3o como feriado.<\/p>\n\n\n\n<p>Fonte: mundoeducacao.uol.com.br<\/p>\n","protected":false},"excerpt":{"rendered":"<p>Dia Nacional da Consci\u00eancia Negra \u00e9 uma data de celebra\u00e7\u00e3o e de conscientiza\u00e7\u00e3o sobre a intensa resist\u00eancia enfrentada por negros no Brasil desde os tempos da coloniza\u00e7\u00e3o. Dia Nacional da Consci\u00eancia Negra\u00a0\u00e9 uma data de\u00a0celebra\u00e7\u00e3o e de conscientiza\u00e7\u00e3o\u00a0sobre a for\u00e7a, a resist\u00eancia e o sofrimento que a popula\u00e7\u00e3o negra viveu no Brasil desde a\u00a0coloniza\u00e7\u00e3o. Durante o\u00a0per\u00edodo colonial, aproximadamente 4,6 milh\u00f5es [&hellip;]<\/p>\n","protected":false},"author":1,"featured_media":26341,"comment_status":"closed","ping_status":"","sticky":false,"template":"","format":"standard","meta":{"footnotes":""},"categories":[3],"tags":[],"class_list":["post-26340","post","type-post","status-publish","format-standard","has-post-thumbnail","hentry","category-noticias"],"_links":{"self":[{"href":"https:\/\/portalpraties.com.br\/site\/wp-json\/wp\/v2\/posts\/26340","targetHints":{"allow":["GET"]}}],"collection":[{"href":"https:\/\/portalpraties.com.br\/site\/wp-json\/wp\/v2\/posts"}],"about":[{"href":"https:\/\/portalpraties.com.br\/site\/wp-json\/wp\/v2\/types\/post"}],"author":[{"embeddable":true,"href":"https:\/\/portalpraties.com.br\/site\/wp-json\/wp\/v2\/users\/1"}],"replies":[{"embeddable":true,"href":"https:\/\/portalpraties.com.br\/site\/wp-json\/wp\/v2\/comments?post=26340"}],"version-history":[{"count":1,"href":"https:\/\/portalpraties.com.br\/site\/wp-json\/wp\/v2\/posts\/26340\/revisions"}],"predecessor-version":[{"id":26342,"href":"https:\/\/portalpraties.com.br\/site\/wp-json\/wp\/v2\/posts\/26340\/revisions\/26342"}],"wp:featuredmedia":[{"embeddable":true,"href":"https:\/\/portalpraties.com.br\/site\/wp-json\/wp\/v2\/media\/26341"}],"wp:attachment":[{"href":"https:\/\/portalpraties.com.br\/site\/wp-json\/wp\/v2\/media?parent=26340"}],"wp:term":[{"taxonomy":"category","embeddable":true,"href":"https:\/\/portalpraties.com.br\/site\/wp-json\/wp\/v2\/categories?post=26340"},{"taxonomy":"post_tag","embeddable":true,"href":"https:\/\/portalpraties.com.br\/site\/wp-json\/wp\/v2\/tags?post=26340"}],"curies":[{"name":"wp","href":"https:\/\/api.w.org\/{rel}","templated":true}]}}