{"id":26343,"date":"2023-11-18T22:40:49","date_gmt":"2023-11-18T22:40:49","guid":{"rendered":"https:\/\/portalpraties.com.br\/site\/?p=26343"},"modified":"2023-11-18T22:40:49","modified_gmt":"2023-11-18T22:40:49","slug":"proclamacao-da-republica-a-historia-por-tras-do-feriado-nacional-de-15-de-novembro","status":"publish","type":"post","link":"https:\/\/portalpraties.com.br\/site\/2023\/11\/18\/proclamacao-da-republica-a-historia-por-tras-do-feriado-nacional-de-15-de-novembro\/","title":{"rendered":"Proclama\u00e7\u00e3o da Rep\u00fablica: a hist\u00f3ria por tr\u00e1s do feriado nacional de 15 de novembro"},"content":{"rendered":"\n<p>O dia 15 de novembro marca a celebra\u00e7\u00e3o da Proclama\u00e7\u00e3o da Rep\u00fablica. Feriado nacional desde 1959, segundo a Lei Federal 662, do presidente Eurico Gaspar Dutra, \u00e9 o pen\u00faltimo do ano. Em 2023, a data cai em uma quarta-feira. O pr\u00f3ximo feriado nacional ser\u00e1 o Natal, em 25 de dezembro.<\/p>\n\n\n\n<h2 class=\"wp-block-heading\">Por que a Proclama\u00e7\u00e3o da Rep\u00fablica \u00e9 feriado nacional?<\/h2>\n\n\n\n<p>Em 1889, o marechal Deodoro da Fonseca assinou o Decreto 1\u00ba, ato que derrubou a monarquia e instaurou o republicanismo como forma de governo do Brasil.<\/p>\n\n\n\n<p>&#8220;Fica proclamada provisoriamente e decretada como a forma de governo da na\u00e7\u00e3o brasileira \u2014 a Rep\u00fablica Federativa&#8221;, diz o artigo primeiro do decreto assinado pelo Marechal Deodoro da Fonseca, Rui Barbosa, Benjamin Constant, Quintino Bocai\u00fava e outros no dia 15 de novembro de 1889. O documento tamb\u00e9m alterou o nome do pa\u00eds, que oficialmente passou a se chamar &#8220;Estados Unidos do Brasil&#8221;. Apenas em 1968, o Brasil ganhou seu nome atual: Rep\u00fablica Federativa do Brasil.<\/p>\n\n\n\n<p>O movimento que derrubou a monarquia foi liderado por militares, que se encontravam insatisfeitos com a Coroa representada pelo imperador Dom Pedro II. As cr\u00edticas se intensificaram ap\u00f3s a Guerra do Paraguai, em 1864, que mobilizou muitos recursos das for\u00e7as armadas brasileiras. Os militares passaram a demandavam maior participa\u00e7\u00e3o no governo.<\/p>\n\n\n\n<p>\u00c0 frente da queda da monarquia estava o futuro presidente do Brasil, Marechal Deodoro, que juntou-se ao movimento apoiado por parte da classe pol\u00edtica e ex-propriet\u00e1rios de escravos, insatisfeitos com o fim da escravid\u00e3o, ocorrida um ano antes. Depois da tomada de poder, o pa\u00eds se tornou laico e foi instaurado o presidencialismo como sistema de governo.<\/p>\n\n\n\n<p>Fonte: oglobo.globo.com<\/p>\n","protected":false},"excerpt":{"rendered":"<p>O dia 15 de novembro marca a celebra\u00e7\u00e3o da Proclama\u00e7\u00e3o da Rep\u00fablica. Feriado nacional desde 1959, segundo a Lei Federal 662, do presidente Eurico Gaspar Dutra, \u00e9 o pen\u00faltimo do ano. Em 2023, a data cai em uma quarta-feira. O pr\u00f3ximo feriado nacional ser\u00e1 o Natal, em 25 de dezembro. Por que a Proclama\u00e7\u00e3o da Rep\u00fablica \u00e9 feriado nacional? Em [&hellip;]<\/p>\n","protected":false},"author":1,"featured_media":26344,"comment_status":"closed","ping_status":"","sticky":false,"template":"","format":"standard","meta":{"footnotes":""},"categories":[3],"tags":[],"class_list":["post-26343","post","type-post","status-publish","format-standard","has-post-thumbnail","hentry","category-noticias"],"_links":{"self":[{"href":"https:\/\/portalpraties.com.br\/site\/wp-json\/wp\/v2\/posts\/26343","targetHints":{"allow":["GET"]}}],"collection":[{"href":"https:\/\/portalpraties.com.br\/site\/wp-json\/wp\/v2\/posts"}],"about":[{"href":"https:\/\/portalpraties.com.br\/site\/wp-json\/wp\/v2\/types\/post"}],"author":[{"embeddable":true,"href":"https:\/\/portalpraties.com.br\/site\/wp-json\/wp\/v2\/users\/1"}],"replies":[{"embeddable":true,"href":"https:\/\/portalpraties.com.br\/site\/wp-json\/wp\/v2\/comments?post=26343"}],"version-history":[{"count":1,"href":"https:\/\/portalpraties.com.br\/site\/wp-json\/wp\/v2\/posts\/26343\/revisions"}],"predecessor-version":[{"id":26345,"href":"https:\/\/portalpraties.com.br\/site\/wp-json\/wp\/v2\/posts\/26343\/revisions\/26345"}],"wp:featuredmedia":[{"embeddable":true,"href":"https:\/\/portalpraties.com.br\/site\/wp-json\/wp\/v2\/media\/26344"}],"wp:attachment":[{"href":"https:\/\/portalpraties.com.br\/site\/wp-json\/wp\/v2\/media?parent=26343"}],"wp:term":[{"taxonomy":"category","embeddable":true,"href":"https:\/\/portalpraties.com.br\/site\/wp-json\/wp\/v2\/categories?post=26343"},{"taxonomy":"post_tag","embeddable":true,"href":"https:\/\/portalpraties.com.br\/site\/wp-json\/wp\/v2\/tags?post=26343"}],"curies":[{"name":"wp","href":"https:\/\/api.w.org\/{rel}","templated":true}]}}