{"id":26509,"date":"2023-11-26T01:25:58","date_gmt":"2023-11-26T01:25:58","guid":{"rendered":"https:\/\/portalpraties.com.br\/site\/?p=26509"},"modified":"2023-11-26T01:25:58","modified_gmt":"2023-11-26T01:25:58","slug":"leilao-de-concessao-da-br-381-entre-bh-e-governador-valadares-e-adiado-por-falta-de-propostas","status":"publish","type":"post","link":"https:\/\/portalpraties.com.br\/site\/2023\/11\/26\/leilao-de-concessao-da-br-381-entre-bh-e-governador-valadares-e-adiado-por-falta-de-propostas\/","title":{"rendered":"Leil\u00e3o de concess\u00e3o da BR-381 entre BH e Governador Valadares \u00e9 adiado por falta de propostas"},"content":{"rendered":"\n<p>Segundo o Minist\u00e9rio dos Transportes, prazo para entrega dos envelopes terminou \u00e0s 12h desta ter\u00e7a-feira (21) sem interessados. Leil\u00e3o estava previsto para a pr\u00f3xima sexta-feira (24).<\/p>\n\n\n\n<p>O leil\u00e3o de concess\u00e3o da BR-381, entre Governador Valadares, na Regi\u00e3o do Rio Doce, e Belo Horizonte, que estava previsto para a pr\u00f3xima sexta-feira (24),&nbsp;foi adiado por falta de propostas.<\/p>\n\n\n\n<p>Segundo o Minist\u00e9rio dos Transportes,&nbsp;o prazo para a entrega dos envelopes terminou \u00e0s 12h desta ter\u00e7a-feira (21)&nbsp;sem interessados.<\/p>\n\n\n\n<p>O objeto do leil\u00e3o adiado \u00e9 um trecho de\u00a0<strong>304 km<\/strong>\u00a0da BR-381. O projeto prev\u00ea a\u00a0duplica\u00e7\u00e3o de\u00a0<strong>134 km<\/strong>, a implanta\u00e7\u00e3o de\u00a0<strong>138 km<\/strong>\u00a0de faixas adicionais e de\u00a0<strong>11 km<\/strong>\u00a0de vias marginais, a instala\u00e7\u00e3o de\u00a0<strong>36<\/strong>\u00a0travessias de pedestres e de\u00a0<strong>34<\/strong>\u00a0passagens de fauna, al\u00e9m da constru\u00e7\u00e3o de dispositivos de retornos e rotat\u00f3rias e de\u00a0<strong>152<\/strong>\u00a0corre\u00e7\u00f5es de tra\u00e7ado. Os investimentos estimados ultrapassam\u00a0<strong>R$ 10 bilh\u00f5es<\/strong>.<\/p>\n\n\n\n<p>Em nota, o Minist\u00e9rio dos Transportes afirmou que &#8220;o governo federal continua determinado em encontrar uma solu\u00e7\u00e3o para modernizar e adequar a capacidade da BR-381\/MG, que, em virtude dos acidentes ocorridos nas \u00faltimas d\u00e9cadas, ficou conhecida como &#8216;Rodovia da Morte&#8217; &#8220;.<\/p>\n\n\n\n<blockquote class=\"wp-block-quote is-layout-flow wp-block-quote-is-layout-flow\">\n<p>&#8220;Essa \u00e9 a terceira tentativa de leiloar o trecho entre Belo Horizonte e Governador Valadares. As anteriores ocorreram em 2021 e 2022. Vamos retomar o di\u00e1logo com o Tribunal de Contas da Uni\u00e3o (TCU) a fim de criar as condi\u00e7\u00f5es necess\u00e1rias para viabilizar o investimento privado&#8221;, completou a pasta.<\/p>\n<\/blockquote>\n\n\n\n<p>O Minist\u00e9rio dos Transportes afirmou ainda que&nbsp;&#8220;trabalha para reposicionar o projeto e lev\u00e1-lo a leil\u00e3o no primeiro semestre de 2024&#8221;.<\/p>\n\n\n\n<figure class=\"wp-block-image\"><img decoding=\"async\" src=\"https:\/\/s2-g1.glbimg.com\/kS6mTtlu9r4FZEuQThlqGTm5BI4=\/0x0:768x512\/984x0\/smart\/filters:strip_icc()\/i.s3.glbimg.com\/v1\/AUTH_59edd422c0c84a879bd37670ae4f538a\/internal_photos\/bs\/2023\/P\/h\/y1wBBwRFar7mcdsFMXsw\/c6b1dd72-29ef-49c0-acec-158ac825cb19.jpeg\" alt=\"Rodovia BR-381 \u2014 Foto: DNIT\/ Divulga\u00e7\u00e3o\"\/><\/figure>\n\n\n\n<p>Rodovia BR-381 \u2014 Foto: DNIT\/ Divulga\u00e7\u00e3o<\/p>\n\n\n\n<p>Fonte: g1.com.br<\/p>\n","protected":false},"excerpt":{"rendered":"<p>Segundo o Minist\u00e9rio dos Transportes, prazo para entrega dos envelopes terminou \u00e0s 12h desta ter\u00e7a-feira (21) sem interessados. Leil\u00e3o estava previsto para a pr\u00f3xima sexta-feira (24). O leil\u00e3o de concess\u00e3o da BR-381, entre Governador Valadares, na Regi\u00e3o do Rio Doce, e Belo Horizonte, que estava previsto para a pr\u00f3xima sexta-feira (24),&nbsp;foi adiado por falta de propostas. Segundo o Minist\u00e9rio dos [&hellip;]<\/p>\n","protected":false},"author":1,"featured_media":26510,"comment_status":"closed","ping_status":"","sticky":false,"template":"","format":"standard","meta":{"footnotes":""},"categories":[3],"tags":[],"class_list":["post-26509","post","type-post","status-publish","format-standard","has-post-thumbnail","hentry","category-noticias"],"_links":{"self":[{"href":"https:\/\/portalpraties.com.br\/site\/wp-json\/wp\/v2\/posts\/26509","targetHints":{"allow":["GET"]}}],"collection":[{"href":"https:\/\/portalpraties.com.br\/site\/wp-json\/wp\/v2\/posts"}],"about":[{"href":"https:\/\/portalpraties.com.br\/site\/wp-json\/wp\/v2\/types\/post"}],"author":[{"embeddable":true,"href":"https:\/\/portalpraties.com.br\/site\/wp-json\/wp\/v2\/users\/1"}],"replies":[{"embeddable":true,"href":"https:\/\/portalpraties.com.br\/site\/wp-json\/wp\/v2\/comments?post=26509"}],"version-history":[{"count":1,"href":"https:\/\/portalpraties.com.br\/site\/wp-json\/wp\/v2\/posts\/26509\/revisions"}],"predecessor-version":[{"id":26511,"href":"https:\/\/portalpraties.com.br\/site\/wp-json\/wp\/v2\/posts\/26509\/revisions\/26511"}],"wp:featuredmedia":[{"embeddable":true,"href":"https:\/\/portalpraties.com.br\/site\/wp-json\/wp\/v2\/media\/26510"}],"wp:attachment":[{"href":"https:\/\/portalpraties.com.br\/site\/wp-json\/wp\/v2\/media?parent=26509"}],"wp:term":[{"taxonomy":"category","embeddable":true,"href":"https:\/\/portalpraties.com.br\/site\/wp-json\/wp\/v2\/categories?post=26509"},{"taxonomy":"post_tag","embeddable":true,"href":"https:\/\/portalpraties.com.br\/site\/wp-json\/wp\/v2\/tags?post=26509"}],"curies":[{"name":"wp","href":"https:\/\/api.w.org\/{rel}","templated":true}]}}