{"id":26546,"date":"2024-01-06T20:56:18","date_gmt":"2024-01-06T20:56:18","guid":{"rendered":"https:\/\/portalpraties.com.br\/site\/?p=26546"},"modified":"2024-01-06T20:57:38","modified_gmt":"2024-01-06T20:57:38","slug":"temporal-na-vespera-de-ano-novo-provoca-alagamentos-em-minas-gerais","status":"publish","type":"post","link":"https:\/\/portalpraties.com.br\/site\/2024\/01\/06\/temporal-na-vespera-de-ano-novo-provoca-alagamentos-em-minas-gerais\/","title":{"rendered":"Volta do R\u00e9veillon \u00e9 marcada por acidentes em MG"},"content":{"rendered":"\n<p>O primeiro dia do ano foi marcado por diversos acidentes nas rodovias que cortam Minas Gerais.\u00a0Pelo menos uma pessoa morreu e oito ficaram feridas\u00a0em ocorr\u00eancias na Regi\u00e3o Metropolitana de Belo Horizonte e na Regi\u00e3o Central do estado.<\/p>\n\n\n\n<h2 class=\"wp-block-heading\">BR 381<\/h2>\n\n\n\n<p>O temporal vem causando diversos acidentes na tarde desta segunda-feira (1\/1), na BR-381, em Minas Gerais.<\/p>\n\n\n\n<p>O primeiro foi no sentido Vit\u00f3ria, km 425, depois do trevo do Caet\u00e9. Segundo informa\u00e7\u00f5es de militares do Corpo de Bombeiros que estavam no local, o motorista perdeu o controle e bateu na mureta da pista at\u00e9 parar no in\u00edcio da ponte.<\/p>\n\n\n\n<figure class=\"wp-block-image\"><img decoding=\"async\" src=\"https:\/\/midias.em.com.br\/_midias\/jpg\/2024\/01\/01\/whatsapp_image_2024_01_01_at_18_51_10-33858330.jpeg\" alt=\"Carro ficou preso entre a mureta da rodovia\" title=\"Carro ficou preso entre a mureta da rodovia\"\/><figcaption class=\"wp-element-caption\">Carro ficou preso entre a mureta da rodovia<small>Wellington Barbosa\/EM\/D.A. Press<\/small><\/figcaption><\/figure>\n\n\n\n<p>O carro tinha tr\u00eas ocupantes, um homem e duas mulheres, que n\u00e3o se machucaram e foram para um restaurante pr\u00f3ximo, \u00e0 espera do guincho para retirada do ve\u00edculo.<\/p>\n\n\n\n<p>O segundo acidente aconteceu menos de 5 km depois, com o capotamento de um carro na BR-381. Segundo o motorista, ele estava indo para Jo\u00e3o Monlevade, quando ao entrar na curva perdeu o controle do carro, bateu na canaleta, capotou e foi parar do outro lado da pista, no sentido Belo Horizonte. O condutor estava sozinho e n\u00e3o se machucou. A Pol\u00edcia Rodovi\u00e1ria Federal (PRF)&nbsp;foi ao local atender a v\u00edtima.<\/p>\n\n\n\n<p>O terceiro acidente foi dois quil\u00f4metros depois, tamb\u00e9m no sentido Vit\u00f3ria. Um carro sedan, que estava indo para a capital, perdeu o controle e foi parar no mato. Uma faixa no trecho foi interditada pela PRF para remo\u00e7\u00e3o do ve\u00edculo. Ningu\u00e9m se feriu.<\/p>\n\n\n\n<h2 class=\"wp-block-heading\">Nova Era<\/h2>\n\n\n\n<figure class=\"wp-block-image\"><img decoding=\"async\" src=\"https:\/\/s2-g1.glbimg.com\/-Sxq521qLdf3CHp70OPzEcR5G-Q=\/0x772:900x1360\/984x0\/smart\/filters:strip_icc()\/i.s3.glbimg.com\/v1\/AUTH_59edd422c0c84a879bd37670ae4f538a\/internal_photos\/bs\/2024\/k\/j\/Lhyr22S2WW9oaSquip0A\/a9478279-6e47-4854-89b1-58ba50bed687.jpg\" alt=\"Acidente na BR-381, em Nova Era \u2014 Foto: Redes sociais\"\/><\/figure>\n\n\n\n<p>Acidente na BR-381, em Nova Era \u2014 Foto: Redes sociais<\/p>\n\n\n\n<p>Cinco pessoas ficaram feridas depois de uma batida entre dois carros, na manh\u00e3 desta segunda-feira (1\u00ba), na BR-381, em Nova Era, na Regi\u00e3o Central.<\/p>\n\n\n\n<p>Segundo o Corpo de Bombeiros, a corpora\u00e7\u00e3o prestou os primeiros socorros ainda no local e conduziu tr\u00eas v\u00edtimas conscientes e com ferimentos leves para atendimento.<\/p>\n\n\n\n<p>Outras duas foram resgatadas pelo Samu.<\/p>\n\n\n\n<h2 class=\"wp-block-heading\">Nova Lima<\/h2>\n\n\n\n<p>Na BR-040, em Nova Lima, na Grande BH,&nbsp;um homem morreu em um capotamento, no sentido Rio de Janeiro, na tarde desta segunda-feira (1\u00ba), de acordo com o Corpo de Bombeiros.<\/p>\n\n\n\n<p>Uma mulher ficou ferida&nbsp;e foi socorrida pelo Servi\u00e7o de Atendimento M\u00f3vel de Urg\u00eancia (Samu).<\/p>\n\n\n\n<h2 class=\"wp-block-heading\">Caet\u00e9<\/h2>\n\n\n\n<figure class=\"wp-block-image\"><img decoding=\"async\" src=\"https:\/\/s2-g1.glbimg.com\/06TadnavSHnzLc5WLF_QuvFVgS8=\/0x0:1600x900\/984x0\/smart\/filters:strip_icc()\/i.s3.glbimg.com\/v1\/AUTH_59edd422c0c84a879bd37670ae4f538a\/internal_photos\/bs\/2024\/Z\/O\/HNa8FdQS6hdnQ2wxsX8w\/whatsapp-image-2024-01-01-at-18.05.30.jpeg\" alt=\"Carro parou sobre mureta ap\u00f3s acidente na BR-381, em Caet\u00e9 \u2014 Foto: Redes sociais\"\/><\/figure>\n\n\n\n<p>Carro parou sobre mureta ap\u00f3s acidente na BR-381, em Caet\u00e9 \u2014 Foto: Redes sociais<\/p>\n\n\n\n<p>Um carro ficou sobre uma mureta depois de se envolver em um acidente na BR-381, em Ro\u00e7as Novas, distrito de Caet\u00e9, na Regi\u00e3o Metropolitana.<\/p>\n\n\n\n<p>Segundo o Corpo de Bombeiros, a corpora\u00e7\u00e3o foi acionada por volta das 17h.&nbsp;Antes da chegada da unidade de resgate, o motorista teria sido socorrido por algumas pessoas para um hospital da regi\u00e3o.<\/p>\n\n\n\n<p>Os bombeiros atuaram no local em apoio a outros \u00f3rg\u00e3os para garantir a seguran\u00e7a da via. Um guincho retirou o carro da mureta.<\/p>\n\n\n\n<h2 class=\"wp-block-heading\">Itabirito<\/h2>\n\n\n\n<figure class=\"wp-block-image\"><img decoding=\"async\" src=\"https:\/\/s2-g1.glbimg.com\/XXPekXEGzCmuVNkUbNk2qHiC7XM=\/0x0:488x1032\/984x0\/smart\/filters:strip_icc()\/i.s3.glbimg.com\/v1\/AUTH_59edd422c0c84a879bd37670ae4f538a\/internal_photos\/bs\/2024\/I\/P\/H9lBwiSSqogu83BHLBsg\/photo1704131823.jpeg\" alt=\"Carro caiu em ribanceira na BR-356, em Itabirito \u2014 Foto: Corpo de Bombeiros\/ Divulga\u00e7\u00e3o\"\/><\/figure>\n\n\n\n<p>Carro caiu em ribanceira na BR-356, em Itabirito \u2014 Foto: Corpo de Bombeiros\/ Divulga\u00e7\u00e3o<\/p>\n\n\n\n<p>Na BR-356, em Itabirito, na Regi\u00e3o Central do estado,&nbsp;um carro caiu em uma ribanceira de aproximadamente 70 metros.<\/p>\n\n\n\n<p>Segundo o Corpo de Bombeiros, uma picape seguia no sentido Belo Horizonte quando outro ve\u00edculo se aproximou pela contram\u00e3o. Para evitar uma colis\u00e3o, o motorista da picape jogou o carro para a direita, mas acabou perdendo o controle da dire\u00e7\u00e3o e atingiu um Fox.<\/p>\n\n\n\n<p>O Fox foi jogado para fora da pista e caiu no barranco.&nbsp;Duas pessoas estavam no ve\u00edculo, sendo que uma ficou ferida.<\/p>\n\n\n\n<h2 class=\"wp-block-heading\">Sete Lagoas<\/h2>\n\n\n\n<figure class=\"wp-block-image\"><img decoding=\"async\" src=\"https:\/\/s2-g1.glbimg.com\/bqqPYyzx1Uo1Yo-2uwMzrXkr2Qs=\/0x0:473x435\/984x0\/smart\/filters:strip_icc()\/i.s3.glbimg.com\/v1\/AUTH_59edd422c0c84a879bd37670ae4f538a\/internal_photos\/bs\/2024\/b\/6\/DElrKwS5GNAKAoF6VBeQ\/acidente-carretas.jpg\" alt=\"Acidente envolvendo carretas na BR-040, em Sete Lagoas \u2014 Foto: Redes sociais\"\/><\/figure>\n\n\n\n<p>Acidente envolvendo carretas na BR-040, em Sete Lagoas \u2014 Foto: Redes sociais<\/p>\n\n\n\n<p>Uma batida entre duas carretas provocou congestionamento na BR-040, em Sete Lagoas, na Regi\u00e3o Central do estado.<\/p>\n\n\n\n<p>De acordo com a Pol\u00edcia Rodovi\u00e1ria Federal (PRF-MG), o acidente ocorreu por volta das 15h, no sentido RJ, e n\u00e3o deixou v\u00edtimas.&nbsp;Durante a tarde, a lentid\u00e3o chegou a 24 quil\u00f4metros.<\/p>\n\n\n\n<p>Apesar de a pista ter sido liberada por volta das 18h40, segundo a Via 040, concession\u00e1ria que administra a rodovia,\u00a0\u00e0s 19h ainda havia congestionamento de 15 quil\u00f4metros.<\/p>\n\n\n\n<p>Fonte: G1.com &#8211; EstadodeMinas<\/p>\n","protected":false},"excerpt":{"rendered":"<p>O primeiro dia do ano foi marcado por diversos acidentes nas rodovias que cortam Minas Gerais.\u00a0Pelo menos uma pessoa morreu e oito ficaram feridas\u00a0em ocorr\u00eancias na Regi\u00e3o Metropolitana de Belo Horizonte e na Regi\u00e3o Central do estado. BR 381 O temporal vem causando diversos acidentes na tarde desta segunda-feira (1\/1), na BR-381, em Minas Gerais. O primeiro foi no sentido [&hellip;]<\/p>\n","protected":false},"author":1,"featured_media":26516,"comment_status":"closed","ping_status":"","sticky":false,"template":"","format":"standard","meta":{"footnotes":""},"categories":[3],"tags":[],"class_list":["post-26546","post","type-post","status-publish","format-standard","has-post-thumbnail","hentry","category-noticias"],"_links":{"self":[{"href":"https:\/\/portalpraties.com.br\/site\/wp-json\/wp\/v2\/posts\/26546","targetHints":{"allow":["GET"]}}],"collection":[{"href":"https:\/\/portalpraties.com.br\/site\/wp-json\/wp\/v2\/posts"}],"about":[{"href":"https:\/\/portalpraties.com.br\/site\/wp-json\/wp\/v2\/types\/post"}],"author":[{"embeddable":true,"href":"https:\/\/portalpraties.com.br\/site\/wp-json\/wp\/v2\/users\/1"}],"replies":[{"embeddable":true,"href":"https:\/\/portalpraties.com.br\/site\/wp-json\/wp\/v2\/comments?post=26546"}],"version-history":[{"count":2,"href":"https:\/\/portalpraties.com.br\/site\/wp-json\/wp\/v2\/posts\/26546\/revisions"}],"predecessor-version":[{"id":26549,"href":"https:\/\/portalpraties.com.br\/site\/wp-json\/wp\/v2\/posts\/26546\/revisions\/26549"}],"wp:featuredmedia":[{"embeddable":true,"href":"https:\/\/portalpraties.com.br\/site\/wp-json\/wp\/v2\/media\/26516"}],"wp:attachment":[{"href":"https:\/\/portalpraties.com.br\/site\/wp-json\/wp\/v2\/media?parent=26546"}],"wp:term":[{"taxonomy":"category","embeddable":true,"href":"https:\/\/portalpraties.com.br\/site\/wp-json\/wp\/v2\/categories?post=26546"},{"taxonomy":"post_tag","embeddable":true,"href":"https:\/\/portalpraties.com.br\/site\/wp-json\/wp\/v2\/tags?post=26546"}],"curies":[{"name":"wp","href":"https:\/\/api.w.org\/{rel}","templated":true}]}}