{"id":26550,"date":"2024-01-06T21:04:11","date_gmt":"2024-01-06T21:04:11","guid":{"rendered":"https:\/\/portalpraties.com.br\/site\/?p=26550"},"modified":"2024-01-06T21:04:11","modified_gmt":"2024-01-06T21:04:11","slug":"quadro-de-saude-de-policial-militar-baleado-na-cabeca-em-bh-e-irreversivel","status":"publish","type":"post","link":"https:\/\/portalpraties.com.br\/site\/2024\/01\/06\/quadro-de-saude-de-policial-militar-baleado-na-cabeca-em-bh-e-irreversivel\/","title":{"rendered":"Quadro de sa\u00fade de policial militar baleado na cabe\u00e7a em BH \u00e9 irrevers\u00edvel"},"content":{"rendered":"\n<h2 class=\"wp-block-heading\">A porta-voz da PM disse que situa\u00e7\u00e3o requer um milagre. Sargento foi baleado \u00e0 queima-roupa ao abordar suspeito de roubar carro.<\/h2>\n\n\n\n<p>Policial militar leva tiro na cabe\u00e7a durante persegui\u00e7\u00e3o a suspeitos em BH<\/p>\n\n\n\n<p>A Policia Militar de Minas Gerais\u00a0<strong>(PMMG)<\/strong>\u00a0disse acreditar em\u00a0<strong>&#8220;milagre&#8221;<\/strong>\u00a0para salvar a vida do\u00a0militar de 29 anos que foi baleado durante uma persegui\u00e7\u00e3o a dois suspeitos, na noite desta sexta-feira (5), no bairro Novo Aar\u00e3o Reis, Regi\u00e3o Norte de\u00a0Belo Horizonte. Quadro de sa\u00fade \u00e9 irrevers\u00edvel, de acordo com a Corpora\u00e7\u00e3o.<\/p>\n\n\n\n<p>Em coletiva \u00e0 imprensa neste s\u00e1bado (6), a major Layla Brunella, porta-voz da corpora\u00e7\u00e3o no estado, disse que&nbsp;a v\u00edtima foi atingida por 2 disparos na cabe\u00e7a e 1 na perna. O autor dos disparos, segundo a PM,&nbsp;deveria ter retornado ao sistema prisional no dia 23 de dezembro do ano passado. Havia mandado de pris\u00e3o expedido contra ele, que estava em &#8220;<strong>sa\u00edda tempor\u00e1ria&#8221;<\/strong>.<\/p>\n\n\n\n<blockquote class=\"wp-block-quote is-layout-flow wp-block-quote-is-layout-flow\">\n<p>&#8220;Milagres existem e esse pode ser um deles&#8221;, desabafou a major Layla, ao falar sobre a situa\u00e7\u00e3o do militar que segue internado com duas balas alojadas na cabe\u00e7a, j\u00e1 passou por duas cirurgias e recebeu at\u00e9 agora 9 bolsas de sangue.<\/p>\n<\/blockquote>\n\n\n\n<h2 class=\"wp-block-heading\">Ficha criminal<\/h2>\n\n\n\n<p>Ainda de acordo com a PM, o autor dos disparos contabiliza&nbsp;<strong>18&nbsp;<\/strong>registros policiais. J\u00e1 o segundo envolvido na ocorr\u00eancia,&nbsp;<strong>15<\/strong>&nbsp;registros, dois por homic\u00eddio, e tamb\u00e9m estava de sa\u00edda tempor\u00e1ria.&nbsp;Ao todo,&nbsp;<strong>118<\/strong>&nbsp;fugas foram registradas durante a sa\u00edda tempor\u00e1ria no per\u00edodo de Natal. Desse total,&nbsp;<strong>73<\/strong>&nbsp;criminosos est\u00e3o foragidos e&nbsp;<strong>45<\/strong>&nbsp;foram presos pela PM.<\/p>\n\n\n\n<h2 class=\"wp-block-heading\">O que diz a PC<\/h2>\n\n\n\n<p><em>&#8220;A Pol\u00edcia Civil de Minas Gerais (PCMG) informa que ratificou a pris\u00e3o em flagrante delito dos envolvidos no fato ocorrido na noite de ontem (5), no bairro Novo Aar\u00e3o Reis, na Capital, que vitimou um policial militar, de 29 anos. O suspeito, de 25 anos, foi preso pelos crimes de homic\u00eddio qualificado contra autoridade e porte de arma de fogo.<\/em><\/p>\n\n\n\n<p><em>O outro, de 30 anos, pelos crimes de tr\u00e1fico, posse de arma de fogo e tentativa de homic\u00eddio. A PCMG representou pela convers\u00e3o da pris\u00e3o em flagrante em pris\u00e3o preventiva, e aguarda manifesta\u00e7\u00e3o da Justi\u00e7a.<\/em><\/p>\n\n\n\n<p><em>Na ocasi\u00e3o, a presen\u00e7a da per\u00edcia oficial foi requisitada ao local para realizar os trabalhos de praxe e coletar elementos que ir\u00e3o subsidiar a investiga\u00e7\u00e3o. A PCMG esclarece que a investiga\u00e7\u00e3o prossegue para completa elucida\u00e7\u00e3o do crime.&#8221;<\/em><\/p>\n\n\n\n<h2 class=\"wp-block-heading\">O crime<\/h2>\n\n\n\n<p>Segundo informa\u00e7\u00f5es da (PM),&nbsp;equipes do 13\u00ba Batalh\u00e3o perseguiam um carro, roubado, com dois homens armados pela Avenida Risoleta Neves quando o ve\u00edculo atropelou um motociclista. Ap\u00f3s o acidente, os suspeitos desembarcaram e correram.<\/p>\n\n\n\n<figure class=\"wp-block-image\"><img decoding=\"async\" src=\"https:\/\/s2-g1.glbimg.com\/Ea5wBwsz-fbMOzjKVYW0XkJbO4w=\/0x0:1568x880\/984x0\/smart\/filters:strip_icc()\/i.s3.glbimg.com\/v1\/AUTH_59edd422c0c84a879bd37670ae4f538a\/internal_photos\/bs\/2024\/H\/5\/E2UBbiSCGkcUA6GPoAAQ\/militar-baleado.png\" alt=\"Militar foi atingido por ao menos tr\u00eas tiros \u00e0 queima-roupa \u2014 Foto: Reprodu\u00e7\u00e3o\/Circuito de seguran\u00e7a\"\/><\/figure>\n\n\n\n<p>Militar foi atingido por ao menos tr\u00eas tiros \u00e0 queima-roupa \u2014 Foto: Reprodu\u00e7\u00e3o\/Circuito de seguran\u00e7a<\/p>\n\n\n\n<p>O sargento&nbsp;<strong>Roger Dias da Cunha<\/strong>&nbsp;conseguiu alcan\u00e7ar um dos criminosos. Ele deu ordem de parada diversas vezes, mas&nbsp;foi surpreendido pelo homem, que sacou uma arma e atirou v\u00e1rias vezes em dire\u00e7\u00e3o \u00e0 cabe\u00e7a do policial.<\/p>\n\n\n\n<p>Um cabo da PM, que estava na condu\u00e7\u00e3o de uma viatura, continuou a perseguir o suspeito, de 25 anos, que foi baleado e encaminhado para atendimento m\u00e9dico. Ele tem v\u00e1rias passagens pela pol\u00edcia e, na data do crime, estava usufruindo do&nbsp;benef\u00edcio de sa\u00edda tempor\u00e1ria da pris\u00e3o.<\/p>\n\n\n\n<p>O outro suspeito, de 33 anos, conseguiu fugir, mas acabou sendo encontrado e preso horas depois. A PM montou uma grande opera\u00e7\u00e3o para localizar o fugitivo.<\/p>\n\n\n\n<p>Segundo o boletim de ocorr\u00eancia, houve troca de tiros entre os policiais e o criminoso. Ele foi baleado e localizado com a ajuda de c\u00e3es da corpora\u00e7\u00e3o em uma mata.<\/p>\n\n\n\n<figure class=\"wp-block-image\"><img decoding=\"async\" src=\"https:\/\/s2-g1.glbimg.com\/H4LGS_f-1nww3lJ_GvfOEXJuyJo=\/0x0:1600x1197\/984x0\/smart\/filters:strip_icc()\/i.s3.glbimg.com\/v1\/AUTH_59edd422c0c84a879bd37670ae4f538a\/internal_photos\/bs\/2024\/F\/M\/fONOCUSOWzB58BOewV9g\/whatsapp-image-2024-01-06-at-02.34.56.jpeg\" alt=\"Policial militar leva tiro na cabe\u00e7a durante persegui\u00e7\u00e3o a suspeitos em BH \u2014 Foto: Henrique Campos\/TV Globo\"\/><\/figure>\n\n\n\n<p>Policial militar leva tiro na cabe\u00e7a durante persegui\u00e7\u00e3o a suspeitos em BH \u2014 Foto: Henrique Campos\/TV Globo<\/p>\n\n\n\n<p>O sargento foi socorrido e levado inicialmente para o Hospital Risoleta Tolentino Neves, na Regi\u00e3o de Venda Nova. Depois, foi transferido para o Hospital Jo\u00e3o XXIII, na Regi\u00e3o Centro-Sul da capital.<\/p>\n\n\n\n<p>Na manh\u00e3 deste s\u00e1bado (6),&nbsp;o estado de sa\u00fade de Roger Dias da Cunha era grav\u00edssimo. Ele tem 10 anos de experi\u00eancia na PM e \u00e9 pai de um beb\u00ea rec\u00e9m-nascido.<\/p>\n\n\n\n<p>Em nota, a Pol\u00edcia Civil afirmou que &#8220;requisitou a presen\u00e7a da per\u00edcia oficial ao local para realizar os trabalhos de praxe e coletar elementos que ir\u00e3o subsidiar a investiga\u00e7\u00e3o&#8221;.<\/p>\n\n\n\n<p>Fonte: g1.globo.com<\/p>\n","protected":false},"excerpt":{"rendered":"<p>A porta-voz da PM disse que situa\u00e7\u00e3o requer um milagre. Sargento foi baleado \u00e0 queima-roupa ao abordar suspeito de roubar carro. Policial militar leva tiro na cabe\u00e7a durante persegui\u00e7\u00e3o a suspeitos em BH A Policia Militar de Minas Gerais\u00a0(PMMG)\u00a0disse acreditar em\u00a0&#8220;milagre&#8221;\u00a0para salvar a vida do\u00a0militar de 29 anos que foi baleado durante uma persegui\u00e7\u00e3o a dois suspeitos, na noite desta [&hellip;]<\/p>\n","protected":false},"author":1,"featured_media":26551,"comment_status":"closed","ping_status":"","sticky":false,"template":"","format":"standard","meta":{"footnotes":""},"categories":[3],"tags":[],"class_list":["post-26550","post","type-post","status-publish","format-standard","has-post-thumbnail","hentry","category-noticias"],"_links":{"self":[{"href":"https:\/\/portalpraties.com.br\/site\/wp-json\/wp\/v2\/posts\/26550","targetHints":{"allow":["GET"]}}],"collection":[{"href":"https:\/\/portalpraties.com.br\/site\/wp-json\/wp\/v2\/posts"}],"about":[{"href":"https:\/\/portalpraties.com.br\/site\/wp-json\/wp\/v2\/types\/post"}],"author":[{"embeddable":true,"href":"https:\/\/portalpraties.com.br\/site\/wp-json\/wp\/v2\/users\/1"}],"replies":[{"embeddable":true,"href":"https:\/\/portalpraties.com.br\/site\/wp-json\/wp\/v2\/comments?post=26550"}],"version-history":[{"count":1,"href":"https:\/\/portalpraties.com.br\/site\/wp-json\/wp\/v2\/posts\/26550\/revisions"}],"predecessor-version":[{"id":26552,"href":"https:\/\/portalpraties.com.br\/site\/wp-json\/wp\/v2\/posts\/26550\/revisions\/26552"}],"wp:featuredmedia":[{"embeddable":true,"href":"https:\/\/portalpraties.com.br\/site\/wp-json\/wp\/v2\/media\/26551"}],"wp:attachment":[{"href":"https:\/\/portalpraties.com.br\/site\/wp-json\/wp\/v2\/media?parent=26550"}],"wp:term":[{"taxonomy":"category","embeddable":true,"href":"https:\/\/portalpraties.com.br\/site\/wp-json\/wp\/v2\/categories?post=26550"},{"taxonomy":"post_tag","embeddable":true,"href":"https:\/\/portalpraties.com.br\/site\/wp-json\/wp\/v2\/tags?post=26550"}],"curies":[{"name":"wp","href":"https:\/\/api.w.org\/{rel}","templated":true}]}}