{"id":27140,"date":"2024-01-29T03:12:45","date_gmt":"2024-01-29T03:12:45","guid":{"rendered":"https:\/\/portalpraties.com.br\/site\/?p=27140"},"modified":"2024-01-29T03:12:45","modified_gmt":"2024-01-29T03:12:45","slug":"brumadinho-5-anos-da-tragedia-de-brumadinho","status":"publish","type":"post","link":"https:\/\/portalpraties.com.br\/site\/2024\/01\/29\/brumadinho-5-anos-da-tragedia-de-brumadinho\/","title":{"rendered":"Brumadinho 5 anos da trag\u00e9dia de Brumadinho"},"content":{"rendered":"\n<p>Os corpos de tr\u00eas v\u00edtimas ainda n\u00e3o foram encontrados. Parte das fam\u00edlias quer continuidade das buscas, e outra pede fim da opera\u00e7\u00e3o.<\/p>\n\n\n\n<p>O filho mais velho de&nbsp;<strong>Nath\u00e1lia de Oliveira Porto Ara\u00fajo<\/strong>&nbsp;gosta de olhar para o c\u00e9u e procurar por ela nas estrelas. A ca\u00e7ula pede que a fam\u00edlia mostre fotos para guardar a imagem da m\u00e3e na mem\u00f3ria.<\/p>\n\n\n\n<p>Os dois tinham 4 e 3 anos quando a\u00a0barragem da Vale rompeu em Brumadinho, na Regi\u00e3o Metropolitana de Belo Horizonte, no dia 25 de janeiro de 2019, e despejou\u00a0<strong>12 milh\u00f5es de metros c\u00fabicos<\/strong>\u00a0de rejeito em instala\u00e7\u00f5es da empresa, comunidades e no Rio Paraopeba.<\/p>\n\n\n\n<p>Estagi\u00e1ria da mineradora havia quatro meses, Nath\u00e1lia saiu atrasada de casa naquela manh\u00e3 e correu para pegar o \u00f4nibus em dire\u00e7\u00e3o \u00e0 mina C\u00f3rrego do Feij\u00e3o. Estava no hor\u00e1rio de almo\u00e7o, conversando com o marido por telefone, quando viu a lama se aproximar e disse: &#8220;Deus, me d\u00e1 o livramento&#8221;.<\/p>\n\n\n\n<p>O\u00a0corpo de Nath\u00e1lia nunca foi encontrado.<\/p>\n\n\n\n<p>Cinco anos depois, o Corpo de Bombeiros de Minas Gerais mant\u00e9m as buscas por Nath\u00e1lia e tamb\u00e9m por&nbsp;<strong>Tiago Tadeu Mendes da Silva<\/strong>&nbsp;e&nbsp;<strong>Maria de Lurdes da Costa Bueno<\/strong>, que seguem desaparecidos.&nbsp;Outros&nbsp;<strong>267<\/strong>&nbsp;mortos foram encontrados e identificados, incluindo duas mulheres gr\u00e1vidas.<\/p>\n\n\n\n<blockquote class=\"wp-block-quote is-layout-flow wp-block-quote-is-layout-flow\">\n<p>&#8220;A gente ainda tem esperan\u00e7a de fazer um enterro digno, mas isso tamb\u00e9m depende muito do que os bombeiros v\u00e3o falar. \u00c9 muito triste, a gente espera encontr\u00e1-la, mas tem hora que eu penso que, pelo tempo que est\u00e1 passando&#8230; Tenho medo de ela ficar na lama&#8221;, afirmou T\u00e2nia.<\/p>\n<\/blockquote>\n\n\n\n<p><img decoding=\"async\" src=\"https:\/\/s2-g1.glbimg.com\/nxh6NJ_pXyTKVUr82uA0zhkpWXQ=\/0x0:1080x1350\/650x0\/smart\/filters:strip_icc()\/i.s3.glbimg.com\/v1\/AUTH_59edd422c0c84a879bd37670ae4f538a\/internal_photos\/bs\/2024\/9\/m\/KY7RRVTjuaqB8SMPQvSQ\/mob-tania.jpg\" alt=\"T\u00e2nia Oliveira, prima de Nath\u00e1lia, uma das v\u00edtimas desaparecidas em Brumadinho\"><\/p>\n\n\n\n<h2 class=\"wp-block-heading\">T\u00e2nia Oliveira, prima de Nath\u00e1lia<\/h2>\n\n\n\n<h2 class=\"wp-block-heading\">&#8216;Eu suplico que parem com as buscas&#8217;<\/h2>\n\n\n\n<p>Na casa de&nbsp;<strong>Tiago Tadeu<\/strong>, a esperan\u00e7a se transformou, ano ap\u00f3s ano, em ang\u00fastia e sofrimento. A m\u00e3e dele, L\u00facia Aparecida Mendes Silva, 58, acredita que&nbsp;vai voltar a ter paz quando as buscas pelos desaparecidos cessarem.<\/p>\n\n\n\n<blockquote class=\"wp-block-quote is-layout-flow wp-block-quote-is-layout-flow\">\n<p>&#8220;J\u00e1 s\u00e3o cinco anos de espera, de muito sofrimento, cinco anos esperando o telefone tocar. Imagina dormir e acordar esperando o telefone tocar. J\u00e1 perdi as esperan\u00e7as, a Vale n\u00e3o entregou nem nunca vai entregar o corpo do meu filho para mim. Eu suplico que parem com as buscas&#8221;, disse a m\u00e3e.<\/p>\n<\/blockquote>\n\n\n\n<figure class=\"wp-block-image\"><img decoding=\"async\" src=\"https:\/\/s2-g1.glbimg.com\/MM-LiXTOVIKP5zkrQN-bknLakrM=\/0x0:1920x937\/1008x0\/smart\/filters:strip_icc()\/i.s3.glbimg.com\/v1\/AUTH_59edd422c0c84a879bd37670ae4f538a\/internal_photos\/bs\/2024\/e\/m\/WugZYfRqmJPf6oE4ExKQ\/tiago.jpg\" alt=\"Tiago Tadeu Mendes da Silva \u2014 Foto: Reprodu\u00e7\u00e3o\/Redes sociais\"\/><\/figure>\n\n\n\n<p>Tiago Tadeu Mendes da Silva <\/p>\n\n\n\n<p>Tiago era apaixonado pelo Clube Atl\u00e9tico Mineiro e o mais velho de tr\u00eas irm\u00e3os. Engenheiro mec\u00e2nico rec\u00e9m-formado, trabalhava em outra mina e tinha sido transferido para Brumadinho cerca de 20 dias antes da trag\u00e9dia. Deixou a mulher e dois filhos \u2013 o ca\u00e7ula, com 8 meses.<\/p>\n\n\n\n<p>Para L\u00facia, a mina da Vale onde as buscas est\u00e3o concentradas&nbsp;deveria ser transformada em um espa\u00e7o arborizado e florido, para que as fam\u00edlias pudessem se reunir, orar e visitar os pais, filhos, irm\u00e3os e netos mortos pela lama.<\/p>\n\n\n\n<blockquote class=\"wp-block-quote is-layout-flow wp-block-quote-is-layout-flow\">\n<p>&#8220;Meu filho j\u00e1 est\u00e1 no c\u00e9u, com Deus, longe da maldade do homem. As buscas s\u00f3 me trazem mais dor, eles n\u00e3o v\u00e3o mais achar o corpo do meu filho. V\u00e3o achar um ossinho dele, e eu n\u00e3o aceito. N\u00e3o aceito enterrar um pedacinho dele. Eu pe\u00e7o as autoridades que parem as buscas, \u00e9 uma m\u00e3e que est\u00e1 pedindo&#8221;.<\/p>\n<\/blockquote>\n\n\n\n<h2 class=\"wp-block-heading\">\u00c0 espera de justi\u00e7a<\/h2>\n\n\n\n<p>Alexandra Andrade perdeu o irm\u00e3o&nbsp;<strong>Sandro Andrade Gon\u00e7alves<\/strong>, de 42 anos, e o primo&nbsp;<strong>Marlon Rodrigues Gon\u00e7alves<\/strong>, de 35, na trag\u00e9dia. Os dois eram funcion\u00e1rios da Vale.<\/p>\n\n\n\n<figure class=\"wp-block-image\"><img decoding=\"async\" src=\"https:\/\/s2-g1.glbimg.com\/foQUtq8x2kCfncl-cZAJC9hSm7Y=\/0x0:1920x937\/1008x0\/smart\/filters:strip_icc()\/i.s3.glbimg.com\/v1\/AUTH_59edd422c0c84a879bd37670ae4f538a\/internal_photos\/bs\/2024\/2\/Y\/7ciDbqQheWzxL7sQPmrw\/sandro-marlon.jpg\" alt=\"Sandro Andrade e Marlon Gon\u00e7alves, mortos na trag\u00e9dia da Vale em Brumadinho \u2014 Foto: Arquivo pessoal\"\/><\/figure>\n\n\n\n<p>Sandro Andrade e Marlon Gon\u00e7alves, mortos na trag\u00e9dia da Vale em Brumadinho \u2014 Foto: Arquivo pessoal<\/p>\n\n\n\n<p>&#8220;Meu irm\u00e3o tinha um hor\u00e1rio certinho de dormir, a camisa dele tinha um cabide que ficava pendurado pra ficar bem passada. Ele tinha orgulho de trabalhar na empresa&#8221;, lembrou Alexandra. &#8220;A gente n\u00e3o imaginava o risco que eles estavam correndo&#8221;.<\/p>\n\n\n\n<p>Mas, segundo as investiga\u00e7\u00f5es, a Vale previa. Apesar de ter conhecimento dos problemas da barragem, a consultora T\u00fcv S\u00fcd emitiu Declara\u00e7\u00f5es de Condi\u00e7\u00e3o de Estabilidade da estrutura, com&nbsp;fator de seguran\u00e7a abaixo do recomendado por padr\u00f5es internacionais. A mineradora sabia da situa\u00e7\u00e3o e apresentou os documentos \u00e0s autoridades.<\/p>\n\n\n\n<figure class=\"wp-block-image\"><img decoding=\"async\" src=\"https:\/\/s2-g1.glbimg.com\/_0FOdFUBREa3W3lM2utoHlviFcg=\/0x0:1080x1350\/650x0\/smart\/filters:strip_icc()\/i.s3.glbimg.com\/v1\/AUTH_59edd422c0c84a879bd37670ae4f538a\/internal_photos\/bs\/2024\/a\/e\/wabvSzSqWp877lTOJqlg\/mob-alexandra.jpg\" alt=\"Background image\"\/><\/figure>\n\n\n\n<p>H\u00e1 um ano,\u00a0Vale, T\u00fcv S\u00fcd e 16 pessoas se tornaram r\u00e9s no processo que corre na Justi\u00e7a Federal. At\u00e9 hoje, ningu\u00e9m foi condenado, e n\u00e3o h\u00e1 previs\u00e3o de in\u00edcio do julgamento.<\/p>\n\n\n\n<blockquote class=\"wp-block-quote is-layout-flow wp-block-quote-is-layout-flow\">\n<p>&#8220;A gente n\u00e3o esquece dia nenhum. Por mais que a gente saia, \u00e0s vezes est\u00e1 em outro lugar sorrindo, mas, no fundo, no fundo, tem a tristeza da falta deles, a saudade e tamb\u00e9m um sentimento de injusti\u00e7a. N\u00e3o foi uma perda normal, n\u00e3o foi um acidente, tudo isso \u00e9 muito doloroso, e essa falta de justi\u00e7a adoece ainda mais os familiares. Para matar, foi menos de um minuto&#8221;, afirmou.<\/p>\n<\/blockquote>\n\n\n\n<h2 class=\"wp-block-heading\">O que diz a Vale<\/h2>\n\n\n\n<p>Em nota, a Vale destacou &#8220;seu respeito \u00e0s fam\u00edlias impactadas pelo rompimento da barragem&#8221; e afirmou que &#8220;segue comprometida com a repara\u00e7\u00e3o dos danos, o que vem avan\u00e7ando de forma consistente e nas bases pactuadas no acordo judicial de repara\u00e7\u00e3o integral e em outros compromissos firmados para indeniza\u00e7\u00e3o individual&#8221;.<\/p>\n\n\n\n<p>&#8220;A empresa ratifica que sempre norteou suas atividades por premissas de seguran\u00e7a e que nunca se evidenciou nenhum cen\u00e1rio que indicasse risco iminente de ruptura da estrutura B1&#8221;, declarou.<\/p>\n\n\n\n<p>Fonte: G1.com<\/p>\n","protected":false},"excerpt":{"rendered":"<p>Os corpos de tr\u00eas v\u00edtimas ainda n\u00e3o foram encontrados. Parte das fam\u00edlias quer continuidade das buscas, e outra pede fim da opera\u00e7\u00e3o. O filho mais velho de&nbsp;Nath\u00e1lia de Oliveira Porto Ara\u00fajo&nbsp;gosta de olhar para o c\u00e9u e procurar por ela nas estrelas. A ca\u00e7ula pede que a fam\u00edlia mostre fotos para guardar a imagem da m\u00e3e na mem\u00f3ria. Os dois [&hellip;]<\/p>\n","protected":false},"author":1,"featured_media":27141,"comment_status":"closed","ping_status":"","sticky":false,"template":"","format":"standard","meta":{"footnotes":""},"categories":[3],"tags":[],"class_list":["post-27140","post","type-post","status-publish","format-standard","has-post-thumbnail","hentry","category-noticias"],"_links":{"self":[{"href":"https:\/\/portalpraties.com.br\/site\/wp-json\/wp\/v2\/posts\/27140","targetHints":{"allow":["GET"]}}],"collection":[{"href":"https:\/\/portalpraties.com.br\/site\/wp-json\/wp\/v2\/posts"}],"about":[{"href":"https:\/\/portalpraties.com.br\/site\/wp-json\/wp\/v2\/types\/post"}],"author":[{"embeddable":true,"href":"https:\/\/portalpraties.com.br\/site\/wp-json\/wp\/v2\/users\/1"}],"replies":[{"embeddable":true,"href":"https:\/\/portalpraties.com.br\/site\/wp-json\/wp\/v2\/comments?post=27140"}],"version-history":[{"count":1,"href":"https:\/\/portalpraties.com.br\/site\/wp-json\/wp\/v2\/posts\/27140\/revisions"}],"predecessor-version":[{"id":27142,"href":"https:\/\/portalpraties.com.br\/site\/wp-json\/wp\/v2\/posts\/27140\/revisions\/27142"}],"wp:featuredmedia":[{"embeddable":true,"href":"https:\/\/portalpraties.com.br\/site\/wp-json\/wp\/v2\/media\/27141"}],"wp:attachment":[{"href":"https:\/\/portalpraties.com.br\/site\/wp-json\/wp\/v2\/media?parent=27140"}],"wp:term":[{"taxonomy":"category","embeddable":true,"href":"https:\/\/portalpraties.com.br\/site\/wp-json\/wp\/v2\/categories?post=27140"},{"taxonomy":"post_tag","embeddable":true,"href":"https:\/\/portalpraties.com.br\/site\/wp-json\/wp\/v2\/tags?post=27140"}],"curies":[{"name":"wp","href":"https:\/\/api.w.org\/{rel}","templated":true}]}}