{"id":27143,"date":"2024-01-29T03:17:32","date_gmt":"2024-01-29T03:17:32","guid":{"rendered":"https:\/\/portalpraties.com.br\/site\/?p=27143"},"modified":"2024-01-29T03:17:32","modified_gmt":"2024-01-29T03:17:32","slug":"liberdade-religiosa-atletico-mg-estreia-camisa-em-apoio-a-causa","status":"publish","type":"post","link":"https:\/\/portalpraties.com.br\/site\/2024\/01\/29\/liberdade-religiosa-atletico-mg-estreia-camisa-em-apoio-a-causa\/","title":{"rendered":"Liberdade religiosa: Atl\u00e9tico-MG estreia camisa em apoio \u00e0 causa"},"content":{"rendered":"\n<p>O Atl\u00e9tico estreia nesta quarta-feira (24) no Campeonato Mineiro 2024. \u00c0s 21h30 (de Bras\u00edlia), o alvinegro far\u00e1 o primeiro jogo da nova temporada diante do Patrocinense, no Est\u00e1dio Pedro Alves do Nascimento, em Patroc\u00ednio.<\/p>\n\n\n\n<p>No come\u00e7o da tarde desta quarta, o Galo publicou imagens nas redes sociais em que anunciou um patch especial na camisa dos jogadores para a partida. Todo o elenco vai usar um s\u00edmbolo alusivo ao Dia Nacional de Combate \u00e0 Intoler\u00e2ncia Religiosa, celebrado no domingo (21).<\/p>\n\n\n\n<p>\u201cRacismo Religioso \u00e9 crime! O Galo \u00e9 gente de toda f\u00e9\u201d, escreveu na publica\u00e7\u00e3o, que mostra a camisa branca que ser\u00e1 usada em campo. A a\u00e7\u00e3o, inclusive, traz \u00e0 mem\u00f3ria atos de intoler\u00e2ncia religiosa contra o atacante Paulinho, que \u00e9 seguidor do Candombl\u00e9 e conhecedor da Umbanda, religi\u00f5es de matrizes africanas.<\/p>\n\n\n\n<p>Em 2023, o camisa 10 do Atl\u00e9tico enfrentou situa\u00e7\u00f5es de intoler\u00e2ncia ao menos duas vezes. Uma delas ap\u00f3s a goleada por 3 a 0 sobre o Flamengo no Maracan\u00e3; e outra depois de partida pela Sele\u00e7\u00e3o Brasileira contra a Col\u00f4mbia. Ambos os casos foram registrados em novembro.<\/p>\n\n\n\n<p>Ao longo da \u00faltima temporada, Paulinho participou de 61 jogos com a camisa atleticana e marcou 31 gols, al\u00e9m de conceder oito assist\u00eancias. O atacante foi artilheiro do time no ano e tamb\u00e9m da S\u00e9rie A do Campeonato Brasileiro.<\/p>\n\n\n\n<p><strong>Fonte:<\/strong>&nbsp;CNN Brasil<\/p>\n","protected":false},"excerpt":{"rendered":"<p>O Atl\u00e9tico estreia nesta quarta-feira (24) no Campeonato Mineiro 2024. \u00c0s 21h30 (de Bras\u00edlia), o alvinegro far\u00e1 o primeiro jogo da nova temporada diante do Patrocinense, no Est\u00e1dio Pedro Alves do Nascimento, em Patroc\u00ednio. No come\u00e7o da tarde desta quarta, o Galo publicou imagens nas redes sociais em que anunciou um patch especial na camisa dos jogadores para a partida. [&hellip;]<\/p>\n","protected":false},"author":1,"featured_media":27144,"comment_status":"closed","ping_status":"","sticky":false,"template":"","format":"standard","meta":{"footnotes":""},"categories":[3],"tags":[],"class_list":["post-27143","post","type-post","status-publish","format-standard","has-post-thumbnail","hentry","category-noticias"],"_links":{"self":[{"href":"https:\/\/portalpraties.com.br\/site\/wp-json\/wp\/v2\/posts\/27143","targetHints":{"allow":["GET"]}}],"collection":[{"href":"https:\/\/portalpraties.com.br\/site\/wp-json\/wp\/v2\/posts"}],"about":[{"href":"https:\/\/portalpraties.com.br\/site\/wp-json\/wp\/v2\/types\/post"}],"author":[{"embeddable":true,"href":"https:\/\/portalpraties.com.br\/site\/wp-json\/wp\/v2\/users\/1"}],"replies":[{"embeddable":true,"href":"https:\/\/portalpraties.com.br\/site\/wp-json\/wp\/v2\/comments?post=27143"}],"version-history":[{"count":1,"href":"https:\/\/portalpraties.com.br\/site\/wp-json\/wp\/v2\/posts\/27143\/revisions"}],"predecessor-version":[{"id":27145,"href":"https:\/\/portalpraties.com.br\/site\/wp-json\/wp\/v2\/posts\/27143\/revisions\/27145"}],"wp:featuredmedia":[{"embeddable":true,"href":"https:\/\/portalpraties.com.br\/site\/wp-json\/wp\/v2\/media\/27144"}],"wp:attachment":[{"href":"https:\/\/portalpraties.com.br\/site\/wp-json\/wp\/v2\/media?parent=27143"}],"wp:term":[{"taxonomy":"category","embeddable":true,"href":"https:\/\/portalpraties.com.br\/site\/wp-json\/wp\/v2\/categories?post=27143"},{"taxonomy":"post_tag","embeddable":true,"href":"https:\/\/portalpraties.com.br\/site\/wp-json\/wp\/v2\/tags?post=27143"}],"curies":[{"name":"wp","href":"https:\/\/api.w.org\/{rel}","templated":true}]}}