{"id":27152,"date":"2024-01-29T04:09:06","date_gmt":"2024-01-29T04:09:06","guid":{"rendered":"https:\/\/portalpraties.com.br\/site\/?p=27152"},"modified":"2024-01-29T04:09:06","modified_gmt":"2024-01-29T04:09:06","slug":"convocados-da-selecao-brasileira-para-o-pre-olimpico-veja-a-lista-de-ramon-menezes","status":"publish","type":"post","link":"https:\/\/portalpraties.com.br\/site\/2024\/01\/29\/convocados-da-selecao-brasileira-para-o-pre-olimpico-veja-a-lista-de-ramon-menezes\/","title":{"rendered":"Convocados da sele\u00e7\u00e3o brasileira para o Pr\u00e9-Ol\u00edmpico; veja a lista de Ramon Menezes"},"content":{"rendered":"\n<p><strong>Endrick<\/strong>\u00a0\u00e9 a grande aposta da sele\u00e7\u00e3o brasileira para se garantir nos\u00a0<strong>Jogos Ol\u00edmpicos de Paris-2024<\/strong>. Ap\u00f3s longa negocia\u00e7\u00e3o para libera\u00e7\u00e3o, o atacante do Palmeiras foi convocado por Ramon Menezes nesta quinta-feira para defender o Brasil no Pr\u00e9-Ol\u00edmpico que ser\u00e1 realizado entre janeiro e fevereiro, na Venezuela, e oferece duas vagas na Olimp\u00edada.<\/p>\n\n\n\n<p>Ramon Menezes convoca sele\u00e7\u00e3o brasileira para a disputa do Pr\u00e9-Ol\u00edmpico<\/p>\n\n\n\n<p>A lista com 23 jogadores tem como outro destaque John Kennedy do Fluminense, que disputa a final do Mundial de Clubes nesta sexta-feira, na Ar\u00e1bia Saudita. No total, s\u00e3o 14 jogadores que atuam no Brasil e nove no exterior com&nbsp;<strong>a miss\u00e3o de classificar o pa\u00eds para a busca do tricampeonato ol\u00edmpico consecutivo<\/strong>. Apenas Gr\u00e3-Bretanha e Hungria somam tr\u00eas ouros no futebol, mas em anos alternados.<\/p>\n\n\n\n<figure class=\"wp-block-image\"><img decoding=\"async\" src=\"https:\/\/s2-ge.glbimg.com\/o4ZeKUDnhSoQszGe_sslPv1aRoM=\/0x0:2048x1607\/984x0\/smart\/filters:strip_icc()\/i.s3.glbimg.com\/v1\/AUTH_bc8228b6673f488aa253bbcb03c80ec5\/internal_photos\/bs\/2023\/X\/o\/Mer4ljSt6M0nj1EbVYrg\/53340004132-7ca5a9332e-k.jpg\" alt=\"Endrick em a\u00e7\u00e3o em treino da sele\u00e7\u00e3o brasileira \u2014 Foto: Vitor Silva \/ CBF\"\/><\/figure>\n\n\n\n<p>Endrick em a\u00e7\u00e3o em treino da sele\u00e7\u00e3o brasileira \u2014 Foto: Vitor Silva \/ CBF<\/p>\n\n\n\n<p>Foram semanas de muita negocia\u00e7\u00e3o com os clubes para ter os jogadores \u00e0 disposi\u00e7\u00e3o em per\u00edodo de pr\u00e9-temporada no futebol nacional e meio de temporada na Europa. Ramon priorizou aqueles que j\u00e1 conhecia e foram testados ao longo de 2023 no Sul-Americano e Mundial Sub-20, no Pan-Americano ou na \u00fanica convoca\u00e7\u00e3o ol\u00edmpica que aconteceu em novembro para per\u00edodo de treinos no CT do Corinthians.<\/p>\n\n\n\n<p>O Pr\u00e9-Ol\u00edmpico ser\u00e1 disputado entre os dias 20 de janeiro e 11 de fevereiro nas cidades de Caracas, Valencia e Barquisimeto, na Venezuela. O Brasil est\u00e1 no Grupo A ao lado de Col\u00f4mbia, Equador, Venezuela e Bol\u00edvia, advers\u00e1ria da estreia, no dia 23 de janeiro. Os dois primeiros colocados de cada chave se classificam para o quadrangular final, que garantir\u00e1 campe\u00e3o e vice nos Jogos de Paris.<\/p>\n\n\n\n<h2 class=\"wp-block-heading\">Veja a lista:<\/h2>\n\n\n\n<ul class=\"wp-block-list\">\n<li><strong>Goleiros:&nbsp;<\/strong>Mycael (Athletico-PR), Andrew (Gil Vicente) e Matheus Donelli (Corinthians)<\/li>\n\n\n\n<li><strong>Laterais:<\/strong>&nbsp;Vinicius Tobias (Real Madrid), Matheus Dias (Internacional), Luan C\u00e2ndido (Bragantino) e Patryck (S\u00e3o Paulo)<\/li>\n\n\n\n<li><strong>Zagueiros:<\/strong>&nbsp;Kaiky Fernandes (Almer\u00eda), Arthur Chaves (Acad\u00e9mico de Viseu), Robert Renan (Zenit) e Michel (Palmeiras)<\/li>\n\n\n\n<li><strong>Meio-campistas:<\/strong>&nbsp;Andrey Santos (Nottingham Forest), Danilo (Nottingham Forest), Alexsander (Fluminense), Marlon Gomes (Vasco), Ronald (Gr\u00eamio) e Gabriel Pirani (DC United)<\/li>\n\n\n\n<li><strong>Atacantes:<\/strong>\u00a0Marquinhos (Nantes), Giovane (Corinthians), Endrick (Palmeiras), John Kennedy (Fluminense), Gabriel Pec (Vasco), Guilherme Biro (Corinthians).<\/li>\n<\/ul>\n\n\n\n<p>Fonte: Ge.globo.com<\/p>\n","protected":false},"excerpt":{"rendered":"<p>Endrick\u00a0\u00e9 a grande aposta da sele\u00e7\u00e3o brasileira para se garantir nos\u00a0Jogos Ol\u00edmpicos de Paris-2024. Ap\u00f3s longa negocia\u00e7\u00e3o para libera\u00e7\u00e3o, o atacante do Palmeiras foi convocado por Ramon Menezes nesta quinta-feira para defender o Brasil no Pr\u00e9-Ol\u00edmpico que ser\u00e1 realizado entre janeiro e fevereiro, na Venezuela, e oferece duas vagas na Olimp\u00edada. Ramon Menezes convoca sele\u00e7\u00e3o brasileira para a disputa do [&hellip;]<\/p>\n","protected":false},"author":1,"featured_media":27153,"comment_status":"closed","ping_status":"","sticky":false,"template":"","format":"standard","meta":{"footnotes":""},"categories":[3],"tags":[],"class_list":["post-27152","post","type-post","status-publish","format-standard","has-post-thumbnail","hentry","category-noticias"],"_links":{"self":[{"href":"https:\/\/portalpraties.com.br\/site\/wp-json\/wp\/v2\/posts\/27152","targetHints":{"allow":["GET"]}}],"collection":[{"href":"https:\/\/portalpraties.com.br\/site\/wp-json\/wp\/v2\/posts"}],"about":[{"href":"https:\/\/portalpraties.com.br\/site\/wp-json\/wp\/v2\/types\/post"}],"author":[{"embeddable":true,"href":"https:\/\/portalpraties.com.br\/site\/wp-json\/wp\/v2\/users\/1"}],"replies":[{"embeddable":true,"href":"https:\/\/portalpraties.com.br\/site\/wp-json\/wp\/v2\/comments?post=27152"}],"version-history":[{"count":1,"href":"https:\/\/portalpraties.com.br\/site\/wp-json\/wp\/v2\/posts\/27152\/revisions"}],"predecessor-version":[{"id":27154,"href":"https:\/\/portalpraties.com.br\/site\/wp-json\/wp\/v2\/posts\/27152\/revisions\/27154"}],"wp:featuredmedia":[{"embeddable":true,"href":"https:\/\/portalpraties.com.br\/site\/wp-json\/wp\/v2\/media\/27153"}],"wp:attachment":[{"href":"https:\/\/portalpraties.com.br\/site\/wp-json\/wp\/v2\/media?parent=27152"}],"wp:term":[{"taxonomy":"category","embeddable":true,"href":"https:\/\/portalpraties.com.br\/site\/wp-json\/wp\/v2\/categories?post=27152"},{"taxonomy":"post_tag","embeddable":true,"href":"https:\/\/portalpraties.com.br\/site\/wp-json\/wp\/v2\/tags?post=27152"}],"curies":[{"name":"wp","href":"https:\/\/api.w.org\/{rel}","templated":true}]}}