{"id":27980,"date":"2024-02-14T14:15:41","date_gmt":"2024-02-14T14:15:41","guid":{"rendered":"https:\/\/portalpraties.com.br\/site\/?p=27980"},"modified":"2024-02-14T14:15:41","modified_gmt":"2024-02-14T14:15:41","slug":"feira-regional-de-economia-popular-solidaria-e-da-agricultura-familiar-do-medio-piracicaba","status":"publish","type":"post","link":"https:\/\/portalpraties.com.br\/site\/2024\/02\/14\/feira-regional-de-economia-popular-solidaria-e-da-agricultura-familiar-do-medio-piracicaba\/","title":{"rendered":"Feira Regional de Economia Popular Solid\u00e1ria e da Agricultura Familiar do M\u00e9dio Piracicaba"},"content":{"rendered":"\n<p>Jo\u00e3o Monlevade j\u00e1 recebeu varias edi\u00e7\u00f5es do evento, que contou com pra\u00e7a de alimenta\u00e7\u00e3o, shows e barracas da agricultura familiar e artesanato.<\/p>\n\n\n\n<p>Jo\u00e3o Monlevade ganha cores, sabores e muita m\u00fasica com a  Feira Regional de Economia Popular Solid\u00e1ria e da Agricultura Familiar do M\u00e9dio Piracicaba. S\u00e3o instaladas varias barracas na rua e. Espa\u00e7o contou com pra\u00e7a de alimenta\u00e7\u00e3o, shows e barracas da agricultura familiar e de artesanato. <\/p>\n\n\n\n<p>No local, est\u00e3o presentes feirantes dos munic\u00edpios de Alvin\u00f3polis, S\u00e3o Domingos do Prata, Dion\u00edsio, Santa B\u00e1rbara, Nova Era, S\u00e3o Gon\u00e7alo do Rio Abaixo, Bela Vista de Minas, Rio Piracicaba e Jo\u00e3o Monlevade.<\/p>\n\n\n\n<p>A edi\u00e7\u00e3o Regional da Feira \u00e9 uma a\u00e7\u00e3o conjunta da C\u00e1ritas Regional Minas Gerais, por meio da C\u00e1ritas Diocesana de Itabira, bem como da Universidade Federal de Ouro Preto (Ufop), Grupo Solidariarte, F\u00f3rum Regional de Economia Popular Solid\u00e1ria e do Governo do Estado de Minas Gerais, por meio da Secretaria de Estado de Desenvolvimento Social (Sedese), e da Prefeitura de Jo\u00e3o Monlevade, por meio da Funda\u00e7\u00e3o Casa de Cultura.<\/p>\n\n\n\n<p>Valdelice Aparecida Moreira Quint\u00e3o, 51, feirante da agricultura familiar h\u00e1 cinco anos em Jo\u00e3o Monlevade vende biscoitos de polvilho e quitandas. De acordo com ela, as feiras de Economia Popular Solid\u00e1ria, s\u00e3o espa\u00e7os n\u00e3o somente de vendas, mas de troca e amizades. \u201c\u00c9 uma terapia, um lugar que nos ajuda muito no dia a dia e nos garante forma\u00e7\u00e3o e aprendizado\u201d, disse.<\/p>\n\n\n\n<p>Foi feita uma an\u00e1lise de conjuntura sobre a EPS no Brasil e no estado. A forma\u00e7\u00e3o teve tamb\u00e9m como objetivo promover a troca de experi\u00eancias entre os empreendimentos e sensibilizar gestores p\u00fablicos para criarem iniciativas de programas e a\u00e7\u00f5es direcionados ao fortalecimento da economia solid\u00e1ria no munic\u00edpio.<\/p>\n\n\n\n<p>Fonte: dioceseitabira.org.br<\/p>\n","protected":false},"excerpt":{"rendered":"<p>Jo\u00e3o Monlevade j\u00e1 recebeu varias edi\u00e7\u00f5es do evento, que contou com pra\u00e7a de alimenta\u00e7\u00e3o, shows e barracas da agricultura familiar e artesanato. Jo\u00e3o Monlevade ganha cores, sabores e muita m\u00fasica com a Feira Regional de Economia Popular Solid\u00e1ria e da Agricultura Familiar do M\u00e9dio Piracicaba. S\u00e3o instaladas varias barracas na rua e. Espa\u00e7o contou com pra\u00e7a de alimenta\u00e7\u00e3o, shows e [&hellip;]<\/p>\n","protected":false},"author":1,"featured_media":27981,"comment_status":"closed","ping_status":"","sticky":false,"template":"","format":"standard","meta":{"footnotes":""},"categories":[3],"tags":[],"class_list":["post-27980","post","type-post","status-publish","format-standard","has-post-thumbnail","hentry","category-noticias"],"_links":{"self":[{"href":"https:\/\/portalpraties.com.br\/site\/wp-json\/wp\/v2\/posts\/27980","targetHints":{"allow":["GET"]}}],"collection":[{"href":"https:\/\/portalpraties.com.br\/site\/wp-json\/wp\/v2\/posts"}],"about":[{"href":"https:\/\/portalpraties.com.br\/site\/wp-json\/wp\/v2\/types\/post"}],"author":[{"embeddable":true,"href":"https:\/\/portalpraties.com.br\/site\/wp-json\/wp\/v2\/users\/1"}],"replies":[{"embeddable":true,"href":"https:\/\/portalpraties.com.br\/site\/wp-json\/wp\/v2\/comments?post=27980"}],"version-history":[{"count":1,"href":"https:\/\/portalpraties.com.br\/site\/wp-json\/wp\/v2\/posts\/27980\/revisions"}],"predecessor-version":[{"id":27982,"href":"https:\/\/portalpraties.com.br\/site\/wp-json\/wp\/v2\/posts\/27980\/revisions\/27982"}],"wp:featuredmedia":[{"embeddable":true,"href":"https:\/\/portalpraties.com.br\/site\/wp-json\/wp\/v2\/media\/27981"}],"wp:attachment":[{"href":"https:\/\/portalpraties.com.br\/site\/wp-json\/wp\/v2\/media?parent=27980"}],"wp:term":[{"taxonomy":"category","embeddable":true,"href":"https:\/\/portalpraties.com.br\/site\/wp-json\/wp\/v2\/categories?post=27980"},{"taxonomy":"post_tag","embeddable":true,"href":"https:\/\/portalpraties.com.br\/site\/wp-json\/wp\/v2\/tags?post=27980"}],"curies":[{"name":"wp","href":"https:\/\/api.w.org\/{rel}","templated":true}]}}