{"id":28715,"date":"2024-03-10T19:40:17","date_gmt":"2024-03-10T19:40:17","guid":{"rendered":"https:\/\/portalpraties.com.br\/site\/?p=28715"},"modified":"2024-03-10T19:40:17","modified_gmt":"2024-03-10T19:40:17","slug":"8-de-marco-dia-internacional-das-mulheres","status":"publish","type":"post","link":"https:\/\/portalpraties.com.br\/site\/2024\/03\/10\/8-de-marco-dia-internacional-das-mulheres\/","title":{"rendered":"8 de Mar\u00e7o &#8211; Dia Internacional das Mulheres"},"content":{"rendered":"\n<p>No dia 8 de mar\u00e7o, comemora-se o\u00a0<strong>Dia Internacional da Mulher<\/strong>, um dos momentos mais importantes do calend\u00e1rio global no m\u00eas de mar\u00e7o. A data, criada em 1917 para a celebra\u00e7\u00e3o da luta pelos direitos das mulheres, \u00e9 um marco essencial para o reconhecimento e fortalecimento do\u00a0<strong>feminismo<\/strong>\u00a0\u2014 e, portanto, da luta por uma sociedade mais justa e igualit\u00e1ria.<\/p>\n\n\n\n<p>O que muita gente n\u00e3o sabe, no entanto, \u00e9 a hist\u00f3ria que originou a data e porque ela \u00e9 celebrada neste dia. Para se ter ideia, o evento s\u00f3 foi oficializado em 1975, mais de 60 anos ap\u00f3s sua cria\u00e7\u00e3o, em uma assembleia da Organiza\u00e7\u00e3o das Na\u00e7\u00f5es Unidas (ONU). E diferente de outras datas comemorativas,&nbsp;esse foi um dos poucos dias que n\u00e3o foi criado pelo com\u00e9rcio.<\/p>\n\n\n\n<h2 class=\"wp-block-heading\">De onde surgiu o Dia Internacional das Mulheres?<\/h2>\n\n\n\n<p>A ideia de encontrar uma data para celebrar a luta feminista tem v\u00e1rias origens. Alguns pesquisadores defendem que a sugest\u00e3o, no s\u00e9culo 19, nas primeiras etapas da Revolu\u00e7\u00e3o Industrial. Outros defendem que a data nasceu no estopim da Revolu\u00e7\u00e3o Russa, em 1917, motivada pela luta das mulheres russas por melhores condi\u00e7\u00f5es de vida, trabalho e o fim da Primeira Guerra Mundial.<\/p>\n\n\n\n<p>De todas as teorias, a mais aceita \u00e9 que&nbsp;a data nasceu ap\u00f3s uma confer\u00eancia na Dinamarca em busca de direitos igualit\u00e1rios, em 1910, e foi consolidada por um hist\u00f3rico inc\u00eandio na f\u00e1brica&nbsp;<strong>Triangle Shirtwaist Company<\/strong>, em Nova York, no ano de 1911. Em 1909, dois anos antes do inc\u00eandio, as mulheres nova-iorquinas&nbsp; que trabalhavam na f\u00e1brica t\u00eaxtil haviam feito uma greve, reivindicando melhores condi\u00e7\u00f5es de trabalho e o voto feminino. Em conjunto com os nascentes sindicatos e com o Partido Socialista da Am\u00e9rica, elas se reuniram em uma passeata que reuniu cerca de&nbsp;<strong>15 mil mulheres.&nbsp;<\/strong>A f\u00e1brica, na \u00e9poca, recusou as reivindica\u00e7\u00f5es.<\/p>\n\n\n\n<p>Um ano mais tarde, em 1910, esse movimento inspirou\u00a0<strong>Clara Zetkin<\/strong>, famosa ativista alem\u00e3, a criar uma data anual para comemora\u00e7\u00e3o da luta das mulheres nas confer\u00eancias de mulheres da Internacional Socialista, em Copenhague. O dia, no entanto, acabou n\u00e3o sendo definido.<\/p>\n\n\n\n<p>Em 1911, mesmo diante de greves e manifesta\u00e7\u00f5es, a Triangle Shirtwaist Company ainda mantinha suas funcion\u00e1rias \u2014 maior parte de sua for\u00e7a de trabalho \u2014, em uma jornada de trabalho de cerca de 14 horas ao dia, em semanas que ultrapassavam as 60 horas \u2014 e eram remuneradas com 6 a 10 d\u00f3lares. Al\u00e9m da redu\u00e7\u00e3o dessa jornada, as trabalhadoras tamb\u00e9m buscavam mais seguran\u00e7a no ambiente de trabalho, que tinha risco de inc\u00eandio por tecidos inflam\u00e1veis.<\/p>\n\n\n\n<p>Em 25 de mar\u00e7o daquele ano, a reivindica\u00e7\u00e3o das mulheres se tornou ineg\u00e1vel e justificada: A f\u00e1brica pegou fogo naquele dia e, dos 600 funcion\u00e1rios, 146 pessoas morreram, sendo 23 homens e 129 mulheres. Diante da fatalidade das trabalhadoras, o m\u00eas de mar\u00e7o ficou marcado na hist\u00f3ria como uma conscientiza\u00e7\u00e3o do desastre.<\/p>\n\n\n\n<h2 class=\"wp-block-heading\">Por que \u00e9 comemorado no dia 8 de mar\u00e7o?<\/h2>\n\n\n\n<p>Alguns anos mais tarde, quando o mundo voltou os olhos para a Europa na&nbsp;<strong>Primeira Guerra Mundial<\/strong>, as mulheres aprofundaram a luta por direitos igualit\u00e1rios. Exaustas pela rotina dentro de casa e no trabalho, em uma qualidade de vida subjugada pelo g\u00eanero e assolada pelos anos da guerra, um grupo de mulheres russas passou a questionar sua fun\u00e7\u00e3o na nova sociedade que nascia em 1917, no estopim da Revolu\u00e7\u00e3o Russa. E elas colocaram esse questionamento em voz alta.<\/p>\n\n\n\n<p>No dia 8 de mar\u00e7o de 1917,\u00a0milhares de russas se reuniram em uma passeata pedindo os direitos para o g\u00eanero feminino, bem como o fim da guerra e do desemprego. Assim, nos anos seguintes, o Dia das Mulheres continuou a ser celebrado naquela data pelo movimento socialista, na R\u00fassia e nos demais pa\u00edses do bloco sovi\u00e9tico.<\/p>\n\n\n\n<p>Fonte: exame.com<\/p>\n","protected":false},"excerpt":{"rendered":"<p>No dia 8 de mar\u00e7o, comemora-se o\u00a0Dia Internacional da Mulher, um dos momentos mais importantes do calend\u00e1rio global no m\u00eas de mar\u00e7o. A data, criada em 1917 para a celebra\u00e7\u00e3o da luta pelos direitos das mulheres, \u00e9 um marco essencial para o reconhecimento e fortalecimento do\u00a0feminismo\u00a0\u2014 e, portanto, da luta por uma sociedade mais justa e igualit\u00e1ria. O que muita [&hellip;]<\/p>\n","protected":false},"author":1,"featured_media":28716,"comment_status":"closed","ping_status":"","sticky":false,"template":"","format":"standard","meta":{"footnotes":""},"categories":[3],"tags":[],"class_list":["post-28715","post","type-post","status-publish","format-standard","has-post-thumbnail","hentry","category-noticias"],"_links":{"self":[{"href":"https:\/\/portalpraties.com.br\/site\/wp-json\/wp\/v2\/posts\/28715","targetHints":{"allow":["GET"]}}],"collection":[{"href":"https:\/\/portalpraties.com.br\/site\/wp-json\/wp\/v2\/posts"}],"about":[{"href":"https:\/\/portalpraties.com.br\/site\/wp-json\/wp\/v2\/types\/post"}],"author":[{"embeddable":true,"href":"https:\/\/portalpraties.com.br\/site\/wp-json\/wp\/v2\/users\/1"}],"replies":[{"embeddable":true,"href":"https:\/\/portalpraties.com.br\/site\/wp-json\/wp\/v2\/comments?post=28715"}],"version-history":[{"count":1,"href":"https:\/\/portalpraties.com.br\/site\/wp-json\/wp\/v2\/posts\/28715\/revisions"}],"predecessor-version":[{"id":28717,"href":"https:\/\/portalpraties.com.br\/site\/wp-json\/wp\/v2\/posts\/28715\/revisions\/28717"}],"wp:featuredmedia":[{"embeddable":true,"href":"https:\/\/portalpraties.com.br\/site\/wp-json\/wp\/v2\/media\/28716"}],"wp:attachment":[{"href":"https:\/\/portalpraties.com.br\/site\/wp-json\/wp\/v2\/media?parent=28715"}],"wp:term":[{"taxonomy":"category","embeddable":true,"href":"https:\/\/portalpraties.com.br\/site\/wp-json\/wp\/v2\/categories?post=28715"},{"taxonomy":"post_tag","embeddable":true,"href":"https:\/\/portalpraties.com.br\/site\/wp-json\/wp\/v2\/tags?post=28715"}],"curies":[{"name":"wp","href":"https:\/\/api.w.org\/{rel}","templated":true}]}}