{"id":28807,"date":"2024-03-23T21:23:47","date_gmt":"2024-03-23T21:23:47","guid":{"rendered":"https:\/\/portalpraties.com.br\/site\/?p=28807"},"modified":"2024-03-23T21:23:54","modified_gmt":"2024-03-23T21:23:54","slug":"barro-nas-pistas-e-mas-condicoes-teriam-provocado-tragedia-na-mg-482-rodovia-e-uma-piores-de-mg","status":"publish","type":"post","link":"https:\/\/portalpraties.com.br\/site\/2024\/03\/23\/barro-nas-pistas-e-mas-condicoes-teriam-provocado-tragedia-na-mg-482-rodovia-e-uma-piores-de-mg\/","title":{"rendered":"Barro nas pistas e m\u00e1s condic\u00f5es teriam provocado trag\u00e9dia na MG 482; rodovia \u00e9 uma piores de MG"},"content":{"rendered":"\n<p>A situa\u00e7\u00e3o de precariedade da MG 482 apontou que\u00a0na \u00faltima pesquisa da Confedera\u00e7\u00e3o Nacional do Transporte (CNT), a MG-482, no trecho entre Vi\u00e7osa e Conselheiro Lafaiete, foi classificada como ruim, ocupando a \u00faltima coloca\u00e7\u00e3o entre as estradas da Zona da Mata e Campo das Vertentes que tamb\u00e9m foram avaliadas no estudo.<\/p>\n\n\n\n<p>Os dados da pesquisa foram coletados por 20 equipes. Elas sa\u00edram de 12 capitais do pa\u00eds e avaliaram 111.502 quil\u00f4metros em 32 dias. Cada equipe foi alocada em uma rota, recebendo instru\u00e7\u00f5es espec\u00edficas para o seu trajeto.<\/p>\n\n\n\n<p>Os itens avaliados nas estradas foram: condi\u00e7\u00e3o da superf\u00edcie do pavimento e do rolamento; itens de sinaliza\u00e7\u00e3o como faixas centrais e laterais, placas e dispositivos auxiliares, e a geometria da via, como a presen\u00e7a e condi\u00e7\u00e3o da faixa adicional, condi\u00e7\u00e3o de pontes e presen\u00e7a de sinaliza\u00e7\u00e3o de curvas perigosas.<\/p>\n\n\n\n<p>Na regi\u00e3o, as rodovias MG-482, entre Espera Feliz e Fervedouro; MG-365, de Ub\u00e1 at\u00e9 Merc\u00eas e MG-120, entre Capelinha e Leopoldina, tamb\u00e9m receberam a classifica\u00e7\u00e3o \u201cruim\u201d de pavimento, sinaliza\u00e7\u00e3o e da geometria da via.<\/p>\n\n\n\n<p>O trecho da MG-482 entre Vi\u00e7osa e Lafaiete ocupou a pior posi\u00e7\u00e3o no ranking entre as rodovias da regi\u00e3o. Ele ficou na 485\u00aa coloca\u00e7\u00e3o de 520 rodovias ranqueadas.<\/p>\n\n\n\n<p>Fonte: correiodeminas.com.br<\/p>\n","protected":false},"excerpt":{"rendered":"<p>A situa\u00e7\u00e3o de precariedade da MG 482 apontou que\u00a0na \u00faltima pesquisa da Confedera\u00e7\u00e3o Nacional do Transporte (CNT), a MG-482, no trecho entre Vi\u00e7osa e Conselheiro Lafaiete, foi classificada como ruim, ocupando a \u00faltima coloca\u00e7\u00e3o entre as estradas da Zona da Mata e Campo das Vertentes que tamb\u00e9m foram avaliadas no estudo. Os dados da pesquisa foram coletados por 20 equipes. [&hellip;]<\/p>\n","protected":false},"author":1,"featured_media":28808,"comment_status":"closed","ping_status":"","sticky":false,"template":"","format":"standard","meta":{"footnotes":""},"categories":[3],"tags":[],"class_list":["post-28807","post","type-post","status-publish","format-standard","has-post-thumbnail","hentry","category-noticias"],"_links":{"self":[{"href":"https:\/\/portalpraties.com.br\/site\/wp-json\/wp\/v2\/posts\/28807","targetHints":{"allow":["GET"]}}],"collection":[{"href":"https:\/\/portalpraties.com.br\/site\/wp-json\/wp\/v2\/posts"}],"about":[{"href":"https:\/\/portalpraties.com.br\/site\/wp-json\/wp\/v2\/types\/post"}],"author":[{"embeddable":true,"href":"https:\/\/portalpraties.com.br\/site\/wp-json\/wp\/v2\/users\/1"}],"replies":[{"embeddable":true,"href":"https:\/\/portalpraties.com.br\/site\/wp-json\/wp\/v2\/comments?post=28807"}],"version-history":[{"count":2,"href":"https:\/\/portalpraties.com.br\/site\/wp-json\/wp\/v2\/posts\/28807\/revisions"}],"predecessor-version":[{"id":28810,"href":"https:\/\/portalpraties.com.br\/site\/wp-json\/wp\/v2\/posts\/28807\/revisions\/28810"}],"wp:featuredmedia":[{"embeddable":true,"href":"https:\/\/portalpraties.com.br\/site\/wp-json\/wp\/v2\/media\/28808"}],"wp:attachment":[{"href":"https:\/\/portalpraties.com.br\/site\/wp-json\/wp\/v2\/media?parent=28807"}],"wp:term":[{"taxonomy":"category","embeddable":true,"href":"https:\/\/portalpraties.com.br\/site\/wp-json\/wp\/v2\/categories?post=28807"},{"taxonomy":"post_tag","embeddable":true,"href":"https:\/\/portalpraties.com.br\/site\/wp-json\/wp\/v2\/tags?post=28807"}],"curies":[{"name":"wp","href":"https:\/\/api.w.org\/{rel}","templated":true}]}}