{"id":28840,"date":"2024-03-29T16:49:51","date_gmt":"2024-03-29T16:49:51","guid":{"rendered":"https:\/\/portalpraties.com.br\/site\/?p=28840"},"modified":"2024-03-29T16:49:51","modified_gmt":"2024-03-29T16:49:51","slug":"enteda-a-semana-santa-e-a-pascoa","status":"publish","type":"post","link":"https:\/\/portalpraties.com.br\/site\/2024\/03\/29\/enteda-a-semana-santa-e-a-pascoa\/","title":{"rendered":"Enteda a Semana Santa e a P\u00e1scoa"},"content":{"rendered":"\n<p>&#8220;A P\u00e1scoa \u00e9 uma tradicional comemora\u00e7\u00e3o realizada nas religi\u00f5es crist\u00e3s que relembram a crucifica\u00e7\u00e3o e morte de Jesus Cristo e celebram sua ressurrei\u00e7\u00e3o. Originalmente, a P\u00e1scoa foi iniciada pelos judeus e no cristianismo passou a ser comemorada com novo significado. Essa comemora\u00e7\u00e3o \u00e9 realizada anualmente em uma data m\u00f3vel e os crit\u00e9rios que determinam a data da P\u00e1scoa foram estabelecidos pela Igreja Cat\u00f3lica no s\u00e9culo IV d.C. A palavra \u201cp\u00e1scoa\u201d deriva do termo pesach, oriundo do hebraico e dos termos pascha do latim e paskha do grego.<\/p>\n\n\n\n<h2 class=\"wp-block-heading\"><br>P\u00e1scoa Crist\u00e3<\/h2>\n\n\n\n<p><br>A P\u00e1scoa \u00e9 uma comemora\u00e7\u00e3o que surgiu na tradi\u00e7\u00e3o judaica em mem\u00f3ria da liberta\u00e7\u00e3o do povo hebreu da escravid\u00e3o no Egito. Na tradi\u00e7\u00e3o hebraica, a festa aconteceu porque Jav\u00e9 enviou uma ordem para que Mois\u00e9s repassasse aos hebreus. Os judeus relembram a passagem do anjo da morte durante o acontecimento da d\u00e9cima praga do Egito. Em refer\u00eancia a isso, esse povo chama a sua P\u00e1scoa de \u201cPesach\u201d, que significa \u201cpassagem\u201d.<\/p>\n\n\n\n<p>No cristianismo, por sua vez, a P\u00e1scoa possui um significado distinto da cren\u00e7a judaica, mas, apesar disso, a festa crist\u00e3 possui uma liga\u00e7\u00e3o direta com a dos judeus. Para os crist\u00e3os, como mencionado, a P\u00e1scoa relaciona-se com a crucifica\u00e7\u00e3o, morte e ressurrei\u00e7\u00e3o de Jesus Cristo. Dentro da tradi\u00e7\u00e3o crist\u00e3, a ressurrei\u00e7\u00e3o de Cristo aconteceu no terceiro dia ap\u00f3s sua crucifica\u00e7\u00e3o.<\/p>\n\n\n\n<p>Dentro da tradi\u00e7\u00e3o crist\u00e3, a P\u00e1scoa \u00e9 uma das mais importantes celebra\u00e7\u00f5es (para muitos, a mais importante) porque evidencia a import\u00e2ncia da ressurrei\u00e7\u00e3o de Cristo para os crist\u00e3os. O pr\u00f3prio ap\u00f3stolo Paulo afirma em sua carta registrada em I Cor\u00edntios 15:14 que \u201cSe Cristo n\u00e3o ressuscitou, \u00e9 v\u00e3 a nossa prega\u00e7\u00e3o, e tamb\u00e9m \u00e9 v\u00e3 a vossa f\u00e9\u201d.<\/p>\n\n\n\n<p>Esse pequeno trecho da B\u00edblia d\u00e1 uma dimens\u00e3o do grau de import\u00e2ncia da ressurrei\u00e7\u00e3o para a cren\u00e7a crist\u00e3. Ele nos d\u00e1 a entender que sem a P\u00e1scoa, isto \u00e9, sem a ressurrei\u00e7\u00e3o de Cristo, a f\u00e9 dos crist\u00e3os n\u00e3o teria sentido pr\u00e1tico. Os crist\u00e3os entendem que a morte de Cristo foi um sacrif\u00edcio volunt\u00e1rio com o prop\u00f3sito de salvar a humanidade de seus pecados. Por meio desse sacrif\u00edcio, a humanidade ganhou uma nova chance.<\/p>\n\n\n\n<h2 class=\"wp-block-heading\">Semana Santa<\/h2>\n\n\n\n<p><br>A celebra\u00e7\u00e3o que ocorre no domingo de P\u00e1scoa encerra a Semana Santa, per\u00edodo no qual s\u00e3o relembrados todos os eventos que levaram \u00e0 crucifica\u00e7\u00e3o de Jesus Cristo. O in\u00edcio da Semana Santa acontece no Domingo de Ramos, dia marcado pelo retorno de Jesus \u00e0 cidade de Jerusal\u00e9m. Durante essa semana, alguns eventos costumam ser destacados, como a \u00daltima Ceia, que aconteceu durante a Quinta-Feira Santa.<br>Na \u00daltima Ceia, Cristo reuniu-se com seus disc\u00edpulos pela \u00faltima vez e celebrou com eles. Nesse momento, Jesus narrou aos seus disc\u00edpulos tudo o que aconteceria com ele: a trai\u00e7\u00e3o (que seria cometida por Judas Iscariotes) e a nega\u00e7\u00e3o de Cristo (realizada por Pedro). Na Quinta-Feira Santa, costuma-se realizar o tradicional rito de lava-p\u00e9s, que acontece em mem\u00f3ria ao ato de Jesus lavar os p\u00e9s de seus disc\u00edpulos.<\/p>\n\n\n\n<p>Na noite da Quinta-Feira Santa, Jesus Cristo foi preso e no dia seguinte condenado e a\u00e7oitado. Na Sexta-Feira Santa, ainda s\u00e3o relembradas a crucifica\u00e7\u00e3o e a morte de Cristo. Utilizando como base a narrativa b\u00edblica, a pris\u00e3o de Cristo aconteceu enquanto ele estava no Gets\u00eamani e se deu por meio da trai\u00e7\u00e3o de Judas Iscariotes e em seguida foi julgado e condenado. No processo de crucifica\u00e7\u00e3o, Cristo foi torturado e finalmente crucificado em uma colina chamada G\u00f3lgota.<\/p>\n\n\n\n<p>O s\u00e1bado ap\u00f3s a morte de Cristo e antes de sua ressurrei\u00e7\u00e3o \u00e9 conhecido como S\u00e1bado de Aleluia e o Domingo de P\u00e1scoa \u00e9 exatamente o dia da ressurrei\u00e7\u00e3o de Cristo. O grande paralelo entre a celebra\u00e7\u00e3o judaica e crist\u00e3 est\u00e1 no fato de que a crucifica\u00e7\u00e3o e ressurrei\u00e7\u00e3o de Cristo aconteceu na mesma \u00e9poca em que era celebrada a P\u00e1scoa judaica.<\/p>\n\n\n\n<h2 class=\"wp-block-heading\">Tradi\u00e7\u00f5es da P\u00e1scoa Crist\u00e3<\/h2>\n\n\n\n<p><br>A P\u00e1scoa \u00e9 comemorada dentro do cristianismo de diferentes maneiras e essas varia\u00e7\u00f5es acontecem por conta das distintas vertentes crist\u00e3s que existem. As diferen\u00e7as podem ser resumidas pontualmente entre crist\u00e3os cat\u00f3licos, ortodoxos e protestantes (sendo que dentro do protestantismo existe uma gama de vertentes). Em nosso pa\u00eds, a tradi\u00e7\u00e3o mais popular \u00e9 a tradi\u00e7\u00e3o cat\u00f3lica.<\/p>\n\n\n\n<p>A Cidade de Goi\u00e1s, localizada no interior de Goi\u00e1s, realiza na Semana Santa a Prociss\u00e3o do Fogar\u00e9u.<br>Sendo assim, levando em considera\u00e7\u00e3o a tradi\u00e7\u00e3o cat\u00f3lica, durante a Semana Santa, s\u00e3o realizadas v\u00e1rias missas e diversas encena\u00e7\u00f5es da crucifica\u00e7\u00e3o e ressurrei\u00e7\u00e3o de Cristo que s\u00e3o conhecidas como Paix\u00e3o de Cristo. Outra tradi\u00e7\u00e3o muito conhecida tamb\u00e9m \u00e9 a Prociss\u00e3o do Fogar\u00e9u que \u00e9 realizada anualmente na Cidade de Goi\u00e1s, localizada no estado de Goi\u00e1s.<\/p>\n\n\n\n<p>A Prociss\u00e3o do Fogar\u00e9u foi introduzida na antiga capital goiana no s\u00e9culo XVIII pelo padre espanhol Jo\u00e3o Perestelo de Vasconcelos Esp\u00edndola. Na \u00e9poca, o padre era o p\u00e1roco do munic\u00edpio. Desde ent\u00e3o, a tradi\u00e7\u00e3o passou a ser realizada na cidade anualmente e, nos dias de hoje, atrai milhares de fi\u00e9is. Em 2018, a festa chegou a atrair cerca de 50 mil fi\u00e9is para a cidade do interior de Goi\u00e1s. A prociss\u00e3o encena a persegui\u00e7\u00e3o e pris\u00e3o de Jesus Cristo.<\/p>\n\n\n\n<h2 class=\"wp-block-heading\">Data da P\u00e1scoa<\/h2>\n\n\n\n<p><br>As pessoas sempre t\u00eam uma grande d\u00favida a respeito de como \u00e9 determinada a data em que se comemora a P\u00e1scoa. A resposta dessa pergunta est\u00e1 no s\u00e9culo IV d.C., quando foi realizado o Conc\u00edlio de Niceia, no ano de 325. Durante esse conc\u00edlio, as autoridades da Igreja Cat\u00f3lica estabeleceram que a P\u00e1scoa seria comemorada no primeiro domingo ap\u00f3s a lua cheia que acontece ap\u00f3s o equin\u00f3cio de primavera (no Hemisf\u00e9rio Norte). Sendo assim, a P\u00e1scoa crist\u00e3 \u00e9 comemorada durante o per\u00edodo que fica entre 22 de mar\u00e7o e 25 de abril.<\/p>\n\n\n\n<p>A P\u00e1scoa tamb\u00e9m encerra a Quaresma, aquele per\u00edodo de quarenta dias que \u00e9 iniciado com a Quarta-Feira de Cinzas. Na tradi\u00e7\u00e3o crist\u00e3 cat\u00f3lica, a Quaresma \u00e9 um per\u00edodo marcado por uma s\u00e9rie de jejuns, o jejum de carne vermelha \u00e9 o mais conhecido. \u00c9 um per\u00edodo tamb\u00e9m marcado por penit\u00eancias, quando muitos s\u00e3o privados de algo ou realizam algum ato de caridade.<\/p>\n\n\n\n<p>Fonte: brasilescola.uol.com.br<\/p>\n","protected":false},"excerpt":{"rendered":"<p>&#8220;A P\u00e1scoa \u00e9 uma tradicional comemora\u00e7\u00e3o realizada nas religi\u00f5es crist\u00e3s que relembram a crucifica\u00e7\u00e3o e morte de Jesus Cristo e celebram sua ressurrei\u00e7\u00e3o. Originalmente, a P\u00e1scoa foi iniciada pelos judeus e no cristianismo passou a ser comemorada com novo significado. Essa comemora\u00e7\u00e3o \u00e9 realizada anualmente em uma data m\u00f3vel e os crit\u00e9rios que determinam a data da P\u00e1scoa foram estabelecidos [&hellip;]<\/p>\n","protected":false},"author":1,"featured_media":28841,"comment_status":"closed","ping_status":"","sticky":false,"template":"","format":"standard","meta":{"footnotes":""},"categories":[3],"tags":[],"class_list":["post-28840","post","type-post","status-publish","format-standard","has-post-thumbnail","hentry","category-noticias"],"_links":{"self":[{"href":"https:\/\/portalpraties.com.br\/site\/wp-json\/wp\/v2\/posts\/28840","targetHints":{"allow":["GET"]}}],"collection":[{"href":"https:\/\/portalpraties.com.br\/site\/wp-json\/wp\/v2\/posts"}],"about":[{"href":"https:\/\/portalpraties.com.br\/site\/wp-json\/wp\/v2\/types\/post"}],"author":[{"embeddable":true,"href":"https:\/\/portalpraties.com.br\/site\/wp-json\/wp\/v2\/users\/1"}],"replies":[{"embeddable":true,"href":"https:\/\/portalpraties.com.br\/site\/wp-json\/wp\/v2\/comments?post=28840"}],"version-history":[{"count":1,"href":"https:\/\/portalpraties.com.br\/site\/wp-json\/wp\/v2\/posts\/28840\/revisions"}],"predecessor-version":[{"id":28842,"href":"https:\/\/portalpraties.com.br\/site\/wp-json\/wp\/v2\/posts\/28840\/revisions\/28842"}],"wp:featuredmedia":[{"embeddable":true,"href":"https:\/\/portalpraties.com.br\/site\/wp-json\/wp\/v2\/media\/28841"}],"wp:attachment":[{"href":"https:\/\/portalpraties.com.br\/site\/wp-json\/wp\/v2\/media?parent=28840"}],"wp:term":[{"taxonomy":"category","embeddable":true,"href":"https:\/\/portalpraties.com.br\/site\/wp-json\/wp\/v2\/categories?post=28840"},{"taxonomy":"post_tag","embeddable":true,"href":"https:\/\/portalpraties.com.br\/site\/wp-json\/wp\/v2\/tags?post=28840"}],"curies":[{"name":"wp","href":"https:\/\/api.w.org\/{rel}","templated":true}]}}