{"id":30975,"date":"2024-06-15T01:39:38","date_gmt":"2024-06-15T01:39:38","guid":{"rendered":"https:\/\/portalpraties.com.br\/site\/?p=30975"},"modified":"2024-06-15T01:39:38","modified_gmt":"2024-06-15T01:39:38","slug":"minas-gerais-como-fica-o-clima-nos-proximos-dias","status":"publish","type":"post","link":"https:\/\/portalpraties.com.br\/site\/2024\/06\/15\/minas-gerais-como-fica-o-clima-nos-proximos-dias\/","title":{"rendered":"Minas Gerais: como fica o clima nos pr\u00f3ximos dias?"},"content":{"rendered":"\n<p>O outono come\u00e7ou h\u00e1 pouco menos de um m\u00eas, mas com as temperaturas ainda altas, muitos brasileiros sonham com um clima mais ameno, fresco, agrad\u00e1vel. E, assim, esperam conseguir tudo isso com o inverno, que tem data e hora para come\u00e7ar em 2024 de acordo com a posi\u00e7\u00e3o do Sol: dia 21 junho, \u00e0s 17h51 (de Bras\u00edlia).<\/p>\n\n\n\n<p>No entanto, de acordo Glauco Freitas, meteorologista do Instituto Nacional de Meteorologia (Inmet), \u00f3rg\u00e3o do Minist\u00e9rio da Agricultura e Pecu\u00e1ria (Mapa), de Bras\u00edlia, na realidade, \u201co que define a entrada do inverno \u00e9 a entrada de massa de ar frio, que j\u00e1 chegou em Minas Gerais e, portanto, os mineiros j\u00e1 vivem a esta\u00e7\u00e3o\u201d.<br>E para esta semana, de segunda-feira (10\/06) a quinta (13\/06), a previs\u00e3o do Inmet para Belo Horizonte \u00e9 de temperaturas m\u00ednimas entre 13 e 15 graus e m\u00e1ximas oscilando de 26 a 28 graus. Com a umidade do ar m\u00e1xima de 90% e m\u00ednima chegando a 35%.<\/p>\n\n\n\n<p><br>E vale registar que em Caldas e Monte Verde, no s\u00e1bado (08\/06) registram temperaturas m\u00ednimas de 5.4 e 6.4 respectivamente. As mais baixas do pa\u00eds.&nbsp;<\/p>\n\n\n\n<p><br>Glauco Freitas destaca, portanto, que a tend\u00eancia \u201cdo inverno em 2024 \u00e9 de temperaturas mais baixas, de ser mais frio por cauda da interfer\u00eancia da La Ni\u00f1a\u201d.<\/p>\n\n\n\n<p>Assim, com o passar dos dias, o decl\u00ednio nos term\u00f4metros vai ser notado. Not\u00edcia boa para quem gosta de baixas temperaturas se comparado \u00e0 esta\u00e7\u00e3o passada, que se deu sob a influ\u00eancia do El Ni\u00f1o, que agora est\u00e1 enfraquecendo. E de acordo com especialistas, esse processo de transi\u00e7\u00e3o dos eventos meteorol\u00f3gicos come\u00e7ou em abril.<\/p>\n\n\n\n<h2 class=\"wp-block-heading\"><br>La Nin\u00e3 em BH, Minas e Sudeste<\/h2>\n\n\n\n<p>Pensando em BH e Minas Gerais, sob a influ\u00eancia da La Nin\u00e3, o meteorologista Glauco Freitas explica que n\u00e3o vai transformar tanto a regi\u00e3o Sudeste: \u201cA La Ni\u00f1a \u00e9 caracterizada por temperaturas baixas e per\u00edodo seco, clima mais frio. No entanto, sua influ\u00eancia n\u00e3o afeta o Sudeste e, sim, mais o Sul, Nordeste e regi\u00e3o Amaz\u00f4nica. Mas tudo isso \u00e9 uma proje\u00e7\u00e3o\u201d, avisa.<\/p>\n\n\n\n<p>Glauco Freitas avisa que em BH e Minas o padr\u00e3o, se a tend\u00eancia padr\u00e3o se configurar, s\u00e3o temperaturas mais baixas e clima seco: \u201cNo entanto, para analisar como a La Ni\u00f1a vai se comportar, a previs\u00e3o, s\u00f3 pode ser feita quando chegar a primavera, para ter uma defini\u00e7\u00e3o. A princ\u00edpio, em agosto j\u00e1 ser\u00e1 poss\u00edvel analisar como a La Ni\u00f1a estar\u00e1 impactando na atmosfera e influenciando Minas e o Brasil\u201d, ensina meteorologista.<\/p>\n\n\n\n<p>\u00a0<br>J\u00e1 de acordo com Stefanie Tozzo, do Climatempo, junho \u00e9 o m\u00eas de transi\u00e7\u00e3o, entre outono e inverno, e j\u00e1 chegamos a uma fase neutra no Pac\u00edfico Equatorial e, assim, \u00e9 poss\u00edvel terminar o inverno j\u00e1 com o fen\u00f4meno da La Ni\u00f1a. De acordo com ela, algumas \u00e1reas de Minas ter\u00e3o chuvas abaixo da m\u00e9dia e temperaturas entre a m\u00e9dia e um pouco abaixo, tudo dentro do esperado por conta do ar seco que vai favorecer queda acentuada de temperatura durante as noites. J\u00e0 as tardes devem ser mais quentes, com temperatura um pouco acima da m\u00e9dia na regi\u00e3o do Tri\u00e2ngulo Mineiro, que fica mais pr\u00f3ximo da rota do ar quente por conta da circula\u00e7\u00e3o das altas de bloqueio.<\/p>\n\n\n\n<h2 class=\"wp-block-heading\"><br>Sensa\u00e7\u00e3o t\u00e9rmica abaixo de zero<\/h2>\n\n\n\n<p><br>Certo \u00e9 que o frio, ainda que devagar, est\u00e1 chegando. Na \u00faltima semana, a capital j\u00e1 teve sensa\u00e7\u00f5es t\u00e9rmicas bem baixas, duas at\u00e9 abaixo de zero. E bateu o recorde de menor temperatura do ano no s\u00e1bado (1\/06), com 10,4\u00b0 registrados Inmet na Esta\u00e7\u00e3o do Cercadinho, na Regi\u00e3o Oeste da capital. A sensa\u00e7\u00e3o t\u00e9rmica foi de -0,7 \u00b0C, por volta das 6h. Essa baixa nas temperaturas deve-se \u00e0 presen\u00e7a de uma grande massa de ar frio e seco.<\/p>\n\n\n\n<p>\u00a0<br>Mas ainda n\u00e3o \u00e9 poss\u00edvel cravar que ser\u00e1 uma tend\u00eancia para toda a esta\u00e7\u00e3o. E vale lembrar que na capital h\u00e1 regi\u00f5es mais frias, com sensa\u00e7\u00f5es t\u00e9rmicas mais baixas que outras. H\u00e1 uma discrep\u00e2ncia. O que tamb\u00e9m influencia a umidade relativa do ar e acende o alerta para quest\u00f5es de sa\u00fade, diante da falta de chuvas, com o aumento do n\u00famero de doen\u00e7as respirat\u00f3rias, alergias como rinite, sinusite, al\u00e9m da necessidade de cuidados extras com gripes, resfriados e a COVID-19.<\/p>\n\n\n\n<h2 class=\"wp-block-heading\"><br>Marcas de BH<\/h2>\n\n\n\n<p><br>Vale destacar que em maio de 2022, no dia 19, BH registrou, na esta\u00e7\u00e3o Cercadinho, 4,4 \u00b0C, o dia mais frio da capital mineira desde o in\u00edcio da s\u00e9rie hist\u00f3rica do Inmet, iniciada em 1961.&nbsp;Por outro lado, 2023 foi marcado por ondas intensas de calor. Foram pelo menos tr\u00eas na capital mineira, que registrou a maior temperatura da sua hist\u00f3ria: 38,6 \u00b0C em 25 de setembro.<\/p>\n\n\n\n<h2 class=\"wp-block-heading\">Balan\u00e7o de maio do INMET para o Brasil<\/h2>\n\n\n\n<p><br>Conforme o Inmet publicou na \u00faltima sexta-feira (07\/07), o m\u00eas de maio foi marcado por epis\u00f3dios de chuvas que causaram alagamentos e deslizamentos. Com destaque para chuvas ocorridas nos estados no Rio Grande do Sul, Roraima, Sergipe e Rio Grande do Norte, visto que os acumulados de chuva ultrapassaram a m\u00e9dia hist\u00f3rica, enquanto no Maranh\u00e3o algumas localidades registraram d\u00e9ficit de chuvas.<br>Al\u00e9m disto, maio tamb\u00e9m foi marcado por calor, extremos de calor em algumas \u00e1reas da parte central do pa\u00eds e por frio, especialmente no Rio Grande do Sul.<br>Nos \u00faltimos 30 dias, os maiores acumulados de chuvas ocorreram principalmente na faixa Norte do pa\u00eds, devido \u00e0 combina\u00e7\u00e3o do calor e alta umidade que contribu\u00edram para forma\u00e7\u00e3o de nuvens de chuvas. Al\u00e9m disso, o transporte de umidade do oceano para o continente foi o respons\u00e1vel por volumes de chuvas na faixa Leste da Regi\u00e3o Nordeste. Por fim, destaca-se as tempestades que causaram chuvas volumosas e alagamentos no Rio Grande do Sul, devido \u00e0 combina\u00e7\u00e3o de diferentes sistemas meteorol\u00f3gicos que causaram tamanha cat\u00e1strofe no estado.<\/p>\n\n\n\n<h2 class=\"wp-block-heading\"><br>Balan\u00e7o do INMENT para BH<\/h2>\n\n\n\n<p><br>O \u00faltimo balan\u00e7o do Inmet para Minas Gerais foi de abril, o qual constatou chuva e temperaturas acima da m\u00e9dia em Belo Horizonte. Mesmo com poucos dias de chuva, o valor totalizado ficou acima, em 30%, da M\u00e9dia Climatol\u00f3gica, que \u00e9 de 82,3 mil\u00edmetros (mm).<\/p>\n\n\n\n<p><br>Em BH, o m\u00eas de abril foi de chuvas escassas. Em todo o m\u00eas, foram registrados apenas tr\u00eas dias com chuva acima ou igual a 1,0 mil\u00edmetro (mm).<br>O total de chuva registrado na esta\u00e7\u00e3o do Inmet na capital mineira foi de 107,0 mm. Mesmo tendo poucos dias de chuva, o valor totalizado ficou acima, em 30%, da M\u00e9dia Climatol\u00f3gica, que \u00e9 de 82,3 mm.<\/p>\n\n\n\n<p><br>A m\u00e9dia da temperatura m\u00ednima foi de 20,4\u00baC (valor 1,6\u00b0C acima da climatologia, que \u00e9 de 18,8\u00baC). A menor temperatura m\u00ednima foi 18,4\u00baC registrada no dia 19. J\u00e1 a maior m\u00ednima foi 22,0\u00baC registrada no dia 11.<br>E a m\u00e9dia da temperatura m\u00e1xima foi de 29,1\u00baC (valor 1,5\u00baC acima da climatologia, que \u00e9 de 27,6\u00baC). A maior temperatura m\u00e1xima foi 31,0\u00baC, no dia 24. A menor temperatura m\u00e1xima ocorreu no dia 19 com 26,1\u00baC.<\/p>\n\n\n\n<p>Fonte: em.com.br<\/p>\n","protected":false},"excerpt":{"rendered":"<p>O outono come\u00e7ou h\u00e1 pouco menos de um m\u00eas, mas com as temperaturas ainda altas, muitos brasileiros sonham com um clima mais ameno, fresco, agrad\u00e1vel. E, assim, esperam conseguir tudo isso com o inverno, que tem data e hora para come\u00e7ar em 2024 de acordo com a posi\u00e7\u00e3o do Sol: dia 21 junho, \u00e0s 17h51 (de Bras\u00edlia). No entanto, de [&hellip;]<\/p>\n","protected":false},"author":1,"featured_media":30976,"comment_status":"closed","ping_status":"","sticky":false,"template":"","format":"standard","meta":{"footnotes":""},"categories":[3],"tags":[],"class_list":["post-30975","post","type-post","status-publish","format-standard","has-post-thumbnail","hentry","category-noticias"],"_links":{"self":[{"href":"https:\/\/portalpraties.com.br\/site\/wp-json\/wp\/v2\/posts\/30975","targetHints":{"allow":["GET"]}}],"collection":[{"href":"https:\/\/portalpraties.com.br\/site\/wp-json\/wp\/v2\/posts"}],"about":[{"href":"https:\/\/portalpraties.com.br\/site\/wp-json\/wp\/v2\/types\/post"}],"author":[{"embeddable":true,"href":"https:\/\/portalpraties.com.br\/site\/wp-json\/wp\/v2\/users\/1"}],"replies":[{"embeddable":true,"href":"https:\/\/portalpraties.com.br\/site\/wp-json\/wp\/v2\/comments?post=30975"}],"version-history":[{"count":1,"href":"https:\/\/portalpraties.com.br\/site\/wp-json\/wp\/v2\/posts\/30975\/revisions"}],"predecessor-version":[{"id":30977,"href":"https:\/\/portalpraties.com.br\/site\/wp-json\/wp\/v2\/posts\/30975\/revisions\/30977"}],"wp:featuredmedia":[{"embeddable":true,"href":"https:\/\/portalpraties.com.br\/site\/wp-json\/wp\/v2\/media\/30976"}],"wp:attachment":[{"href":"https:\/\/portalpraties.com.br\/site\/wp-json\/wp\/v2\/media?parent=30975"}],"wp:term":[{"taxonomy":"category","embeddable":true,"href":"https:\/\/portalpraties.com.br\/site\/wp-json\/wp\/v2\/categories?post=30975"},{"taxonomy":"post_tag","embeddable":true,"href":"https:\/\/portalpraties.com.br\/site\/wp-json\/wp\/v2\/tags?post=30975"}],"curies":[{"name":"wp","href":"https:\/\/api.w.org\/{rel}","templated":true}]}}