{"id":3322,"date":"2021-06-19T18:09:27","date_gmt":"2021-06-19T18:09:27","guid":{"rendered":"http:\/\/portalpraties.com.br\/site\/?p=3322"},"modified":"2021-06-19T18:09:27","modified_gmt":"2021-06-19T18:09:27","slug":"forca-tarefa-comeca-11a-dia-de-buscas-a-lazaro-barbosa-com-movimentacao-intensa-na-regiao-de-aguas-lindas-de-goias","status":"publish","type":"post","link":"https:\/\/portalpraties.com.br\/site\/2021\/06\/19\/forca-tarefa-comeca-11a-dia-de-buscas-a-lazaro-barbosa-com-movimentacao-intensa-na-regiao-de-aguas-lindas-de-goias\/","title":{"rendered":"For\u00e7a-tarefa come\u00e7a 11\u00aa dia de buscas a L\u00e1zaro Barbosa com movimenta\u00e7\u00e3o intensa na regi\u00e3o de \u00c1guas Lindas de Goi\u00e1s"},"content":{"rendered":"\n<h2 class=\"wp-block-heading\">Equipes das for\u00e7as de seguran\u00e7a deixaram base de comando antes das 8h. Com ajuda de c\u00e3es farejadores, helic\u00f3pteros e drones de vis\u00e3o t\u00e9rmica, mais de 200 policiais buscam pelo criminoso.<\/h2>\n\n\n\n<p>Por Millena Barbosa e Vitor Santana, G1 GO\u00a0\u2014 Cocalzinho de Goi\u00e1s<\/p>\n\n\n\n<hr class=\"wp-block-separator is-style-default\"\/>\n\n\n\n<p>A for\u00e7a-tarefa com mais de 200 policiais continua, durante o fim de semana, as buscas por\u00a0L\u00e1zaro Barbosa, de 32 anos, suspeito de fazer uma chacina em\u00a0Ceil\u00e2ndia, no DF. A opera\u00e7\u00e3o entra no 11\u00aa dia neste s\u00e1bado (19) com movimenta\u00e7\u00e3o intensa em\u00a0\u00c1guas Lindas de Goi\u00e1s, mesma regi\u00e3o onde as equipes j\u00e1 tinham procurado o suspeito no fim da tarde de sexta-feira (18).<\/p>\n\n\n\n<p>As equipes das for\u00e7as de seguran\u00e7a deixaram a base de comando, em Girassol, distrito de\u00a0Cocalzinho de Goi\u00e1s, antes das 8h. Policias de elite das pol\u00edcias Civil, Militar, e Federal fazem as buscas. Durante os trabalhos s\u00e3o usados helic\u00f3pteros, drones com vis\u00e3o t\u00e9rmica, c\u00e3es farejadores, equipamentos com vis\u00e3o noturna e forte armamento.<\/p>\n\n\n\n<figure class=\"wp-block-image\"><img decoding=\"async\" src=\"https:\/\/s2.glbimg.com\/6o8-6BH3TXI9FANtaljo83yWXoU=\/0x0:1700x1065\/984x0\/smart\/filters:strip_icc()\/i.s3.glbimg.com\/v1\/AUTH_59edd422c0c84a879bd37670ae4f538a\/internal_photos\/bs\/2021\/x\/A\/wMpSU4Q4SH7Ba0AIzPAA\/regiao-buscas.jpg\" alt=\"\u00c1rea onde policiais fazem buscas por L\u00e1zaro Barbosa, em Goi\u00e1s \u2014 Foto: Reprodu\u00e7\u00e3o\/TV Anhanguera\"\/><\/figure>\n\n\n\n<p>\u00c1rea onde policiais fazem buscas por L\u00e1zaro Barbosa, em Goi\u00e1s \u2014 Foto: Reprodu\u00e7\u00e3o\/TV Anhanguera<\/p>\n\n\n\n<p>As equipes percorrem a regi\u00e3o de carro, a p\u00e9 e a cavalo, em busca de rastros que possam ajudar a encontrar o fugitivo. Moradores da regi\u00e3o contaram que, por medo de L\u00e1zaro, n\u00e3o est\u00e3o dormindo mais nas propriedades.<\/p>\n\n\n\n<p>O&nbsp;<strong>G1&nbsp;<\/strong>solicitou dados de balan\u00e7o da opera\u00e7\u00e3o policial \u00e0 Secretaria de Seguran\u00e7a P\u00fablica de Goi\u00e1s (SSP-GO), na manh\u00e3 deste s\u00e1bado, por mensagem de texto, e aguarda resposta.<\/p>\n\n\n\n<figure class=\"wp-block-image\"><img decoding=\"async\" src=\"https:\/\/s2.glbimg.com\/PH6VHvp1846-_g4RuudACSaGdT4=\/0x0:1700x1065\/984x0\/smart\/filters:strip_icc()\/i.s3.glbimg.com\/v1\/AUTH_59edd422c0c84a879bd37670ae4f538a\/internal_photos\/bs\/2021\/X\/S\/XlypLBQFWJhIqMTVdwvg\/lazaro-19-06-comboio-pf.jpg\" alt=\"Carros da PF saindo da base de comando de buscas a L\u00e1zaro Barbosa, em Cocalzinho de Goi\u00e1s \u2014 Foto: Vitor Santana\/G1 GO\"\/><\/figure>\n\n\n\n<p>Carros da PF saindo da base de comando de buscas a L\u00e1zaro Barbosa, em Cocalzinho de Goi\u00e1s \u2014 Foto: Vitor Santana\/G1 GO<\/p>\n\n\n\n<p>A\u00a0pol\u00edcia procura pelo criminoso dentro de rios e em matas. Segundo a corpora\u00e7\u00e3o, por ser ca\u00e7ador, ele se esconde com facilidade. Na noite da \u00faltima sexta-feira, o secret\u00e1rio de Seguran\u00e7a P\u00fablica, Rodney Miranda disse que acredita ter visto L\u00e1zaro durante buscas pela regi\u00e3o. Segundo a Pol\u00edcia Rodovi\u00e1ria Federal (PRF), ele foi visto em um chiqueiro, mas fugiu novamente para vegeta\u00e7\u00e3o.<\/p>\n\n\n\n<blockquote class=\"wp-block-quote is-layout-flow wp-block-quote-is-layout-flow\"><p>\u201cA visualiza\u00e7\u00e3o foi de longe. Tenho quase certeza que eu cheguei a v\u00ea-lo a 1 km de dist\u00e2ncia do outro lado de um vale. A movimenta\u00e7\u00e3o dele foi de uma pessoa que estivesse ferida nas pernas, mas n\u00e3o deu para ver o resto\u201d, informou.<\/p><\/blockquote>\n\n\n\n<figure class=\"wp-block-image\"><img decoding=\"async\" src=\"https:\/\/s01.video.glbimg.com\/x240\/9616996.jpg\" alt=\"V\u00cdDEO: Os passos de L\u00e1zaro Barbosa nos \u00faltimos dias\" title=\"V\u00cdDEO: Os passos de L\u00e1zaro Barbosa nos \u00faltimos dias\"\/><\/figure>\n\n\n\n<h2 class=\"wp-block-heading\">Veja a cronologia, segundo a pol\u00edcia:<\/h2>\n\n\n\n<ul class=\"wp-block-list\"><li><strong>2007:\u00a0<\/strong>L\u00e1zaro Barbosa foi preso em Barra dos Mendes, na Bahia, acusado de duplo homic\u00eddio. Secretaria de Seguran\u00e7a P\u00fablica diz que ele fugiu cerca de 10 dias ap\u00f3s a pris\u00e3o e \u00e9 considerado foragido desde ent\u00e3o.<\/li><li><strong>2009:<\/strong>\u00a0Criminoso foi preso no Complexo Penitenci\u00e1rio da Papuda (CPP), em Bras\u00edlia, por suspeita de roubo, estupro e porte ilegal de arma de fogo.<\/li><li><strong>2013:<\/strong>\u00a0Laudo psicol\u00f3gico feito na Papuda descreve L\u00e1zaro como \u201cpsicopata imprevis\u00edvel\u201d, com comportamento agressivo, impulsivo, instabilidade emocional e falta de controle e equil\u00edbrio.<\/li><li><strong>Mar\u00e7o de 2014:\u00a0<\/strong>Pris\u00e3o de L\u00e1zaro foi convertida para regime semiaberto.<\/li><li><strong>2016:<\/strong>\u00a0Ele fugiu da Papuda.<\/li><li><strong>2018:<\/strong>\u00a0L\u00e1zaro foi preso em \u00c1guas Lindas de Goi\u00e1s, em cumprimento de tr\u00eas mandados de pris\u00e3o por homic\u00eddio qualificado, porte ilegal de arma de fogo, roubo e estupro;<\/li><li><strong>23 de julho de 2018:\u00a0<\/strong>L\u00e1zaro fugiu de \u00c1guas Lindas de Goi\u00e1s.<\/li><li><strong>8 de abril de 2020:\u00a0<\/strong>Ele invadiu uma ch\u00e1cara em Santo Ant\u00f4nio do Descoberto, em Goi\u00e1s, e golpeou um idoso com um machado, sendo indiciado pelos crimes de roubo mediante restri\u00e7\u00e3o da liberdade das v\u00edtimas e emprego de arma branca e por tentativa de latroc\u00ednio.<\/li><\/ul>\n\n\n\n<p>Cleonice Marques de Andrade, de 43 anos, morta junto com o marido e tr\u00eas filhos em Ceil\u00e2ndia \u2014 Foto: TV Globo \/ Reprodu\u00e7\u00e3o<\/p>\n\n\n\n<p><strong>26 de abril de 2021:<\/strong>&nbsp;L\u00e1zaro invadiu uma casa no Sol Nascente (DF), quando trancou pai e filho no quarto e levou a mulher para um matagal e a estuprou.<\/p>\n\n\n\n<p><strong>17 de maio de 2021:&nbsp;<\/strong>Ele fez uma fam\u00edlia ref\u00e9m na mesma regi\u00e3o, amea\u00e7ando os moradores com faca e arma de fogo. Nesse crime, ele mandou as pessoas ficarem nuas e, das 19h at\u00e9 meia-noite, prendeu os homens no quarto e as mulheres tiveram que cozinhar e servir um jantar para ele.<\/p>\n\n\n\n<p><strong>9 de junho de 2021:<\/strong>&nbsp;L\u00e1zaro invadiu uma ch\u00e1cara no Incra 9, em Ceil\u00e2ndia (DF), onde matou a tiros e a facadas um casal e dois filhos.<\/p>\n\n\n\n<p><strong>9 de junho de 2021:<\/strong>&nbsp;Roubou uma ch\u00e1cara em Ceil\u00e2ndia ap\u00f3s o assassinato da fam\u00edlia. Ele teria rendido o caseiro, o dono da propriedade e a filha dele.<\/p>\n\n\n\n<figure class=\"wp-block-image\"><img decoding=\"async\" src=\"https:\/\/s2.glbimg.com\/6_wSS81Ty0gkJoji5aFKmixhOd8=\/0x0:1920x1080\/984x0\/smart\/filters:strip_icc()\/i.s3.glbimg.com\/v1\/AUTH_59edd422c0c84a879bd37670ae4f538a\/internal_photos\/bs\/2021\/X\/f\/Hvs8x9SjWZw17BZ3DrDQ\/a1900-df2-limpo-14062021-frame-33727.jpeg\" alt=\"Carro abandonado queimado por L\u00e1zaro na BR-070, segundo a pol\u00edcia \u2014 Foto: TV Globo \/ Reprodu\u00e7\u00e3o\"\/><\/figure>\n\n\n\n<p>Carro abandonado queimado por L\u00e1zaro na BR-070, segundo a pol\u00edcia \u2014 Foto: TV Globo \/ Reprodu\u00e7\u00e3o<\/p>\n\n\n\n<p><strong>12 de junho de 2021:&nbsp;<\/strong>L\u00e1zaro fugiu para Cocalzinho de Goi\u00e1s logo em seguida. Ele atirou em quatro pessoas, invadiu fazendas e colocou fogo em uma casa ao fugir da pol\u00edcia. Os feridos foram levados a hospitais da regi\u00e3o, sendo que dois estavam em estado grave at\u00e9 a ter\u00e7a-feira (15).<\/p>\n\n\n\n<p><strong>13 de junho de 2021:&nbsp;<\/strong>Furtou um carro e o abandonou na BR-070 ap\u00f3s avistar uma barreira policial, dando sequ\u00eancia \u00e0 fuga para uma mata.<\/p>\n\n\n\n<p><strong>14 de junho de 2021:&nbsp;<\/strong>Caseiro de Cocalzinho de Goi\u00e1s disse \u00e0 pol\u00edcia que atirou em L\u00e1zaro Barbosa ap\u00f3s ele falar que ia entrar na casa&nbsp;<em>(veja o v\u00eddeo abaixo)<\/em>. Chacareiro relatou que ele fugiu depois de ser atingido.<\/p>\n\n\n\n<figure class=\"wp-block-image\"><img decoding=\"async\" src=\"https:\/\/s04.video.glbimg.com\/x240\/9604535.jpg\" alt=\"Caseiro diz \u00e0 pol\u00edcia que atirou em suspeito de matar fam\u00edlia em Ceil\u00e2ndia e que ele fugiu\" title=\"Caseiro diz \u00e0 pol\u00edcia que atirou em suspeito de matar fam\u00edlia em Ceil\u00e2ndia e que ele fugiu\"\/><\/figure>\n\n\n\n<p>Caseiro diz \u00e0 pol\u00edcia que atirou em suspeito de matar fam\u00edlia em Ceil\u00e2ndia e que ele fugiu<\/p>\n\n\n\n<ul class=\"wp-block-list\"><li><strong>14 de junho de 2021:<\/strong>\u00a0L\u00e1zaro foi filmado no curral de uma fazenda entre os distritos de Edel\u00e2ndia e Girassol\u00a0<em>(veja o v\u00eddeo abaixo)<\/em>. A pol\u00edcia acredita que ele passou a noite no local. O caseiro diz que o homem pediu comida e em seguida fugiu para a mata.<\/li><li><strong>15 de junho de 2021:\u00a0<\/strong>Dois policiais militares de Goi\u00e1s foram baleados durante buscas do suspeito. Delegado diz que\u00a0L\u00e1zaro fez casal e adolescente ref\u00e9ns em Edel\u00e2ndia. Uma parente da fam\u00edlia\u00a0relatou os momentos de p\u00e2nico\u00a0<em>(ou\u00e7a na grava\u00e7\u00e3o abaixo).<\/em><\/li><li>Na quarta-feira (16), L\u00e1zaro Barbosa foi visto por um morador em uma \u00e1rea rural.<\/li><li>Na quinta-feira (17), a pol\u00edcia retomou as buscas em matas da regi\u00e3o e mudou a base de opera\u00e7\u00e3o pela segunda vez. Houve nova troca de tiros e secret\u00e1rio de seguran\u00e7a p\u00fablica acredita que ele esteja ferido.<\/li><li>Na sexta-feira (18), durante buscas o secret\u00e1rio de seguran\u00e7a p\u00fablica disse que acredita ter visto L\u00e1zaro. Segundo PRF, ele foi visto em um chiqueiro durante a tarde, mas fugiu novamente para vegeta\u00e7\u00e3o.<\/li><\/ul>\n\n\n\n<figure class=\"wp-block-image\"><img decoding=\"async\" src=\"https:\/\/s04.video.glbimg.com\/x240\/9605027.jpg\" alt=\"Moradora mostra policiais em busca de suspeito de matar fam\u00edlia em Ceil\u00e2ndia\" title=\"Moradora mostra policiais em busca de suspeito de matar fam\u00edlia em Ceil\u00e2ndia\"\/><\/figure>\n\n\n\n<p>Moradora mostra policiais em busca de suspeito de matar fam\u00edlia em Ceil\u00e2ndia.<\/p>\n","protected":false},"excerpt":{"rendered":"<p>Equipes das for\u00e7as de seguran\u00e7a deixaram base de comando antes das 8h. Com ajuda de c\u00e3es farejadores, helic\u00f3pteros e drones de vis\u00e3o t\u00e9rmica, mais de 200 policiais buscam pelo criminoso. Por Millena Barbosa e Vitor Santana, G1 GO\u00a0\u2014 Cocalzinho de Goi\u00e1s A for\u00e7a-tarefa com mais de 200 policiais continua, durante o fim de semana, as buscas por\u00a0L\u00e1zaro Barbosa, de 32 [&hellip;]<\/p>\n","protected":false},"author":1,"featured_media":3323,"comment_status":"closed","ping_status":"","sticky":false,"template":"","format":"standard","meta":{"footnotes":""},"categories":[3],"tags":[],"class_list":["post-3322","post","type-post","status-publish","format-standard","has-post-thumbnail","hentry","category-noticias"],"_links":{"self":[{"href":"https:\/\/portalpraties.com.br\/site\/wp-json\/wp\/v2\/posts\/3322","targetHints":{"allow":["GET"]}}],"collection":[{"href":"https:\/\/portalpraties.com.br\/site\/wp-json\/wp\/v2\/posts"}],"about":[{"href":"https:\/\/portalpraties.com.br\/site\/wp-json\/wp\/v2\/types\/post"}],"author":[{"embeddable":true,"href":"https:\/\/portalpraties.com.br\/site\/wp-json\/wp\/v2\/users\/1"}],"replies":[{"embeddable":true,"href":"https:\/\/portalpraties.com.br\/site\/wp-json\/wp\/v2\/comments?post=3322"}],"version-history":[{"count":1,"href":"https:\/\/portalpraties.com.br\/site\/wp-json\/wp\/v2\/posts\/3322\/revisions"}],"predecessor-version":[{"id":3324,"href":"https:\/\/portalpraties.com.br\/site\/wp-json\/wp\/v2\/posts\/3322\/revisions\/3324"}],"wp:featuredmedia":[{"embeddable":true,"href":"https:\/\/portalpraties.com.br\/site\/wp-json\/wp\/v2\/media\/3323"}],"wp:attachment":[{"href":"https:\/\/portalpraties.com.br\/site\/wp-json\/wp\/v2\/media?parent=3322"}],"wp:term":[{"taxonomy":"category","embeddable":true,"href":"https:\/\/portalpraties.com.br\/site\/wp-json\/wp\/v2\/categories?post=3322"},{"taxonomy":"post_tag","embeddable":true,"href":"https:\/\/portalpraties.com.br\/site\/wp-json\/wp\/v2\/tags?post=3322"}],"curies":[{"name":"wp","href":"https:\/\/api.w.org\/{rel}","templated":true}]}}