{"id":3325,"date":"2021-06-19T18:16:36","date_gmt":"2021-06-19T18:16:36","guid":{"rendered":"http:\/\/portalpraties.com.br\/site\/?p=3325"},"modified":"2021-06-19T18:16:36","modified_gmt":"2021-06-19T18:16:36","slug":"racismo","status":"publish","type":"post","link":"https:\/\/portalpraties.com.br\/site\/2021\/06\/19\/racismo\/","title":{"rendered":"RACISMO"},"content":{"rendered":"\n<p>Fonte: todamateria.com.br<\/p>\n\n\n\n<p>O&nbsp;<strong>Racismo<\/strong>&nbsp;\u00e9 a cren\u00e7a em que uma ra\u00e7a, etnia ou certas caracter\u00edsticas f\u00edsicas sejam superiores a outras.<\/p>\n\n\n\n<p>O racismo pode se manifestar tanto em n\u00edvel individual, como em n\u00edvel institucional, atrav\u00e9s de pol\u00edticas como a escravid\u00e3o, o apartheid, o holocausto, o colonialismo, o imperialismo, dentre outros.<\/p>\n\n\n\n<p>Embora o racismo associe-se ao preconceito contra os negros, ele pode se manifestar contra qualquer ra\u00e7a ou etnia, sejam asi\u00e1ticos, ind\u00edgenas, etc.<\/p>\n\n\n\n<p>Conv\u00e9m lembrar que a pr\u00e1tica do racismo, no Brasil, \u00e9 considerado um crime inafian\u00e7\u00e1vel, com pena de at\u00e9 3 anos de pris\u00e3o.<\/p>\n\n\n\n<h2 class=\"wp-block-heading\">Tipos de Racismo<\/h2>\n\n\n\n<p>Vejamos agora os principais tipos de racismo:<\/p>\n\n\n\n<h3 class=\"wp-block-heading\">1. Racismo Individual<\/h3>\n\n\n\n<p>O racismo individual \u00e9 expresso em atitudes discriminat\u00f3rias individuais, atrav\u00e9s de esteri\u00f3tipos, insultos e rejei\u00e7\u00e3o a uma pessoa que n\u00e3o possua as mesmas caracter\u00edsticas \u00e9tnicas que a sua.<\/p>\n\n\n\n<p>Desta maneira, temos express\u00f5es como &#8220;<em>\u00e9 preto, mas \u00e9 limpinho<\/em>&#8221; ou &#8220;<em>\u00edndio bom \u00e9 \u00edndio morto<\/em>&#8221; que revelam o profundo desprezo a todo um grupo.<\/p>\n\n\n\n<h3 class=\"wp-block-heading\">2. Racismo Institucional<\/h3>\n\n\n\n<p>O racismo institucional \u00e9 aquele exercido pelas institui\u00e7\u00f5es, como o Estado, a Igreja, as empresas privadas e p\u00fablicas, no qual certos grupos \u00e9tnicos, como negros ou \u00edndios, s\u00e3o marginalizados e rejeitados, seja direta ou indiretamente.<\/p>\n\n\n\n<p>Um dos maiores exemplos foi o apartheid, na \u00c1frica do Sul, quando os negros estavam proibidos de frequentar os mesmos lugares que os brancos. Igualmente, nos Estados Unidos, havia leis desse tipo, que impediam os negros a estudarem nas mesmas escolas que os brancos, por exemplo.<\/p>\n\n\n\n<h3 class=\"wp-block-heading\"><strong>3. Racismo Cultural<\/strong><\/h3>\n\n\n\n<p>Resulta na cren\u00e7a que existe superioridade entre as culturas existentes, no amplo sentido que &#8220;cultura&#8221; engloba, religi\u00e3o, costumes, l\u00ednguas, dentre outras.<\/p>\n\n\n\n<p>O racismo cultural foi usado como justificativa para colonizar e dominar territ\u00f3rios desde a Antiguidade. Na \u00e9poca moderna, esse tipo de racismo pode incluir elementos do racismo institucional e individual.<\/p>\n\n\n\n<h3 class=\"wp-block-heading\"><strong>4. Racismo Comunitarista<\/strong>&nbsp;(<strong>Diferencialista<\/strong>)<\/h3>\n\n\n\n<p>O conceito de comunitarismo ganhou for\u00e7a nos anos 80, em contraposi\u00e7\u00e3o ao individualismo. Esta filosofia defende que a comunidade \u00e9 mais importantes que o indiv\u00edduo em si.<\/p>\n\n\n\n<p>Dessa maneira, o racismo comunitarista est\u00e1 ligado ao pensamento contempor\u00e2neo e ao nacionalismo. Ele torna-se racista na medida que sempre privilegia a sua comunidade em detrimento de outra.<\/p>\n\n\n\n<p>Como consequ\u00eancia, o racismo comunitarista se dirige a um grupo como uma aldeia ind\u00edgena, uma comunidade quilombola, e n\u00e3o s\u00f3 aos indiv\u00edduos espec\u00edficos.<\/p>\n\n\n\n<h3 class=\"wp-block-heading\">5. Racismo Ecol\u00f3gico (Ambiental)<\/h3>\n\n\n\n<p>O racismo ecol\u00f3gico \u00e9 detectado quando as popula\u00e7\u00f5es perif\u00e9ricas n\u00e3o recebem o mesmo tratamento que uma \u00e1rea central.<\/p>\n\n\n\n<p>Um exemplo disso s\u00e3o as desapropria\u00e7\u00f5es realizadas de maneira arbitr\u00e1ria para dar lugar \u00e0s represas ou instala\u00e7\u00f5es de eventos esportivos. Ou quando uma empresa de pa\u00eds desenvolvido vende um produto para um pa\u00eds em desenvolvimento que n\u00e3o cumpre as mesmas regras do seu pa\u00eds de origem.<\/p>\n\n\n\n<figure class=\"wp-block-image\"><img decoding=\"async\" src=\"https:\/\/static.todamateria.com.br\/upload\/ra\/ci\/racismonomundo-cke.jpg\" alt=\"Racismo\"\/><figcaption>Uma das atitudes racistas \u00e9 o isolamento social<\/figcaption><\/figure>\n\n\n\n<h2 class=\"wp-block-heading\">Como combater o racismo?<\/h2>\n\n\n\n<p>O racismo deve ser combatido diariamente, primeiro em atitude individuais e depois, de forma social.<\/p>\n\n\n\n<p>O mais importante \u00e9 reconhecer que vivemos numa sociedade racista e isto \u00e9 muito f\u00e1cil de comprovar respondendo a estas perguntas.<\/p>\n\n\n\n<ul class=\"wp-block-list\"><li>O Brasil tem quase 50% da popula\u00e7\u00e3o que se declara negra: no Congresso Nacional temos 50% dos parlamentares negros?<\/li><li>Existem 50% de m\u00e9dicos negros em hospitais?<\/li><\/ul>\n\n\n\n<p>Assim, seria interessante uma autoavalia\u00e7\u00e3o come\u00e7ando pelo nosso vocabul\u00e1rio. Dever\u00edamos tirar da nossa linguagem express\u00f5es como &#8220;denegrir&#8221;, &#8220;preto de alma branca&#8221;, &#8220;moreninha do cabelo bombril&#8221;, e tantas outras.<\/p>\n\n\n\n<p>Igualmente, conhecer outras culturas, costumes, pessoas e religi\u00f5es. Quantas personalidades negras ou ind\u00edgenas voc\u00ea admira? Ao ter contato com saberes diferentes dos quais estamos acostumados, abrimos nossa cabe\u00e7a e percebemos que os seres humanos s\u00e3o bem parecidos.<\/p>\n\n\n\n<p>Por fim, lembremos que o Dia Internacional da Elimina\u00e7\u00e3o da Discrimina\u00e7\u00e3o Racial \u00e9 comemorado dia 21 de mar\u00e7o.<\/p>\n","protected":false},"excerpt":{"rendered":"<p>Fonte: todamateria.com.br O&nbsp;Racismo&nbsp;\u00e9 a cren\u00e7a em que uma ra\u00e7a, etnia ou certas caracter\u00edsticas f\u00edsicas sejam superiores a outras. O racismo pode se manifestar tanto em n\u00edvel individual, como em n\u00edvel institucional, atrav\u00e9s de pol\u00edticas como a escravid\u00e3o, o apartheid, o holocausto, o colonialismo, o imperialismo, dentre outros. Embora o racismo associe-se ao preconceito contra os negros, ele pode se manifestar [&hellip;]<\/p>\n","protected":false},"author":1,"featured_media":3326,"comment_status":"closed","ping_status":"","sticky":false,"template":"","format":"standard","meta":{"footnotes":""},"categories":[3],"tags":[],"class_list":["post-3325","post","type-post","status-publish","format-standard","has-post-thumbnail","hentry","category-noticias"],"_links":{"self":[{"href":"https:\/\/portalpraties.com.br\/site\/wp-json\/wp\/v2\/posts\/3325","targetHints":{"allow":["GET"]}}],"collection":[{"href":"https:\/\/portalpraties.com.br\/site\/wp-json\/wp\/v2\/posts"}],"about":[{"href":"https:\/\/portalpraties.com.br\/site\/wp-json\/wp\/v2\/types\/post"}],"author":[{"embeddable":true,"href":"https:\/\/portalpraties.com.br\/site\/wp-json\/wp\/v2\/users\/1"}],"replies":[{"embeddable":true,"href":"https:\/\/portalpraties.com.br\/site\/wp-json\/wp\/v2\/comments?post=3325"}],"version-history":[{"count":1,"href":"https:\/\/portalpraties.com.br\/site\/wp-json\/wp\/v2\/posts\/3325\/revisions"}],"predecessor-version":[{"id":3327,"href":"https:\/\/portalpraties.com.br\/site\/wp-json\/wp\/v2\/posts\/3325\/revisions\/3327"}],"wp:featuredmedia":[{"embeddable":true,"href":"https:\/\/portalpraties.com.br\/site\/wp-json\/wp\/v2\/media\/3326"}],"wp:attachment":[{"href":"https:\/\/portalpraties.com.br\/site\/wp-json\/wp\/v2\/media?parent=3325"}],"wp:term":[{"taxonomy":"category","embeddable":true,"href":"https:\/\/portalpraties.com.br\/site\/wp-json\/wp\/v2\/categories?post=3325"},{"taxonomy":"post_tag","embeddable":true,"href":"https:\/\/portalpraties.com.br\/site\/wp-json\/wp\/v2\/tags?post=3325"}],"curies":[{"name":"wp","href":"https:\/\/api.w.org\/{rel}","templated":true}]}}