{"id":3328,"date":"2021-06-19T18:22:39","date_gmt":"2021-06-19T18:22:39","guid":{"rendered":"http:\/\/portalpraties.com.br\/site\/?p=3328"},"modified":"2021-06-19T18:22:39","modified_gmt":"2021-06-19T18:22:39","slug":"professor-de-surfe-negro-acusado-injustamente-por-furto-de-bicicleta-diz-que-seu-caso-deveria-ser-enquadrado-como-racismo","status":"publish","type":"post","link":"https:\/\/portalpraties.com.br\/site\/2021\/06\/19\/professor-de-surfe-negro-acusado-injustamente-por-furto-de-bicicleta-diz-que-seu-caso-deveria-ser-enquadrado-como-racismo\/","title":{"rendered":"Professor de surfe negro acusado injustamente por furto de bicicleta diz que seu caso deveria ser enquadrado como racismo"},"content":{"rendered":"\n<h2 class=\"wp-block-heading\">Matheus Ribeiro registrou boletim de ocorr\u00eancia contra casal que o acusou pelo crime. A pol\u00edcia prendeu o suspeito Igor Pinheiro, de 22 anos, morador de Botafogo. O rapaz branco tem 28 passagens pela pol\u00edcia por diversos crimes.<\/h2>\n\n\n\n<p>Por G1<\/p>\n\n\n\n<hr class=\"wp-block-separator\"\/>\n\n\n\n<p>Surfista acusado injustamente de furto no Leblon diz que seu caso deveria ser tipificado como racismo.<\/p>\n\n\n\n<p>Acusado injustamente de ter furtado uma bicicleta\u00a0no Leblon, na Zona Sul do Rio de Janeiro, o professor de surfe Matheus Ribeiro, disse nesta quinta-feira (17) que gostaria que a lei brasileira considerasse seu caso como\u00a0<strong>crime de racismo<\/strong>.<\/p>\n\n\n\n<p>No \u00faltimo s\u00e1bado (12), o jovem negro estava parado em sua bicicleta el\u00e9trica, na porta do Shopping Leblon, quando foi abordado pelo casal Mariana Spinelli e Tom\u00e1s Oliveira. A dupla teria acusado Matheus pelo furto do ve\u00edculo.<\/p>\n\n\n\n<p>A Pol\u00edcia Civil prendeu, na madrugada desta quinta, Igor Martins Pinheiro, de 22 anos. Ele, que \u00e9 branco, \u00e9\u00a0apontado como autor do furto da bicicleta.<\/p>\n\n\n\n<p>&#8220;O meu desejo era que a gente pudesse tipificar esses casos como racismo. O que acontece \u00e9 que como n\u00e3o foi citado nada contra uma ra\u00e7a, n\u00e3o foi citado nenhum pejorativo como preto, macaco, alguma coisa assim, se referindo a uma pessoa s\u00f3, no caso a mim, a gente n\u00e3o consegue por isso como crime de racismo. Ent\u00e3o \u00e9 uma coisa que tem que ser mudada l\u00e1 em cima&#8221;, questionou Matheus.<\/p>\n\n\n\n<figure class=\"wp-block-image\"><img decoding=\"async\" src=\"https:\/\/s04.video.glbimg.com\/x240\/9614135.jpg\" alt=\"Jovem branco \u00e9 preso no Rio suspeito de furtar bicicleta de casal que acusou rapaz negro\" title=\"Jovem branco \u00e9 preso no Rio suspeito de furtar bicicleta de casal que acusou rapaz negro\"\/><\/figure>\n\n\n\n<p>Jovem branco \u00e9 preso no Rio suspeito de furtar bicicleta de casal que acusou rapaz negro<\/p>\n\n\n\n<p>A delegada Natacha Oliveira, titular da 14\u00aa DP (Leblon), onde o crime foi registrado, explicou porque a acusa\u00e7\u00e3o contra Matheus n\u00e3o pode ser enquadrada como inj\u00faria racial e sim pelo crime de cal\u00fania,&nbsp;uma infra\u00e7\u00e3o de menor potencial ofensivo, por terem feito uma acusa\u00e7\u00e3o infundada.<\/p>\n\n\n\n<p>\u201cEm nenhum momento, tanto diante da narrativa do Matheus, como diante da narrativa dos investigados, veio aos autos qualquer men\u00e7\u00e3o por parte destes no sentido de terem realizado alguma ofensa expressa de car\u00e1ter racial. Raz\u00e3o pela qual, com base tamb\u00e9m na an\u00e1lise dos elementos objetivos do fato, da an\u00e1lise do caso concreto, n\u00e3o houve instaura\u00e7\u00e3o de procedimento para apurar o crime de inj\u00faria racial, e sim o crime de cal\u00fania\u201d, explicou a delegada Natacha Oliveira.<\/p>\n\n\n\n<p>Contudo, Matheus afirmou que em sua opini\u00e3o a abordagem dos jovens n\u00e3o ocorreria da mesma maneira se ele n\u00e3o fosse negro.<\/p>\n\n\n\n<blockquote class=\"wp-block-quote is-layout-flow wp-block-quote-is-layout-flow\"><p>&#8220;A gente sabe que se eu fosse um jovem branco eu n\u00e3o seria parado daquela forma. Ent\u00e3o eu acho que o que tem que mudar \u00e9 o jeito da gente olhar esses casos, esses fatos&#8221;, comentou.<\/p><\/blockquote>\n\n\n\n<h2 class=\"wp-block-heading\">Suspeito preso<\/h2>\n\n\n\n<p>Igor, rapaz branco, com 28 passagens pela pol\u00edcia e morador de Botafogo, na Zona Sul da cidade,\u00a0foi preso\u00a0ap\u00f3s ter sido reconhecido por um seguran\u00e7a do Shopping Leblon, que prestou depoimento na delegacia.<\/p>\n\n\n\n<p>Tamb\u00e9m conhecido como &#8220;Lor\u00e3o&#8221;, Igor j\u00e1 foi preso por outros furtos, como em 2018. Com ele, foi apreendida a bermuda que ele utilizava na hora do crime.&nbsp;Ele j\u00e1 foi preso outras sete vezes.<\/p>\n\n\n\n<figure class=\"wp-block-image\"><img decoding=\"async\" src=\"https:\/\/s04.video.glbimg.com\/x240\/9612135.jpg\" alt=\"Pol\u00edcia prende suspeito de ter furtado bicicleta de mulher que acusou jovem negro pelo roubo\" title=\"Pol\u00edcia prende suspeito de ter furtado bicicleta de mulher que acusou jovem negro pelo roubo\"\/><\/figure>\n\n\n\n<p>Pol\u00edcia prende suspeito de ter furtado bicicleta de mulher que acusou jovem negro pelo roubo<\/p>\n\n\n\n<h2 class=\"wp-block-heading\">Abordagem ao jovem negro<\/h2>\n\n\n\n<p>Matheus contou que estava esperando pela namorada na frente do Shopping Leblon, na Avenida Afr\u00e2nio de Melo Franco. De repente, um casal de jovens se aproximou dele e a menina perguntou:<\/p>\n\n\n\n<blockquote class=\"wp-block-quote is-layout-flow wp-block-quote-is-layout-flow\"><p>&#8220;Voc\u00ea pegou essa bike, n\u00e3o foi? Essa bike \u00e9 minha&#8221;.<\/p><\/blockquote>\n\n\n\n<p>Ele negou e disse que mostrou fotos antigas dele com a mesma bicicleta. O professor de surfe postou um v\u00eddeo nas redes sociais, que teria sido feito depois de uma primeira discuss\u00e3o com o casal.<\/p>\n\n\n\n<p>O v\u00eddeo mostra Matheus e o namorado da jovem pr\u00f3ximos um do outro, com este \u00faltimo segurando o cadeado da bicicleta da namorada.<\/p>\n\n\n\n<p>&#8220;\u00c9 que acabou de roubar a bicicleta dela, \u00e9 igualzinha, desculpa&#8221;, disse o rapaz, aparentemente tentando justificar a abordagem.<\/p>\n\n\n\n<h2 class=\"wp-block-heading\">&#8216;Est\u00e1 enraizado na nossa sociedade&#8217;<\/h2>\n\n\n\n<p>Em entrevista ao&nbsp;<strong>RJ2<\/strong>, Matheus disse que situa\u00e7\u00f5es de racismo n\u00e3o s\u00e3o problemas isolados e est\u00e3o &#8220;enraizadas na sociedade&#8221;.<\/p>\n\n\n\n<figure class=\"wp-block-image\"><img decoding=\"async\" src=\"https:\/\/s02.video.glbimg.com\/x240\/9606765.jpg\" alt=\"\u2018\u00c9 um problema que est\u00e1 enraizado na nossa sociedade\u2019, diz surfista negro acusado de furto\" title=\"\u2018\u00c9 um problema que est\u00e1 enraizado na nossa sociedade\u2019, diz surfista negro acusado de furto\"\/><\/figure>\n\n\n\n<p>\u2018\u00c9 um problema que est\u00e1 enraizado na nossa sociedade\u2019, diz surfista negro acusado de furto.<\/p>\n\n\n\n<blockquote class=\"wp-block-quote is-layout-flow wp-block-quote-is-layout-flow\"><p>&#8220;Isso n\u00e3o \u00e9 problema pessoal de mim pra eles, problemas deles pra mim, \u00e9 um problema que est\u00e1 enraizado na nossa sociedade&#8221;, disse, referindo-se ao casal envolvido no caso.<\/p><\/blockquote>\n\n\n\n<p>&#8220;N\u00e3o quero dar \u00eanfase s\u00f3 pro meu caso, quero dar \u00eanfase pra esses casos, para que as pessoas quando se veem numa situa\u00e7\u00e3o de desespero n\u00e3o pensarem que foi o preto que roubou e toda vez que acontecer isso com um negro ele se sentir forte o suficiente para denunciar para botar a cara, falar que isso n\u00e3o \u00e9 certo e que a gente n\u00e3o vai aceitar isso&#8221;.<\/p>\n","protected":false},"excerpt":{"rendered":"<p>Matheus Ribeiro registrou boletim de ocorr\u00eancia contra casal que o acusou pelo crime. A pol\u00edcia prendeu o suspeito Igor Pinheiro, de 22 anos, morador de Botafogo. O rapaz branco tem 28 passagens pela pol\u00edcia por diversos crimes. Por G1 Surfista acusado injustamente de furto no Leblon diz que seu caso deveria ser tipificado como racismo. Acusado injustamente de ter furtado [&hellip;]<\/p>\n","protected":false},"author":1,"featured_media":3329,"comment_status":"closed","ping_status":"","sticky":false,"template":"","format":"standard","meta":{"footnotes":""},"categories":[3],"tags":[],"class_list":["post-3328","post","type-post","status-publish","format-standard","has-post-thumbnail","hentry","category-noticias"],"_links":{"self":[{"href":"https:\/\/portalpraties.com.br\/site\/wp-json\/wp\/v2\/posts\/3328","targetHints":{"allow":["GET"]}}],"collection":[{"href":"https:\/\/portalpraties.com.br\/site\/wp-json\/wp\/v2\/posts"}],"about":[{"href":"https:\/\/portalpraties.com.br\/site\/wp-json\/wp\/v2\/types\/post"}],"author":[{"embeddable":true,"href":"https:\/\/portalpraties.com.br\/site\/wp-json\/wp\/v2\/users\/1"}],"replies":[{"embeddable":true,"href":"https:\/\/portalpraties.com.br\/site\/wp-json\/wp\/v2\/comments?post=3328"}],"version-history":[{"count":1,"href":"https:\/\/portalpraties.com.br\/site\/wp-json\/wp\/v2\/posts\/3328\/revisions"}],"predecessor-version":[{"id":3330,"href":"https:\/\/portalpraties.com.br\/site\/wp-json\/wp\/v2\/posts\/3328\/revisions\/3330"}],"wp:featuredmedia":[{"embeddable":true,"href":"https:\/\/portalpraties.com.br\/site\/wp-json\/wp\/v2\/media\/3329"}],"wp:attachment":[{"href":"https:\/\/portalpraties.com.br\/site\/wp-json\/wp\/v2\/media?parent=3328"}],"wp:term":[{"taxonomy":"category","embeddable":true,"href":"https:\/\/portalpraties.com.br\/site\/wp-json\/wp\/v2\/categories?post=3328"},{"taxonomy":"post_tag","embeddable":true,"href":"https:\/\/portalpraties.com.br\/site\/wp-json\/wp\/v2\/tags?post=3328"}],"curies":[{"name":"wp","href":"https:\/\/api.w.org\/{rel}","templated":true}]}}