{"id":33339,"date":"2024-10-02T10:53:25","date_gmt":"2024-10-02T10:53:25","guid":{"rendered":"https:\/\/portalpraties.com.br\/site\/?p=33339"},"modified":"2024-10-04T10:27:29","modified_gmt":"2024-10-04T10:27:29","slug":"incendios-ameacam-areas-de-protecao-ambiental-em-mg","status":"publish","type":"post","link":"https:\/\/portalpraties.com.br\/site\/2024\/10\/02\/incendios-ameacam-areas-de-protecao-ambiental-em-mg\/","title":{"rendered":"Inc\u00eandios amea\u00e7am \u00e1reas de prote\u00e7\u00e3o ambiental em MG"},"content":{"rendered":"\n<p>Minas Gerais enfrenta o maior n\u00famero de focos de inc\u00eandio dos \u00faltimos 14 anos. A&nbsp;<strong>Serra da Moeda&nbsp;<\/strong>e o&nbsp;<strong>Parque Nacional da Serra do Cip\u00f3<\/strong>&nbsp;perderam mais de mil hectares de vegeta\u00e7\u00e3o.<\/p>\n\n\n\n<p>Mais de 50 volunt\u00e1rios, bombeiros e agentes do\u00a0ICMBio\u00a0atuam na regi\u00e3o do Parque Nacional da Serra do Cip\u00f3.<\/p>\n\n\n\n<p>\u00c9 uma regi\u00e3o muito montanhosa.\u00a0Nos locais de acesso mais dif\u00edcil, as equipes s\u00f3 conseguem chegar de helic\u00f3ptero.\u00a0No fim de semana, o fogo se aproximou de comunidades e quase incendiou as casas.<\/p>\n\n\n\n<p>Uma regi\u00e3o atingida pelos inc\u00eandios fica bem pr\u00f3xima de uma APP (\u00c1rea de Preserva\u00e7\u00e3o Permanente) que protege nascentes e c\u00f3rregos escondidos no meio da mata.&nbsp;Se o fogo alcan\u00e7ar essa vegeta\u00e7\u00e3o, coloca em risco a fun\u00e7\u00e3o das \u00e1rvores de, por exemplo, manter a umidade para evitar a seca, e absorver a \u00e1gua da chuva para o solo, que ajuda a abastecer as bel\u00edssimas cachoeiras da Serra do Cip\u00f3.<\/p>\n\n\n\n<blockquote class=\"wp-block-quote is-layout-flow wp-block-quote-is-layout-flow\">\n<p>&#8220;Apesar da vegeta\u00e7\u00e3o composta pelo Cerrado, que \u00e9 uma vegeta\u00e7\u00e3o que tem uma certa resist\u00eancia ao fogo, essas matas de galeria, que acabam protegendo os cursos da \u00e1gua, realmente t\u00eam uma perda muito grande. A perda dessas matas de galeria \u00e9 quase irrepar\u00e1vel\u201d, diz S\u00e9rgio Augusto Domingues, superintendente do Ibama em Minas Gerais.<\/p>\n<\/blockquote>\n\n\n\n<figure class=\"wp-block-image size-full\"><img fetchpriority=\"high\" decoding=\"async\" width=\"984\" height=\"554\" src=\"https:\/\/portalpraties.com.br\/site\/wp-content\/uploads\/2024\/10\/image.png\" alt=\"\" class=\"wp-image-33340\" srcset=\"https:\/\/portalpraties.com.br\/site\/wp-content\/uploads\/2024\/10\/image.png 984w, https:\/\/portalpraties.com.br\/site\/wp-content\/uploads\/2024\/10\/image-300x169.png 300w, https:\/\/portalpraties.com.br\/site\/wp-content\/uploads\/2024\/10\/image-768x432.png 768w\" sizes=\"(max-width: 984px) 100vw, 984px\" \/><\/figure>\n\n\n\n<p>Fonte: g1.globo.com<\/p>\n","protected":false},"excerpt":{"rendered":"<p>Minas Gerais enfrenta o maior n\u00famero de focos de inc\u00eandio dos \u00faltimos 14 anos. A&nbsp;Serra da Moeda&nbsp;e o&nbsp;Parque Nacional da Serra do Cip\u00f3&nbsp;perderam mais de mil hectares de vegeta\u00e7\u00e3o. Mais de 50 volunt\u00e1rios, bombeiros e agentes do\u00a0ICMBio\u00a0atuam na regi\u00e3o do Parque Nacional da Serra do Cip\u00f3. \u00c9 uma regi\u00e3o muito montanhosa.\u00a0Nos locais de acesso mais dif\u00edcil, as equipes s\u00f3 conseguem [&hellip;]<\/p>\n","protected":false},"author":1,"featured_media":33341,"comment_status":"closed","ping_status":"","sticky":false,"template":"","format":"standard","meta":{"footnotes":""},"categories":[3],"tags":[],"class_list":["post-33339","post","type-post","status-publish","format-standard","has-post-thumbnail","hentry","category-noticias"],"_links":{"self":[{"href":"https:\/\/portalpraties.com.br\/site\/wp-json\/wp\/v2\/posts\/33339","targetHints":{"allow":["GET"]}}],"collection":[{"href":"https:\/\/portalpraties.com.br\/site\/wp-json\/wp\/v2\/posts"}],"about":[{"href":"https:\/\/portalpraties.com.br\/site\/wp-json\/wp\/v2\/types\/post"}],"author":[{"embeddable":true,"href":"https:\/\/portalpraties.com.br\/site\/wp-json\/wp\/v2\/users\/1"}],"replies":[{"embeddable":true,"href":"https:\/\/portalpraties.com.br\/site\/wp-json\/wp\/v2\/comments?post=33339"}],"version-history":[{"count":1,"href":"https:\/\/portalpraties.com.br\/site\/wp-json\/wp\/v2\/posts\/33339\/revisions"}],"predecessor-version":[{"id":33342,"href":"https:\/\/portalpraties.com.br\/site\/wp-json\/wp\/v2\/posts\/33339\/revisions\/33342"}],"wp:featuredmedia":[{"embeddable":true,"href":"https:\/\/portalpraties.com.br\/site\/wp-json\/wp\/v2\/media\/33341"}],"wp:attachment":[{"href":"https:\/\/portalpraties.com.br\/site\/wp-json\/wp\/v2\/media?parent=33339"}],"wp:term":[{"taxonomy":"category","embeddable":true,"href":"https:\/\/portalpraties.com.br\/site\/wp-json\/wp\/v2\/categories?post=33339"},{"taxonomy":"post_tag","embeddable":true,"href":"https:\/\/portalpraties.com.br\/site\/wp-json\/wp\/v2\/tags?post=33339"}],"curies":[{"name":"wp","href":"https:\/\/api.w.org\/{rel}","templated":true}]}}