{"id":33349,"date":"2024-10-04T10:37:42","date_gmt":"2024-10-04T10:37:42","guid":{"rendered":"https:\/\/portalpraties.com.br\/site\/?p=33349"},"modified":"2024-10-04T10:37:42","modified_gmt":"2024-10-04T10:37:42","slug":"o-que-voce-tem-a-ver-com-a-politica","status":"publish","type":"post","link":"https:\/\/portalpraties.com.br\/site\/2024\/10\/04\/o-que-voce-tem-a-ver-com-a-politica\/","title":{"rendered":"O que voc\u00ea tem a ver com a pol\u00edtica?"},"content":{"rendered":"\n<p>No dia a dia, quando se fala de pol\u00edtica, geralmente se pensa nela como uma coisa ruim e distante, como se fosse assunto apenas para os especialistas ou pol\u00edticos. Ou ent\u00e3o at\u00e9 mesmo, pensamos que a pol\u00edtica s\u00f3 se restringe ao voto. Mas ser\u00e1 que \u00e9 isso mesmo? Afinal, o que voc\u00ea tem a ver com a pol\u00edtica?<\/p>\n\n\n\n<p>A pol\u00edtica est\u00e1 relacionada com aquilo que diz respeito ao bem p\u00fablico, \u00e0 vida em comum, \u00e0s regras, leis e normais de conduta dessa vida, nesse espa\u00e7o, e, sobretudo, ao ato de decis\u00e3o que afetar\u00e1 todas essas quest\u00f5es.<\/p>\n\n\n\n<p>Em suma, a pol\u00edtica foi criada para regular os conflitos sociais.<\/p>\n\n\n\n<p>\u00c9 importante voc\u00ea se informar e participar da pol\u00edtica, pois ela \u00e9 a condu\u00e7\u00e3o da nossa pr\u00f3pria exist\u00eancia coletiva, que ser\u00e1 refletida na nossa experi\u00eancia individual, ou seja, na nossa educa\u00e7\u00e3o ou n\u00e3o, na nossa sa\u00fade ou n\u00e3o, na nossa oportunidade de acesso ou n\u00e3o.<\/p>\n\n\n\n<p>A pol\u00edtica foi criada para que possamos debater discutir e questionar quest\u00f5es, sem que seja preciso a utiliza\u00e7\u00e3o da viol\u00eancia. Atrav\u00e9s dela, foram estabelecidas regras, leis e normas, bem como o estabelecimento de direitos e deveres para conduzir as nossas a\u00e7\u00f5es.<\/p>\n\n\n\n<p>Fonte: camaramedianeira.pr.gov.br<\/p>\n","protected":false},"excerpt":{"rendered":"<p>No dia a dia, quando se fala de pol\u00edtica, geralmente se pensa nela como uma coisa ruim e distante, como se fosse assunto apenas para os especialistas ou pol\u00edticos. Ou ent\u00e3o at\u00e9 mesmo, pensamos que a pol\u00edtica s\u00f3 se restringe ao voto. Mas ser\u00e1 que \u00e9 isso mesmo? Afinal, o que voc\u00ea tem a ver com a pol\u00edtica? A pol\u00edtica [&hellip;]<\/p>\n","protected":false},"author":1,"featured_media":33350,"comment_status":"closed","ping_status":"","sticky":false,"template":"","format":"standard","meta":{"footnotes":""},"categories":[3],"tags":[],"class_list":["post-33349","post","type-post","status-publish","format-standard","has-post-thumbnail","hentry","category-noticias"],"_links":{"self":[{"href":"https:\/\/portalpraties.com.br\/site\/wp-json\/wp\/v2\/posts\/33349","targetHints":{"allow":["GET"]}}],"collection":[{"href":"https:\/\/portalpraties.com.br\/site\/wp-json\/wp\/v2\/posts"}],"about":[{"href":"https:\/\/portalpraties.com.br\/site\/wp-json\/wp\/v2\/types\/post"}],"author":[{"embeddable":true,"href":"https:\/\/portalpraties.com.br\/site\/wp-json\/wp\/v2\/users\/1"}],"replies":[{"embeddable":true,"href":"https:\/\/portalpraties.com.br\/site\/wp-json\/wp\/v2\/comments?post=33349"}],"version-history":[{"count":1,"href":"https:\/\/portalpraties.com.br\/site\/wp-json\/wp\/v2\/posts\/33349\/revisions"}],"predecessor-version":[{"id":33351,"href":"https:\/\/portalpraties.com.br\/site\/wp-json\/wp\/v2\/posts\/33349\/revisions\/33351"}],"wp:featuredmedia":[{"embeddable":true,"href":"https:\/\/portalpraties.com.br\/site\/wp-json\/wp\/v2\/media\/33350"}],"wp:attachment":[{"href":"https:\/\/portalpraties.com.br\/site\/wp-json\/wp\/v2\/media?parent=33349"}],"wp:term":[{"taxonomy":"category","embeddable":true,"href":"https:\/\/portalpraties.com.br\/site\/wp-json\/wp\/v2\/categories?post=33349"},{"taxonomy":"post_tag","embeddable":true,"href":"https:\/\/portalpraties.com.br\/site\/wp-json\/wp\/v2\/tags?post=33349"}],"curies":[{"name":"wp","href":"https:\/\/api.w.org\/{rel}","templated":true}]}}