{"id":33592,"date":"2024-10-14T04:36:18","date_gmt":"2024-10-14T04:36:18","guid":{"rendered":"https:\/\/portalpraties.com.br\/site\/?p=33592"},"modified":"2024-10-14T04:36:18","modified_gmt":"2024-10-14T04:36:18","slug":"feriado-nacional-de-12-de-outubro-e-consagrado-a-nossa-senhora-aparecida-padroeira-do-brasil","status":"publish","type":"post","link":"https:\/\/portalpraties.com.br\/site\/2024\/10\/14\/feriado-nacional-de-12-de-outubro-e-consagrado-a-nossa-senhora-aparecida-padroeira-do-brasil\/","title":{"rendered":"Feriado Nacional de 12 de outubro \u00e9 consagrado a Nossa Senhora Aparecida \u2013 Padroeira do Brasil"},"content":{"rendered":"\n<p>O &#8216;Dia de Nossa Senhora Aparecida&#8217;, a Padroeira do Brasil,&nbsp;\u00e9 comemorado em&nbsp;12 de outubro, data que \u00e9&nbsp;feriado nacional.<\/p>\n\n\n\n<p><strong>&nbsp;<\/strong><strong>Aparecida<\/strong><\/p>\n\n\n\n<p>Em 1717, os pescadores Jo\u00e3o Alves, Felipe Pedroso e Domingos Garcia trabalhavam no rio Para\u00edba do Sul, em S\u00e3o Paulo, sem \u00eaxito algum. Ap\u00f3s v\u00e1rias tentativas eles \u2018pescaram\u2019, das \u00e1guas escuras do Rio Para\u00edba uma imagem de Nossa Senhora, que veio nas redes em dois peda\u00e7os: primeiro o corpo e, rio abaixo, a cabe\u00e7a.<\/p>\n\n\n\n<p>Os pescadores acomodaram dentro do barco, envolta em uma toalha, o que seria uma imagem de Nossa Senhora da Concei\u00e7\u00e3o, feita de terracota, com 36 cent\u00edmetros de altura e 2,5 quilos.<\/p>\n\n\n\n<p>Eles, que at\u00e9 ent\u00e3o n\u00e3o tinham conseguido pescar absolutamente nada, encheram as suas redes com uma quantidade abundante de peixes.<\/p>\n\n\n\n<p>Os peda\u00e7os da est\u00e1tua a&nbsp;Silvana da Rocha Alves, esposa de Domingos, irm\u00e3 de Felipe e m\u00e3e de Jo\u00e3o, reuniu as duas partes com cera e a colocou num pequeno altar na casa da fam\u00edlia, agradecendo a Nossa Senhora o milagre dos peixes.<\/p>\n\n\n\n<p>Nascia ali uma devo\u00e7\u00e3o, reunindo todos os s\u00e1bados os moradores da regi\u00e3o para rezarem. Como a santa foi &#8220;aparecida&#8221;, a alcunha logo pegou.<\/p>\n\n\n\n<p>A pequena capela originalmente erguida, em 1745, para abrig\u00e1-la passou a atrair mais e mais romeiros, e o local aos poucos se transformou em uma cidade, Aparecida.<\/p>\n\n\n\n<p><strong>Padroeira do Brasil<\/strong><\/p>\n\n\n\n<p>O Papa Pio XI assinou o decreto que constituiu Nossa Senhora da Concei\u00e7\u00e3o Aparecida Padroeira do Brasil, em 16 de julho de 1930. O Sumo Pont\u00edfice legitimou um fato j\u00e1 consagrado pelo povo.<\/p>\n\n\n\n<p>A proclama\u00e7\u00e3o oficial se deu no Rio de Janeiro, ent\u00e3o Capital Federal, no dia 31 de maio de 1931, perante uma multid\u00e3o de fi\u00e9is, do Presidente da Rep\u00fablica, Dr. Get\u00falio Vargas, de autoridades eclesi\u00e1sticas, civis e militares.<\/p>\n\n\n\n<p><strong>Festa Lit\u00fargica<\/strong><\/p>\n\n\n\n<p>A festa lit\u00fargica do dia 12 foi institu\u00edda no ano de 1953 pela Confer\u00eancia Nacional dos Bispos do Brasil. Antes disso, a Igreja Cat\u00f3lica celebrava a Padroeira do Brasil, em 7 de setembro.&nbsp;<\/p>\n\n\n\n<p>A mudan\u00e7a aproximou as comemora\u00e7\u00f5es ao momento estimado em que a Imagem foi retirada das \u00e1guas do Rio Para\u00edba do Sul \u2013 17 a 30 de outubro de 1717.<\/p>\n\n\n\n<p><strong>Feriado<\/strong><\/p>\n\n\n\n<p>Tudo se iniciou no dia 30 de junho de&nbsp;1980 quando o Papa, S\u00e3o Jo\u00e3o Paulo II, fez seu gesto caracter\u00edstico ao beijar o solo&nbsp;brasileiro, na ocasi\u00e3o do seu desembarque, em Bras\u00edlia.<\/p>\n\n\n\n<p>Foi recebido pelo presidente ent\u00e3o Presidente, Jo\u00e3o Batista Figueiredo, que nesta data sancionou a Lei n. 6.802\/1980, que \u201cDeclara Feriado Nacional o Dia 12 de Outubro, consagrado a Nossa Senhora Aparecida, Padroeira do Brasil &#8211; para culto p\u00fablico e oficial a Nossa Senhora Aparecida, Padroeira do Brasil\u201d.<\/p>\n\n\n\n<p>O Papa S\u00e3o Jo\u00e3o Paulo II deixou muitas marcas em sua passagem pelo Brasil e essa, foi apenas uma delas.<\/p>\n\n\n\n<p><strong>Comemora\u00e7\u00f5es<\/strong><\/p>\n\n\n\n<p>Todas as Igrejas de tradi\u00e7\u00f5es cat\u00f3licas do Brasil comemoram a santa mais popular entre os fi\u00e9is, Nossa Senhora Aparecida.<\/p>\n","protected":false},"excerpt":{"rendered":"<p>O &#8216;Dia de Nossa Senhora Aparecida&#8217;, a Padroeira do Brasil,&nbsp;\u00e9 comemorado em&nbsp;12 de outubro, data que \u00e9&nbsp;feriado nacional. &nbsp;Aparecida Em 1717, os pescadores Jo\u00e3o Alves, Felipe Pedroso e Domingos Garcia trabalhavam no rio Para\u00edba do Sul, em S\u00e3o Paulo, sem \u00eaxito algum. Ap\u00f3s v\u00e1rias tentativas eles \u2018pescaram\u2019, das \u00e1guas escuras do Rio Para\u00edba uma imagem de Nossa Senhora, que veio [&hellip;]<\/p>\n","protected":false},"author":1,"featured_media":33593,"comment_status":"closed","ping_status":"","sticky":false,"template":"","format":"standard","meta":{"footnotes":""},"categories":[3],"tags":[],"class_list":["post-33592","post","type-post","status-publish","format-standard","has-post-thumbnail","hentry","category-noticias"],"_links":{"self":[{"href":"https:\/\/portalpraties.com.br\/site\/wp-json\/wp\/v2\/posts\/33592","targetHints":{"allow":["GET"]}}],"collection":[{"href":"https:\/\/portalpraties.com.br\/site\/wp-json\/wp\/v2\/posts"}],"about":[{"href":"https:\/\/portalpraties.com.br\/site\/wp-json\/wp\/v2\/types\/post"}],"author":[{"embeddable":true,"href":"https:\/\/portalpraties.com.br\/site\/wp-json\/wp\/v2\/users\/1"}],"replies":[{"embeddable":true,"href":"https:\/\/portalpraties.com.br\/site\/wp-json\/wp\/v2\/comments?post=33592"}],"version-history":[{"count":1,"href":"https:\/\/portalpraties.com.br\/site\/wp-json\/wp\/v2\/posts\/33592\/revisions"}],"predecessor-version":[{"id":33594,"href":"https:\/\/portalpraties.com.br\/site\/wp-json\/wp\/v2\/posts\/33592\/revisions\/33594"}],"wp:featuredmedia":[{"embeddable":true,"href":"https:\/\/portalpraties.com.br\/site\/wp-json\/wp\/v2\/media\/33593"}],"wp:attachment":[{"href":"https:\/\/portalpraties.com.br\/site\/wp-json\/wp\/v2\/media?parent=33592"}],"wp:term":[{"taxonomy":"category","embeddable":true,"href":"https:\/\/portalpraties.com.br\/site\/wp-json\/wp\/v2\/categories?post=33592"},{"taxonomy":"post_tag","embeddable":true,"href":"https:\/\/portalpraties.com.br\/site\/wp-json\/wp\/v2\/tags?post=33592"}],"curies":[{"name":"wp","href":"https:\/\/api.w.org\/{rel}","templated":true}]}}