{"id":3457,"date":"2021-06-27T01:24:53","date_gmt":"2021-06-27T01:24:53","guid":{"rendered":"http:\/\/portalpraties.com.br\/site\/?p=3457"},"modified":"2021-06-27T01:24:53","modified_gmt":"2021-06-27T01:24:53","slug":"comemoracao-dos-17-anos-da-casa-de-cultura","status":"publish","type":"post","link":"https:\/\/portalpraties.com.br\/site\/2021\/06\/27\/comemoracao-dos-17-anos-da-casa-de-cultura\/","title":{"rendered":"COMEMORA\u00c7\u00c3O DOS 17 ANOS DA CASA DE CULTURA"},"content":{"rendered":"\n<p> A partir de hoje vamos contar um pouquinho para voc\u00eas sobre todas as atividades que existem na Casa de Cultura da nossa cidade. <\/p>\n\n\n\n<p>Voc\u00eas ir\u00e3o se surpreender!<\/p>\n\n\n\n<p>\u00a0Vamos come\u00e7ar com o Coral infanto-juvenil Prata Encanto &amp; Voz que foi fundado em 28 de julho de 2008 durante o  I Festinprata. Atrav\u00e9s da Oficina de Canto Coral ministrada pelo Maestro Jos\u00e9 Maciel, do Coro Meninas Cantoras de Lavras, foram repassadas as primeiras no\u00e7\u00f5es da arte de cantar.Formado por crian\u00e7as e jovens entre 08 e 14 anos, num total de 22 integrantes, esteve sob a reg\u00eancia de v\u00e1rios maestros: L\u00facia Lima, Emanuelle Cardoso, Marcelo Minal, Anismara Flor\u00eancio e atualmente a reg\u00eancia est\u00e1 com Edmea Saldanha.<\/p>\n\n\n\n<p>A Casa de Cultura oferece o curso de flauta doce onde tem o Coral dos Pequenos Flautistas com 20 alunos com a reg\u00eancia Edmea Saldanha.Suas principais apresenta\u00e7\u00f5es foram: Concerto das Esta\u00e7\u00f5es e Cantatas de Natal, apresenta\u00e7\u00f5es em v\u00e1rias cidades da regi\u00e3o, nas Festas de Anivers\u00e1rio da Cidade, Festival Internacional de Corais, apresenta\u00e7\u00f5es nas escolas da cidade, importante evento que vem valorizando e divulgando a m\u00fasica popular brasileira colaborando para o enriquecimento cultural dos corais participantes.\u00a0<\/p>\n\n\n\n<p>A Casa de Cultura recebe todos os anos novos integrantes que se preparam para se tornarem um dia um coralista do Prata Encanto &amp; Voz.<\/p>\n","protected":false},"excerpt":{"rendered":"<p>A partir de hoje vamos contar um pouquinho para voc\u00eas sobre todas as atividades que existem na Casa de Cultura da nossa cidade. Voc\u00eas ir\u00e3o se surpreender! \u00a0Vamos come\u00e7ar com o Coral infanto-juvenil Prata Encanto &amp; Voz que foi fundado em 28 de julho de 2008 durante o I Festinprata. Atrav\u00e9s da Oficina de Canto Coral ministrada pelo Maestro Jos\u00e9 [&hellip;]<\/p>\n","protected":false},"author":1,"featured_media":3458,"comment_status":"closed","ping_status":"","sticky":false,"template":"","format":"standard","meta":{"footnotes":""},"categories":[3],"tags":[],"class_list":["post-3457","post","type-post","status-publish","format-standard","has-post-thumbnail","hentry","category-noticias"],"_links":{"self":[{"href":"https:\/\/portalpraties.com.br\/site\/wp-json\/wp\/v2\/posts\/3457","targetHints":{"allow":["GET"]}}],"collection":[{"href":"https:\/\/portalpraties.com.br\/site\/wp-json\/wp\/v2\/posts"}],"about":[{"href":"https:\/\/portalpraties.com.br\/site\/wp-json\/wp\/v2\/types\/post"}],"author":[{"embeddable":true,"href":"https:\/\/portalpraties.com.br\/site\/wp-json\/wp\/v2\/users\/1"}],"replies":[{"embeddable":true,"href":"https:\/\/portalpraties.com.br\/site\/wp-json\/wp\/v2\/comments?post=3457"}],"version-history":[{"count":1,"href":"https:\/\/portalpraties.com.br\/site\/wp-json\/wp\/v2\/posts\/3457\/revisions"}],"predecessor-version":[{"id":3459,"href":"https:\/\/portalpraties.com.br\/site\/wp-json\/wp\/v2\/posts\/3457\/revisions\/3459"}],"wp:featuredmedia":[{"embeddable":true,"href":"https:\/\/portalpraties.com.br\/site\/wp-json\/wp\/v2\/media\/3458"}],"wp:attachment":[{"href":"https:\/\/portalpraties.com.br\/site\/wp-json\/wp\/v2\/media?parent=3457"}],"wp:term":[{"taxonomy":"category","embeddable":true,"href":"https:\/\/portalpraties.com.br\/site\/wp-json\/wp\/v2\/categories?post=3457"},{"taxonomy":"post_tag","embeddable":true,"href":"https:\/\/portalpraties.com.br\/site\/wp-json\/wp\/v2\/tags?post=3457"}],"curies":[{"name":"wp","href":"https:\/\/api.w.org\/{rel}","templated":true}]}}