{"id":3497,"date":"2021-07-01T18:36:24","date_gmt":"2021-07-01T18:36:24","guid":{"rendered":"http:\/\/portalpraties.com.br\/site\/?p=3497"},"modified":"2021-07-01T18:36:24","modified_gmt":"2021-07-01T18:36:24","slug":"caso-lazaro-barbosa-teve-mais-erros-que-acertos-avaliam-especialistas","status":"publish","type":"post","link":"https:\/\/portalpraties.com.br\/site\/2021\/07\/01\/caso-lazaro-barbosa-teve-mais-erros-que-acertos-avaliam-especialistas\/","title":{"rendered":"Caso L\u00e1zaro Barbosa teve mais erros que acertos, avaliam especialistas"},"content":{"rendered":"\n<h2 class=\"wp-block-heading\">Especialistas em seguran\u00e7a p\u00fablica consultados pelo Correio analisam o contexto da ca\u00e7ada de 20 dias em busca do criminoso e as perguntas que ainda precisam de respostas<\/h2>\n\n\n\n<p>Fonte: CORREIO BRAZILIENSE<\/p>\n\n\n\n<p>F Cancelado\u201d. A express\u00e3o policial utilizada pelo presidente Jair Bolsonaro\u00a0para \u201ccomemorar\u201d a morte de L\u00e1zaro Barbosa, 32, nesta segunda-feira (28\/6), ap\u00f3s 20 dias foragido da pol\u00edcia, exemplifica um pensamento\u00a0comum\u00a0e v\u00e1rias vezes repetido:\u00a0o de que \u201cbandido bom \u00e9 bandido morto\u201d. Ao se olhar por este lado, n\u00e3o poderia ser outro o resultado esperado da opera\u00e7\u00e3o conjunta entre o DF e as for\u00e7as de seguran\u00e7a de Goi\u00e1s &#8211; resultando na maior opera\u00e7\u00e3o policial do estado. Mas especialistas em seguran\u00e7a p\u00fablica, consultados pelo\u00a0<strong>Correio<\/strong>, alertam que n\u00e3o h\u00e1 muito o que comemorar.<\/p>\n\n\n\n<p>Por 20 dias, o Brasil acompanhou o cerco policial a L\u00e1zaro Barbosa, que teve\u00a0in\u00edcio com o assassinato da fam\u00edlia Vidal no Incra 9, na Ceil\u00e2ndia. A ca\u00e7ada tomou propor\u00e7\u00f5es gigantescas,\u00a0mais de 270 policiais envolvidos de diferentes for\u00e7as, helic\u00f3pteros, c\u00e3es farejadores e a estimativa de um gasto de mais de R$ 19 milh\u00f5es. Ao fim, muitas d\u00favidas permanecem.<\/p>\n\n\n\n<figure class=\"wp-block-image\"><img decoding=\"async\" src=\"https:\/\/midias.correiobraziliense.com.br\/_midias\/jpg\/2021\/06\/30\/whatsapp_image_2021_06_30_at_12_38_28__1_-6735391.jpeg\" alt=\"erros opera\u00e7\u00e3o caso L\u00e1zaro\" title=\"erros opera\u00e7\u00e3o caso L\u00e1zaro\"\/><figcaption>erros opera\u00e7\u00e3o caso L\u00e1zaro<small>(foto: CB)<\/small><\/figcaption><\/figure>\n\n\n\n<p>Segundo Rafael Alcadipani, membro do F\u00f3rum Brasileiro de Seguran\u00e7a P\u00fablica e professor da Funda\u00e7\u00e3o Getulio Vargas (FGV), ser\u00e1 a hora das corpora\u00e7\u00f5es refletirem sobre como se deu esta opera\u00e7\u00e3o. \u201cQualquer pol\u00edcia s\u00e9ria agora iria fazer uma an\u00e1lise de caso para saber quais erros e acertos\u201d, destaca.<\/p>\n\n\n\n<p>Para Pedro Abramovay, diretor para Am\u00e9rica Latina e Caribe da Open Society Foundations, ainda n\u00e3o d\u00e1 para fazer uma an\u00e1lise definitiva, mas \u00e9 preciso refletir sobre aprendizados. \u201cAinda \u00e9 cedo para cravar. Tanto quem est\u00e1 comemorando quanto quem diz que foi um fracasso est\u00e1 se precipitando. Tratar como sucesso uma opera\u00e7\u00e3o que termina em morte \u00e9 sempre muito dif\u00edcil\u201d, afirma.<\/p>\n\n\n\n<p>Segundo C\u00e1ssio Thyone, do F\u00f3rum Brasileiro de Seguran\u00e7a P\u00fablica e ex-perito da Pol\u00edcia Civil do DF, a opera\u00e7\u00e3o conseguiu chegar ao objetivo final, mas o resultado poderia ter sido melhor. \u201cEles conseguiram cessar a a\u00e7\u00e3o de L\u00e1zaro na regi\u00e3o, trouxeram de volta a tranquilidade, mas isso n\u00e3o \u00e9 sucesso. O melhor resultado seria a apreens\u00e3o do L\u00e1zaro vivo. Primeiro, porque a investiga\u00e7\u00e3o poderia continuar de forma mais f\u00e1cil\u201d, analisa.<\/p>\n\n\n\n<p>A grande cr\u00edtica n\u00e3o se restringe ao fato de L\u00e1zaro ter acabado por morrer na opera\u00e7\u00e3o, j\u00e1 que esse era um desfecho poss\u00edvel, mas o caminho percorrido at\u00e9 chegar a esta finaliza\u00e7\u00e3o. \u201cL\u00e1zaro precisava ser detido, inclusive neutralizado se fosse preciso. Mas n\u00e3o tem como comemorar. Foi um gasto milion\u00e1rio, 20 dias de buscas, e deixa em aberto uma lacuna de &#8216;a quem L\u00e1zaro servia?&#8217;. No interior do Brasil, existem v\u00e1rios L\u00e1zaros, que servem a madeireiros, grileiros e aterrorizam as fam\u00edlias no campo\u201d, destaca Rodrigo Mondego, procurador da Comiss\u00e3o de Direitos Humanos da OAB\/RJ.<\/p>\n\n\n\n<p>Antes mesmo da captura de L\u00e1zaro, um fazendeiro de Cocalzinho foi preso suspeito de ajud\u00e1-lo na fuga. A Secretaria de Seguran\u00e7a P\u00fablica de Goi\u00e1s disse que, mesmo com L\u00e1zaro morto, as investiga\u00e7\u00f5es continuar\u00e3o para saber quem mais pode ter ajudado o criminoso ou at\u00e9 mesmo financiado seus crimes. \u201cSe criou uma narrativa de um serial killer, mas essa n\u00e3o \u00e9 a denomina\u00e7\u00e3o correta. Se trata de um jagun\u00e7o. Este \u00e9 um termo muito mais apropriado\u201d, explica Rodrigo Mondego, presidente do Conselho Estadual de Defesa dos Direitos Humanos do Rio de Janeiro.<\/p>\n\n\n\n<p>O ex-perito C\u00e1ssio Thyone tamb\u00e9m aponta outros ind\u00edcios que levantam a suspeita de que havia mais pessoas o ajudando. \u201cO cara foi encontrado com um agasalho da pol\u00edcia, com mantimentos na mochila, quatro mil reais, barbeado. A quem interessava que ele escapasse desse cerco? Existe algum mandante por tr\u00e1s do L\u00e1zaro?\u201d, questiona.<\/p>\n\n\n\n<p>O ex-secret\u00e1rio Nacional de Seguran\u00e7a P\u00fablica Jos\u00e9 Vicente da Silva tamb\u00e9m destaca que essa investiga\u00e7\u00e3o n\u00e3o deveria ter sido divulgada. \u201cO secret\u00e1rio ter anunciado essa rela\u00e7\u00e3o (com fazendeiros da regi\u00e3o) como uma certeza, eu acho que foi uma a\u00e7\u00e3o irrespons\u00e1vel, uma preocupa\u00e7\u00e3o midi\u00e1tica. Nem \u00e9 o papel dele\u201d, diz.<\/p>\n\n\n\n<p>Para Pedro Abramovay, o resultado de morte em uma opera\u00e7\u00e3o sempre \u00e9 ruim, mas muitas vezes \u00e9 a \u00fanica op\u00e7\u00e3o. \u201cA pior coisa que podemos ter \u00e9 uma pol\u00edcia que n\u00e3o cumpre a lei e, no ponto de vista da investiga\u00e7\u00e3o, as informa\u00e7\u00f5es que o L\u00e1zaro tinha, se ele estava a mando de algu\u00e9m, essa estrutura criminosa que pode envolver v\u00e1rias outras pessoas, quando ele morre, isso se perde. \u00c9 sempre ruim quando uma opera\u00e7\u00e3o policial termina em morte, mas pode ser a \u00fanica alternativa. Policial n\u00e3o \u00e9 pago para levar tiro\u201d, analisa.<\/p>\n\n\n\n<figure class=\"wp-block-image\"><img decoding=\"async\" src=\"https:\/\/midias.correiobraziliense.com.br\/_midias\/jpg\/2021\/06\/30\/1000x1000\/1_cbnfot170620214352-6735498.jpg\" alt=\"&quot;O natural seria negociar uma rendi\u00e7\u00e3o. Mesmo que ele atirasse n\u00e3o precisava o revide de imediato, j\u00e1 que os policiais estavam abrigados&quot;, avalia Jos\u00e9 Vicente da Silva\" title=\"&quot;O natural seria negociar uma rendi\u00e7\u00e3o. Mesmo que ele atirasse n\u00e3o precisava o revide de imediato, j\u00e1 que os policiais estavam abrigados&quot;, avalia Jos\u00e9 Vicente da Silva\"\/><figcaption>&#8220;O natural seria negociar uma rendi\u00e7\u00e3o. Mesmo que ele atirasse n\u00e3o precisava o revide de imediato, j\u00e1 que os policiais estavam abrigados&#8221;, avalia Jos\u00e9 Vicente da Silva<small>(foto: Arquivo Pessoal)<\/small><\/figcaption><\/figure>\n\n\n\n<p>Jos\u00e9 Vicente da Silva diz que normalmente outras alternativas s\u00e3o poss\u00edveis. Principalmente com tantos policiais envolvidos. \u201cO natural seria negociar uma rendi\u00e7\u00e3o. Mesmo que ele atirasse n\u00e3o precisava o revide de imediato, j\u00e1 que os policiais estavam abrigados\u201d, avalia. Al\u00e9m disso, ele explica que uma pol\u00edcia profissional jamais comemoraria uma opera\u00e7\u00e3o que termina em morte. \u201cN\u00e3o se comemora morte de ningu\u00e9m, nem de criminoso. N\u00e3o fica bem. Quando o policial diz que vai respeitar a vida, \u00e9 a vida de todo mundo. E a pol\u00edcia n\u00e3o pode infringir a lei.\u201d<\/p>\n\n\n\n<blockquote class=\"wp-block-quote is-layout-flow wp-block-quote-is-layout-flow\"><p>&#8220;N\u00e3o se comemora morte de ningu\u00e9m, nem de criminoso&#8221;<small>Jos\u00e9 Vicente da Silva, ex-secret\u00e1rio Nacional de Seguran\u00e7a P\u00fablica<\/small><\/p><\/blockquote>\n\n\n\n<h3 class=\"wp-block-heading\">O fim da opera\u00e7\u00e3o<\/h3>\n\n\n\n<p>Inicialmente, a pol\u00edcia de Goi\u00e1s disse que L\u00e1zaro foi acertado por 38 tiros dos 125 disparados. A pol\u00edcia diz que ele reagiu&nbsp;\u00e0 pris\u00e3o e descarregou duas armas contra as for\u00e7as de seguran\u00e7a.<\/p>\n\n\n\n<p>Imagens mostram que o corpo de L\u00e1zaro ficou totalmente perfurado por balas. Ele chegou a ser levado para o Hospital Municipal Bom Jesus e a\u00a0pol\u00edcia t\u00e9cnico-cient\u00edfica de Goi\u00e1s confirmou a morte.<\/p>\n\n\n\n<p>Para Rodrigo Mondego, n\u00e3o h\u00e1 d\u00favidas de que a pol\u00edcia tenha que agir em caso de resist\u00eancia \u00e0 pris\u00e3o. A vida dos policiais n\u00e3o pode ser colocada em risco, por\u00e9m houve um exagero na a\u00e7\u00e3o. \u201cH\u00e1 ind\u00edcios de execu\u00e7\u00e3o; s\u00e3o mais de 30 tiros, ou de vilip\u00eandio de cad\u00e1ver, que \u00e9, mesmo depois de morto, ter levado tiro\u201d, explica.<\/p>\n\n\n\n<p>Caso ele j\u00e1 estivesse morto quando foi removido, houve uma transgress\u00e3o da lei, acrescenta Jos\u00e9 Vicente da Silva. \u201cAs imagens que foram divulgadas mostram um corpo com todas as caracter\u00edsticas de que tenha morrido; mesmo assim, ele foi colocado em uma ambul\u00e2ncia. Se ele j\u00e1 estava morto, isso tem que ser investigado, porque foram descumpridas normais legais\u201d, destaca.<\/p>\n\n\n\n<figure class=\"wp-block-image\"><img decoding=\"async\" src=\"https:\/\/midias.correiobraziliense.com.br\/_midias\/jpg\/2021\/06\/30\/whatsapp_image_2021_06_30_at_12_38_28__2_-6735379.jpeg\" alt=\"erros opera\u00e7\u00e3o caso L\u00e1zaro\" title=\"erros opera\u00e7\u00e3o caso L\u00e1zaro\"\/><figcaption>erros opera\u00e7\u00e3o caso L\u00e1zaro<small>(foto: CB)<\/small><\/figcaption><\/figure>\n\n\n\n<p>Segundo C\u00e1ssio Thyone, as circunst\u00e2ncias da morte precisam ser apuradas.\u201dEsse confronto tem que ser explicado, porque a gente s\u00f3 tem uma vers\u00e3o. Tem que ter exame pericial, provas t\u00e9cnicas. Vai dar muito trabalho. E ningu\u00e9m est\u00e1 falando que foi solicitado uma per\u00edcia. Por que? Qual a raz\u00e3o disso?\u201d, questiona. \u201cOlha a quantidade de tiros, foi quase um suic\u00eddio, porque uma arma no poder m\u00e1ximo pode efetuar 15 disparos sem ser recarregada. Est\u00e1 meio desproporcional\u201d, completa.<\/p>\n\n\n\n<p>Essa falta de per\u00edcia no local onde L\u00e1zaro foi atingido \u00e9 a cr\u00edtica feita pela vice-presidente da Ordem dos Advogados do Brasil do Distrito Federal (OAB-DF), Cristiane Damasceno.<a href=\"https:\/\/www.correiobraziliense.com.br\/cidades-df\/2021\/06\/4934235-o-estado-nao-pode-agir-na-clandestinidade-critica-vice-presidente-da-oab-sobre-caso-lazaro.html\" target=\"_blank\" rel=\"noreferrer noopener\">&nbsp;Em entrevista ao&nbsp;<\/a><strong><a href=\"https:\/\/www.correiobraziliense.com.br\/cidades-df\/2021\/06\/4934235-o-estado-nao-pode-agir-na-clandestinidade-critica-vice-presidente-da-oab-sobre-caso-lazaro.html\" target=\"_blank\" rel=\"noreferrer noopener\">Correio<\/a>,<\/strong>&nbsp;ela destacou que esclarecer as d\u00favidas que ficam podem ajudar a melhorar o sistema de buscas brasileiro. &#8220;Estado n\u00e3o pode agir na clandestinidade&#8221;, destacou.&nbsp;<\/p>\n\n\n\n<p>Ap\u00f3s a divulga\u00e7\u00e3o da morte de L\u00e1zaro, foram muitas as comemora\u00e7\u00f5es nas redes sociais e nas ruas de Cocalzinho. Thyone analisa que as comemora\u00e7\u00f5es vistas nas redes sociais s\u00e3o um sinal de \u201cbanaliza\u00e7\u00e3o da viol\u00eancia\u201d pela popula\u00e7\u00e3o. \u201cAs pessoas acham que as coisas v\u00e3o ser resolvidas dessa forma. Muita gente festejou, mas acho que devemos ficar tristes. Assim como temos que ficar tristes pela fam\u00edlia Vidal. Foi como uma ca\u00e7ada a um animal e n\u00f3s acompanhamos como espectadores\u201d, lamenta.<\/p>\n\n\n\n<blockquote class=\"wp-block-quote is-layout-flow wp-block-quote-is-layout-flow\"><p>&#8220;Muita gente festejou, mas acho que devemos ficar tristes. Assim como temos que ficar tristes pela fam\u00edlia Vidal. Foi como uma ca\u00e7ada a um animal e n\u00f3s acompanhamos como espectadores&#8221;<small>C\u00e1ssio Thyone, ex-perito da Pol\u00edcia Civil do DF e membro do F\u00f3rum Brasileiro de Seguran\u00e7a P\u00fablica<\/small><\/p><\/blockquote>\n\n\n\n<p>De acordo com o professor Rafael Alcadipani, a rea\u00e7\u00e3o da popula\u00e7\u00e3o s\u00f3 reflete a forma como a sociedade pensa em seguran\u00e7a. \u201cO povo do Brasil \u00e9 muito pouco educado e deixou claro que \u00e9 b\u00e1rbaro. N\u00e3o se quer policial, se quer um jagun\u00e7o\u201d, afirma.<\/p>\n\n\n\n<h3 class=\"wp-block-heading\">Caso L\u00e1zaro e a \u201cespetaculariza\u00e7\u00e3o\u201d<\/h3>\n\n\n\n<p>Nesta segunda-feira (28\/6) foi dif\u00edcil escapar dos v\u00e1rios v\u00eddeos compartilhados nas redes sociais do momento da captura de L\u00e1zaro Barbosa. Imagens dos policiais colocando o corpo do criminoso na ambul\u00e2ncia e comemorando em seguida repercutiram. Para Rodrigo Mondego, n\u00e3o tinha como o desfecho ser diferente j\u00e1 que, desde o in\u00edcio, se criou um espet\u00e1culo em torno da fuga de L\u00e1zaro. Ele critica como outros crimes n\u00e3o recebem o mesmo tratamento.<\/p>\n\n\n\n<figure class=\"wp-block-image\"><img decoding=\"async\" src=\"https:\/\/midias.correiobraziliense.com.br\/_midias\/jpg\/2021\/06\/30\/whatsapp_image_2021_06_30_at_12_38_28-6735398.jpeg\" alt=\"erros opera\u00e7\u00e3o caso L\u00e1zaro\" title=\"erros opera\u00e7\u00e3o caso L\u00e1zaro\"\/><figcaption>erros opera\u00e7\u00e3o caso L\u00e1zaro<small>(foto: CB)<\/small><\/figcaption><\/figure>\n\n\n\n<p>\u201cA pol\u00edcia parece que estava mais preocupada em criar mat\u00e9rias para programas policiais do que em garantir a seguran\u00e7a da popula\u00e7\u00e3o. Foi esse show, soltaram fogos. Isso n\u00e3o \u00e9 o papel da seguran\u00e7a p\u00fablica. Deveria ter tido mais investiga\u00e7\u00e3o e menos pirotecnia\u201d, afirma.<\/p>\n\n\n\n<blockquote class=\"wp-block-quote is-layout-flow wp-block-quote-is-layout-flow\"><p>&#8220;A pol\u00edcia parece que estava mais preocupada em criar mat\u00e9rias para programas policiais do que em garantir a seguran\u00e7a da popula\u00e7\u00e3o&#8221;<small>Rodrigo Mondego, Presidente do Conselho Estadual de Defesa dos Direitos Humanos do Rio de Janeiro<\/small><\/p><\/blockquote>\n\n\n\n<p>Ele destaca que, no Brasil, ocorrem em torno de 170 homic\u00eddios por dia, mas 75% deles n\u00e3o chegam sequer \u00e0 investiga\u00e7\u00e3o. \u201cDurante estes 20 dias, diversos assaltos, homic\u00eddios e estupros devem ter ocorrido no DF e em Goi\u00e1s que nem investiga\u00e7\u00e3o teve porque a prioridade era pegar o L\u00e1zaro. A busca por um homicida deveria ser uma prioridade, mas a grande maioria n\u00e3o \u00e9 nem apurado\u201d, acrescenta.<\/p>\n\n\n\n<p>Jos\u00e9 Vicente da Silva ainda frisa que o papel da pol\u00edcia \u00e9 de prote\u00e7\u00e3o da popula\u00e7\u00e3o e n\u00e3o de \u201cca\u00e7a a bandidos\u201d. &#8220;Naturalmente, estes recursos fizeram falta. Nesses 20 dias, deve ter tido uns 70 assassinatos e esses assassinos estavam \u00e0 solta. O que mostra que o papel da pol\u00edtica n\u00e3o \u00e9 ca\u00e7ar bandido e sim a prote\u00e7\u00e3o da popula\u00e7\u00e3o. Bastava algumas equipes de investiga\u00e7\u00e3o e vigiar as casas de parentes e amigos\u201d, explica.<\/p>\n\n\n\n<p>O caso parecia obra cinematogr\u00e1fica, com direito at\u00e9 mesmo a<a href=\"https:\/\/www.correiobraziliense.com.br\/cidades-df\/2021\/06\/4932387-em-buscas-por-lazaro-policiais-invadem-terreiros-entre-aguas-lindas-e-cocalzinho.html\" target=\"_blank\" rel=\"noreferrer noopener\">&nbsp;especula\u00e7\u00f5es sobre \u201cpactos com o diabo\u201d<\/a>&nbsp;que supostamente o criminoso teria feito e que desencadeou uma onda de intoler\u00e2ncia religiosa. De acordo com C\u00e1ssio Thyone, o caso tomou propor\u00e7\u00f5es t\u00e3o grandes devido ao tempo de busca ser t\u00e3o longo.<\/p>\n\n\n\n<p>\u201cTomou notoriedade e estamos em um processo irrevers\u00edvel. Boa parte da m\u00eddia usou muito sensacionalismo. Se ele tivesse sido pego em dois dias, nada disso teria acontecido. Foram 20 dias que s\u00f3 se falava nisso. At\u00e9 a vacina\u00e7\u00e3o perdeu espa\u00e7o\u201d, avalia. A grande quest\u00e3o \u00e9 que a espetaculariza\u00e7\u00e3o \u00e9 um problema que pode atrapalhar as investiga\u00e7\u00f5es de casos como este.<\/p>\n\n\n\n<p>\u201cAquilo que agrada, muitas vezes n\u00e3o \u00e9 o mais eficiente. Muitas vezes at\u00e9 d\u00e1 elementos para ele fugir. Isso tem muito mais a ver com pol\u00edtica do que com pol\u00edcia. Para criar essa sensa\u00e7\u00e3o de que algo est\u00e1 sendo feito\u201d, destaca Pedro Abramovay.<\/p>\n\n\n\n<h3 class=\"wp-block-heading\"><br>Sucess\u00e3o de erros<\/h3>\n\n\n\n<p>Esta n\u00e3o \u00e9 a primeira opera\u00e7\u00e3o policial que resulta em mortes e n\u00e3o em pris\u00f5es.&nbsp;<a href=\"https:\/\/www.correiobraziliense.com.br\/brasil\/2021\/05\/4922933-o-que-sabe-ate-agora-sobre-a-operacao-que-deixou-25-mortos-no-jacarezinho.html\" target=\"_blank\" rel=\"noreferrer noopener\">Este ano, uma opera\u00e7\u00e3o policial resultou em 27 mortes no Jacarezinho, Zona Norte do Rio de Janeiro<\/a>. A pol\u00edcia brasileira \u00e9 uma das que mais mata e mais morre no mundo. O Brasil tamb\u00e9m tem a segunda maior popula\u00e7\u00e3o carcer\u00e1ria mundial. Para Rodrigo, o resultado do Caso L\u00e1zaro demonstra a falha de seguran\u00e7a p\u00fablica no Brasil em v\u00e1rios aspectos e institui\u00e7\u00f5es. \u201cUm laudo mostrou que ele tinha problemas de sa\u00fade grav\u00edssimo, que n\u00e3o permitia que ele voltasse para o conv\u00edvio. Ele poderia ficar em um manic\u00f4mio judici\u00e1rio, mas colocam ele em liberdade, o que \u00e9 um erro. Depois ele volta \u00e0 pris\u00e3o e consegue fugir, o que demonstra uma falha do sistema prisional. S\u00e3o erros do Estado \u201d, elucida.<\/p>\n\n\n\n<p>Apesar de L\u00e1zaro Barbosa ter se tornado conhecido este m\u00eas pelos brasilienses, os rastros de crime cometidos por ele j\u00e1 vinham h\u00e1 muito tempo. Ele j\u00e1 tinha sido condenado e preso por roubo e estupro. Na Papuda, um laudo psicol\u00f3gico de L\u00e1zaro atestou que caso ele voltasse para o conv\u00edvio social ele voltaria a cometer crimes. Mesmo assim, ele conseguiu o direito ao semiaberto em 2016, quando ele fugiu do Centro de Progress\u00e3o Penitenci\u00e1ria (CPP). Em 2018, ele foi recapturado em \u00c1guas Lindas e quatro meses depois ele fugiu por um buraco no teto do pres\u00eddio.<\/p>\n\n\n\n<p>Com tudo isso, segundo Rafael Alcadipani, o resultado da opera\u00e7\u00e3o \u00e9 \u201cuma cr\u00f4nica da fal\u00eancia da seguran\u00e7a p\u00fablica\u201d. \u201ctem uma cadeia que n\u00e3o consegue fazer an\u00e1lise de periculosidade e uma pol\u00edcia de confronto. Tudo isso mostra que o Brasil precisa organizar seu sistema de seguran\u00e7a\u201d, afirma.<\/p>\n\n\n\n<figure class=\"wp-block-image\"><img decoding=\"async\" src=\"https:\/\/midias.correiobraziliense.com.br\/_midias\/png\/2021\/06\/30\/rafael-6735555.png\" alt=\"\u201cO povo do Brasil \u00e9 muito pouco educado e deixou claro que \u00e9 b\u00e1rbaro. N\u00e3o se quer policial, se quer um jagun\u00e7o\u201d, lamenta Rafael Alcadipani!\" title=\"\u201cO povo do Brasil \u00e9 muito pouco educado e deixou claro que \u00e9 b\u00e1rbaro. N\u00e3o se quer policial, se quer um jagun\u00e7o\u201d, lamenta Rafael Alcadipani!\"\/><figcaption>\u201cO povo do Brasil \u00e9 muito pouco educado e deixou claro que \u00e9 b\u00e1rbaro. N\u00e3o se quer policial, se quer um jagun\u00e7o\u201d, lamenta Rafael Alcadipani!<small>(foto: TV Cultura\/ reprodu\u00e7\u00e3o )<\/small><\/figcaption><\/figure>\n\n\n\n<h3 class=\"wp-block-heading\">Falta de integra\u00e7\u00e3o entre as for\u00e7as<\/h3>\n\n\n\n<p>Uma outra quest\u00e3o que a opera\u00e7\u00e3o escancarou, segundo C\u00e1ssio Thyone, foi a falta de coordena\u00e7\u00e3o entre diferentes for\u00e7as de seguran\u00e7a. Um problema, que segundo ele, atinge todo o pa\u00eds.<\/p>\n\n\n\n<p>Ao fim da primeira semana de buscas, policiais denunciaram que n\u00e3o tinham um comando \u00fanico, cada corpora\u00e7\u00e3o tomava suas decis\u00f5es de forma isolada. \u201cTemos que tentar melhorar a intera\u00e7\u00e3o entre diferentes for\u00e7as, porque a integra\u00e7\u00e3o foi uma dificuldade. O que aconteceu nessa opera\u00e7\u00e3o \u00e9 um reflexo do que acontece na seguran\u00e7a p\u00fablica do Brasil. A gente v\u00ea acontecer todos os dias\u201d, afirma.<\/p>\n\n\n\n<p>Apesar desses pontos negativos, Jos\u00e9 Vicente da Silva, que \u00e9 coronel reformado da Pol\u00edcia Militar de S\u00e3o Paulo (PMSP) e conselheiro do Instituto Brasileiro de Seguran\u00e7a P\u00fablica (IBSP), diz que a experi\u00eancia de coopera\u00e7\u00e3o entre as for\u00e7as \u00e9 uma experi\u00eancia boa. \u201cEu vi poucos acertos. Talvez um ponto positivo tenha sido usar uma coopera\u00e7\u00e3o de for\u00e7as. Essa coopera\u00e7\u00e3o \u00e9 sempre conveniente, principalmente quando existe problemas de vizinhan\u00e7a.\u201d<\/p>\n\n\n\n<p>Essa pr\u00f3pria press\u00e3o dos meios de comunica\u00e7\u00e3o e da popula\u00e7\u00e3o pode ter ajudado a criar o cen\u00e1rio para este desfecho, segundo C\u00e1ssio. \u201cS\u00e3o pessoas que est\u00e3o sendo submetidas a uma grande press\u00e3o, uma cobran\u00e7a midi\u00e1tica. N\u00e3o parecia a busca por um fugitivo. A pol\u00edcia comemorando como se fosse um jogo do Brasil\u201d, lembra.<\/p>\n\n\n\n<figure class=\"wp-block-image\"><img decoding=\"async\" src=\"https:\/\/midias.correiobraziliense.com.br\/_midias\/jpg\/2021\/06\/30\/pedro_abromovayy-6735544.jpg\" alt=\"\u201cAinda \u00e9 cedo para cravar. Tanto quem est\u00e1 comemorando quanto quem diz que foi um fracasso est\u00e1 se precipitando. Tratar como sucesso uma opera\u00e7\u00e3o que termina em morte \u00e9 sempre muito dif\u00edcil\u201d, avalia Pedro Abromvay\" title=\"\u201cAinda \u00e9 cedo para cravar. Tanto quem est\u00e1 comemorando quanto quem diz que foi um fracasso est\u00e1 se precipitando. Tratar como sucesso uma opera\u00e7\u00e3o que termina em morte \u00e9 sempre muito dif\u00edcil\u201d, avalia Pedro Abromvay\"\/><figcaption>\u201cAinda \u00e9 cedo para cravar. Tanto quem est\u00e1 comemorando quanto quem diz que foi um fracasso est\u00e1 se precipitando. Tratar como sucesso uma opera\u00e7\u00e3o que termina em morte \u00e9 sempre muito dif\u00edcil\u201d, avalia Pedro Abromvay<small>(foto: arquivo )<\/small><\/figcaption><\/figure>\n\n\n\n<p>Pedro Abramovay cita at\u00e9 mesmo a falta de apoio aos policiais que estavam nessa ca\u00e7ada. \u201cTemos que considerar que as condi\u00e7\u00f5es de trabalho s\u00e3o muito ruins. O governo n\u00e3o estava dando alimenta\u00e7\u00e3o. O governo podia mobilizar esse tanto de policiais?\u201d, questiona.<\/p>\n\n\n\n<h3 class=\"wp-block-heading\"><br>Disputa pol\u00edtica<\/h3>\n\n\n\n<p>Com toda esta movimenta\u00e7\u00e3o e aten\u00e7\u00e3o ao caso, n\u00e3o demorou para que a busca por L\u00e1zaro tamb\u00e9m virasse palco para uma disputa pol\u00edtica, o que, segundo C\u00e1ssio Thyone, ainda piorou a press\u00e3o em cima das for\u00e7as policiais.<\/p>\n\n\n\n<p>Ap\u00f3s oito dias de buscas, o governador do DF, Ibaneis Rocha (MDB), chegou a dizer que L\u00e1zaro\u00a0faz pol\u00edcia &#8216;quase de boba&#8217;. N\u00e3o demorou muito para o governador de Goi\u00e1s, Ronaldo Caiado (DEM), respondesse com \u201cN\u00e3o se atreva a desrespeitar policiais goianos\u201d. \u201cO caro escuta o governador falando que ele est\u00e1 sendo feito de bobo. Eles foram levados a este clima\u201d, analisa o ex-perito C\u00e1ssio Thyone.<\/p>\n\n\n\n<p>Al\u00e9m disso, ele destaca que teve muita disputa de egos. \u201cMuitas vezes chegaram a dizer \u2018vamos pegar o L\u00e1zaro amanh\u00e3\u2019, voc\u00ea n\u00e3o controla todas as vari\u00e1veis. Temos que ser humildes. Para reconhecer que nem sempre vamos ter sucesso. Teve templos que foram profanados. Foi um absurdo. Mostrou mais um lado da intoler\u00e2ncia religiosa. Teve de tudo, fake news, intoler\u00e2ncia, vaidade entre as corpora\u00e7\u00f5es\u201d, analisa.<\/p>\n","protected":false},"excerpt":{"rendered":"<p>Especialistas em seguran\u00e7a p\u00fablica consultados pelo Correio analisam o contexto da ca\u00e7ada de 20 dias em busca do criminoso e as perguntas que ainda precisam de respostas Fonte: CORREIO BRAZILIENSE F Cancelado\u201d. A express\u00e3o policial utilizada pelo presidente Jair Bolsonaro\u00a0para \u201ccomemorar\u201d a morte de L\u00e1zaro Barbosa, 32, nesta segunda-feira (28\/6), ap\u00f3s 20 dias foragido da pol\u00edcia, exemplifica um pensamento\u00a0comum\u00a0e v\u00e1rias [&hellip;]<\/p>\n","protected":false},"author":1,"featured_media":3498,"comment_status":"closed","ping_status":"","sticky":false,"template":"","format":"standard","meta":{"footnotes":""},"categories":[3],"tags":[],"class_list":["post-3497","post","type-post","status-publish","format-standard","has-post-thumbnail","hentry","category-noticias"],"_links":{"self":[{"href":"https:\/\/portalpraties.com.br\/site\/wp-json\/wp\/v2\/posts\/3497","targetHints":{"allow":["GET"]}}],"collection":[{"href":"https:\/\/portalpraties.com.br\/site\/wp-json\/wp\/v2\/posts"}],"about":[{"href":"https:\/\/portalpraties.com.br\/site\/wp-json\/wp\/v2\/types\/post"}],"author":[{"embeddable":true,"href":"https:\/\/portalpraties.com.br\/site\/wp-json\/wp\/v2\/users\/1"}],"replies":[{"embeddable":true,"href":"https:\/\/portalpraties.com.br\/site\/wp-json\/wp\/v2\/comments?post=3497"}],"version-history":[{"count":1,"href":"https:\/\/portalpraties.com.br\/site\/wp-json\/wp\/v2\/posts\/3497\/revisions"}],"predecessor-version":[{"id":3499,"href":"https:\/\/portalpraties.com.br\/site\/wp-json\/wp\/v2\/posts\/3497\/revisions\/3499"}],"wp:featuredmedia":[{"embeddable":true,"href":"https:\/\/portalpraties.com.br\/site\/wp-json\/wp\/v2\/media\/3498"}],"wp:attachment":[{"href":"https:\/\/portalpraties.com.br\/site\/wp-json\/wp\/v2\/media?parent=3497"}],"wp:term":[{"taxonomy":"category","embeddable":true,"href":"https:\/\/portalpraties.com.br\/site\/wp-json\/wp\/v2\/categories?post=3497"},{"taxonomy":"post_tag","embeddable":true,"href":"https:\/\/portalpraties.com.br\/site\/wp-json\/wp\/v2\/tags?post=3497"}],"curies":[{"name":"wp","href":"https:\/\/api.w.org\/{rel}","templated":true}]}}