{"id":35076,"date":"2025-01-09T18:52:28","date_gmt":"2025-01-09T18:52:28","guid":{"rendered":"https:\/\/portalpraties.com.br\/site\/?p=35076"},"modified":"2025-01-09T18:52:28","modified_gmt":"2025-01-09T18:52:28","slug":"minas-gerais-tem-mais-de-40-municipios-em-situacao-de-emergencia-por-causa-das-chuvas","status":"publish","type":"post","link":"https:\/\/portalpraties.com.br\/site\/2025\/01\/09\/minas-gerais-tem-mais-de-40-municipios-em-situacao-de-emergencia-por-causa-das-chuvas\/","title":{"rendered":"Minas Gerais tem mais de 40 munic\u00edpios em situa\u00e7\u00e3o de emerg\u00eancia por causa das chuvas"},"content":{"rendered":"\n<p>Minas Gerais tem\u00a0<strong>41<\/strong>\u00a0munic\u00edpios em\u00a0<strong>situa\u00e7\u00e3o de emerg\u00eancia<\/strong>\u00a0por causa das chuvas. As cidades de\u00a0Concei\u00e7\u00e3o do Par\u00e1, na Regi\u00e3o Centro-Oeste,\u00a0Coronel Fabriciano, no Leste, e\u00a0Nepomuceno, no Sul, est\u00e3o em\u00a0estado de calamidade p\u00fablica.<\/p>\n\n\n\n<p>Onze pessoas morreram no atual per\u00edodo chuvoso no estado, iniciado no fim de setembro \u2014 a maior parte dos \u00f3bitos ocorreu em dezembro.<\/p>\n\n\n\n<p>As mortes foram registradas em\u00a0Uberl\u00e2ndia,\u00a0Ipanema,\u00a0Marip\u00e1 de Minas,\u00a0Coronel Pacheco,\u00a0Raul Soares, Nepomuceno,\u00a0Capin\u00f3polis e\u00a0Alterosa.<\/p>\n\n\n\n<p>Os dados constam no boletim da Defesa Civil de MG desta ter\u00e7a-feira (7). Ao todo,&nbsp;1.268 pessoas j\u00e1 ficaram desalojadas no estado, e outras 183, desabrigadas&nbsp;(com necessidade de abrigo p\u00fablico).<\/p>\n\n\n\n<p>J\u00e1 os munic\u00edpios em situa\u00e7\u00e3o de anormalidade s\u00e3o:<\/p>\n\n\n\n<ul class=\"wp-block-list\">\n<li>Braz\u00f3polis<\/li>\n\n\n\n<li>Galileia<\/li>\n\n\n\n<li>Mendes Pimentel<\/li>\n\n\n\n<li>Rochedo de Minas<\/li>\n\n\n\n<li>Guaran\u00e9sia<\/li>\n\n\n\n<li>Uberaba<\/li>\n\n\n\n<li>Tapira<\/li>\n\n\n\n<li>Conselheiro Pena<\/li>\n\n\n\n<li>Alfenas<\/li>\n\n\n\n<li>Carlos Chagas<\/li>\n\n\n\n<li>S\u00e3o Jos\u00e9 da Safira<\/li>\n\n\n\n<li>S\u00e3o Geraldo do Baixio<\/li>\n\n\n\n<li>Francisc\u00f3polis<\/li>\n\n\n\n<li>Ouro Verde de Minas<\/li>\n\n\n\n<li>Novo Oriente de Minas<\/li>\n\n\n\n<li>Virgol\u00e2ndia<\/li>\n\n\n\n<li>Curral de Dentro<\/li>\n\n\n\n<li>Glaucil\u00e2ndia<\/li>\n\n\n\n<li>Malacacheta<\/li>\n\n\n\n<li>Sem-Peixe<\/li>\n\n\n\n<li>Salinas<\/li>\n\n\n\n<li>Capelinha<\/li>\n\n\n\n<li>Dom Silv\u00e9rio<\/li>\n\n\n\n<li>Concei\u00e7\u00e3o do Par\u00e1<\/li>\n\n\n\n<li>Pequeri<\/li>\n\n\n\n<li>Tocantis<\/li>\n\n\n\n<li>Leopoldina<\/li>\n\n\n\n<li>Ant\u00f4nio Carlos<\/li>\n\n\n\n<li>Coronel Fabriciano<\/li>\n\n\n\n<li>Santo Antonio do Aventureiro<\/li>\n\n\n\n<li>Pedra Bonita<\/li>\n\n\n\n<li>Bugre<\/li>\n\n\n\n<li>Raul Soares<\/li>\n\n\n\n<li>Carmo da Mata<\/li>\n\n\n\n<li>Coroaci<\/li>\n\n\n\n<li>Resplendor<\/li>\n\n\n\n<li>Itambacuri<\/li>\n\n\n\n<li>Campos Gerais<\/li>\n\n\n\n<li>Nepomuceno<\/li>\n\n\n\n<li>Caldas<\/li>\n\n\n\n<li>Marip\u00e1 de Minas<\/li>\n\n\n\n<li>Rio Preto<\/li>\n<\/ul>\n\n\n\n<p>Fonte: g1.com.br<\/p>\n","protected":false},"excerpt":{"rendered":"<p>Minas Gerais tem\u00a041\u00a0munic\u00edpios em\u00a0situa\u00e7\u00e3o de emerg\u00eancia\u00a0por causa das chuvas. As cidades de\u00a0Concei\u00e7\u00e3o do Par\u00e1, na Regi\u00e3o Centro-Oeste,\u00a0Coronel Fabriciano, no Leste, e\u00a0Nepomuceno, no Sul, est\u00e3o em\u00a0estado de calamidade p\u00fablica. Onze pessoas morreram no atual per\u00edodo chuvoso no estado, iniciado no fim de setembro \u2014 a maior parte dos \u00f3bitos ocorreu em dezembro. As mortes foram registradas em\u00a0Uberl\u00e2ndia,\u00a0Ipanema,\u00a0Marip\u00e1 de Minas,\u00a0Coronel Pacheco,\u00a0Raul Soares, [&hellip;]<\/p>\n","protected":false},"author":1,"featured_media":35077,"comment_status":"closed","ping_status":"","sticky":false,"template":"","format":"standard","meta":{"footnotes":""},"categories":[3],"tags":[],"class_list":["post-35076","post","type-post","status-publish","format-standard","has-post-thumbnail","hentry","category-noticias"],"_links":{"self":[{"href":"https:\/\/portalpraties.com.br\/site\/wp-json\/wp\/v2\/posts\/35076","targetHints":{"allow":["GET"]}}],"collection":[{"href":"https:\/\/portalpraties.com.br\/site\/wp-json\/wp\/v2\/posts"}],"about":[{"href":"https:\/\/portalpraties.com.br\/site\/wp-json\/wp\/v2\/types\/post"}],"author":[{"embeddable":true,"href":"https:\/\/portalpraties.com.br\/site\/wp-json\/wp\/v2\/users\/1"}],"replies":[{"embeddable":true,"href":"https:\/\/portalpraties.com.br\/site\/wp-json\/wp\/v2\/comments?post=35076"}],"version-history":[{"count":1,"href":"https:\/\/portalpraties.com.br\/site\/wp-json\/wp\/v2\/posts\/35076\/revisions"}],"predecessor-version":[{"id":35078,"href":"https:\/\/portalpraties.com.br\/site\/wp-json\/wp\/v2\/posts\/35076\/revisions\/35078"}],"wp:featuredmedia":[{"embeddable":true,"href":"https:\/\/portalpraties.com.br\/site\/wp-json\/wp\/v2\/media\/35077"}],"wp:attachment":[{"href":"https:\/\/portalpraties.com.br\/site\/wp-json\/wp\/v2\/media?parent=35076"}],"wp:term":[{"taxonomy":"category","embeddable":true,"href":"https:\/\/portalpraties.com.br\/site\/wp-json\/wp\/v2\/categories?post=35076"},{"taxonomy":"post_tag","embeddable":true,"href":"https:\/\/portalpraties.com.br\/site\/wp-json\/wp\/v2\/tags?post=35076"}],"curies":[{"name":"wp","href":"https:\/\/api.w.org\/{rel}","templated":true}]}}