{"id":35079,"date":"2025-01-09T18:54:57","date_gmt":"2025-01-09T18:54:57","guid":{"rendered":"https:\/\/portalpraties.com.br\/site\/?p=35079"},"modified":"2025-01-09T18:54:57","modified_gmt":"2025-01-09T18:54:57","slug":"jogadores-celebram-104-anos-do-cruzeiro-honra-fazer-parte-desta-historia","status":"publish","type":"post","link":"https:\/\/portalpraties.com.br\/site\/2025\/01\/09\/jogadores-celebram-104-anos-do-cruzeiro-honra-fazer-parte-desta-historia\/","title":{"rendered":"Jogadores celebram 104 anos do Cruzeiro: &#8216;Honra fazer parte desta hist\u00f3ria&#8217;"},"content":{"rendered":"\n<p>O anivers\u00e1rio de 104 anos do\u00a0Cruzeiro, comemorado nesta quinta-feira (2), tamb\u00e9m foi celebrado pelos jogadores do elenco celeste. A grande maioria deles utilizou as redes sociais para exaltar o clube e, ao mesmo tempo, agradecer a oportunidade de fazer parte desta hist\u00f3ria de &#8216;p\u00e1ginas heroicas e imortais&#8217;.\u00a0<br><br>Confira abaixo como cada um dos jogadores do atual elenco celeste se posicionou em rela\u00e7\u00e3o ao aivers\u00e1rio do Cruzeiro:<br><br><strong>C\u00e1ssio<\/strong>\u00a0&#8211; Goleiro postou uma arte com a imagem em que ele aparece com o uniforme do Cruzeiro, com o n\u00famero 104 e o Mineir\u00e3o ao fundo e escreveu: &#8216;Parab\u00e9ns, Cruzeiro&#8221;<br><br><strong>Anderson\u00a0<\/strong>&#8211; Como legenda de uma foto em que aparece comemorando, o goleiro, que est\u00e1 de sa\u00edda para o Atl\u00e9tico-GO, escreveu: &#8220;Muito gratificante fazer parte de sua hist\u00f3ria&#8230; Parab\u00e9ns, Cruzeiro&#8221;<br><br><strong>L\u00e9o Arag\u00e3o<\/strong>\u00a0&#8211; &#8220;104 anos de muita Tradi\u00e7\u00e3o e Hist\u00f3ria. A sensa\u00e7\u00e3o de ser Cruzeiro \u00e9 inexplic\u00e1vel. Parab\u00e9ns, Cruzeiro&#8221;<br><br><strong>William<\/strong>\u00a0&#8211; Em uma foto em que aparece de costas, usando a camisa 12 celeste, o lateral postou: &#8220;Parab\u00e9ns, Cruzeiro. Gratid\u00e3o eterna pela oportunidade de representar essa camiseta hist\u00f3rica\u201d.<br><br><strong>Marlon<\/strong>\u00a0&#8211; &#8220;Cruzeiro, parab\u00e9ns pelos 104 anos! Uma grande honra representar esse clube gigante!&#8221;<br><br><strong>Kaiki<\/strong>\u00a0&#8211; O lateral formado na base postou uma montagem em que aparece em quatro fotos, em idades variadas, defendendo o Cruzeiro, e escreveu: &#8220;Parab\u00e9ns, Cruzeiro! \u00c9 sempre um honra&#8221;.\u00a0<br><br><strong>Villalba\u00a0<\/strong>&#8211; Zagueiro argentino, que teve os direitos comprados pelo Cruzeiro, tamb\u00e9m postou montagem de v\u00e1rios momentos em que aparece defendendo o clube e escreveu: &#8220;Parab\u00e9ns! 104! Cruzeiro \u00e9 uma felicidade muito grande fazer parte! Muito, muito feliz!&#8221;<\/p>\n\n\n\n<p><strong>Jo\u00e3o Marcelo&nbsp;<\/strong>&#8211; Zagueiro postou imagem comemorando com a camisa celeste e legendou: &#8220;104 anos! Parab\u00e9ns Cruzeiro&#8221;.<br><br><strong>Z\u00e9 Ivaldo<\/strong>&nbsp;&#8211; &#8220;Feliz anivers\u00e1rio, Cruzeiro! \u00c9 uma honra vestir essa camisa&#8221;.<br><br><strong>Jonathan Jesus<\/strong>&nbsp;&#8211; Zagueiro repostou arte divulgada nas redes sociais do clube, que destaca &#8220;Existe um grande clube na cidade. 104 anos de hist\u00f3ria&#8221;.<br><br><strong>Weverton<\/strong>&nbsp;&#8211; Zagueiro formado na base tamb\u00e9m repostou arte divulgada nas redes sociais do clube e acrescentou: &#8220;Privil\u00e9gio fazer parte&#8221;<br><br><strong>Walace<\/strong>&nbsp;&#8211; \u201cParab\u00e9ns pelos 104 anos, Cruzeiro. Satisfa\u00e7\u00e3o\u201d, publicou o volante, que terminou a \u00faltima temporada sob cr\u00edticas de parte da torcida.<br><br><strong>Matheus Henrique<\/strong>&nbsp;&#8211; Considerado um dos principais jogadores da equipe na \u00faltima temporada, o volante postou foto em que aparece comemorando um gol e escreveu: &#8220;104 anos de muita hist\u00f3ria e tradi\u00e7\u00e3o. \u00c9 um orgulho enorme poder fazer parte de sua hist\u00f3ria. Feliz anivers\u00e1rio, Cruzeiro!&#8221;<br><br><strong>Peralta<\/strong>&nbsp;&#8211; Volante paraguaio postou foto em que aparece em a\u00e7\u00e3o com a camisa celeste e escreveu: &#8220;Parab\u00e9ns, meu Cruzeiro!&#8221;<br><br><strong>Japa<\/strong>&nbsp;&#8211; O volante revelado na base, que celebra anivers\u00e1rio no mesmo dia que o clube, postou foto em a\u00e7\u00e3o com a camisa celest e escreveu: Feliz anivers\u00e1rio, Cruzeiro! \u00c9 uma honra enorme vestir essa camisa!<br><br><strong>Matheus Pereira<\/strong>&nbsp;&#8211; O camisa 10 do Cruzeiro postou uma arte em que aparece celebrando um gol e escreveu &#8220;Parab\u00e9ns, Cruzeiro!&#8221;<br><br><strong>Mateus Vital<\/strong>&nbsp;&#8211; Meia, que segue com destino indefinido, publicou uma arte em que aparece comemorando gols do Cruzeiro, tanto com a camisa celeste quanto com a branca e escreveu: &#8220;Parab\u00e9ns, Cruzeiro!&#8221;<br><br><strong>Vitinho<\/strong>&nbsp;&#8211; Meia revelado na base celeste postou uma arte em que aparece em v\u00e1rios momentos em a\u00e7\u00e3o pela Raposa e escreveu: &#8220;Cruzeiro 104 anos!&#8221;<br><br><strong>Kaio Jorge<\/strong>&nbsp;&#8211; Atacante postou arte em que aparece celebrando um gol com a camisa branca do Cruzeiro. Na legenda: &#8220;Parab\u00e9ns, Cruzeiro! 104 anos. Orgulho de fazer parte deste clube!&#8221;<br><br><strong>Dinenno<\/strong>&nbsp;&#8211; Atacante argentino, que se encontra em fase final de recondicionamento ap\u00f3s grave les\u00e3o, repostou arte divulgada nas redes sociais do clube, que destaca &#8220;Existe um grande clube na cidade. 104 anos de hist\u00f3ria&#8221;.<\/p>\n\n\n\n<p><strong>Lautaro D\u00edaz<\/strong>&nbsp;&#8211; O atacante argentino postou uma imagem em que aparece com a camisa do Cruzeiro e escreveu: &#8220;Fazer parte da hist\u00f3ria do Cruzeiro \u00e9 uma honra que poucos podem ter. Algo que vai ficar, pra sempre, marcado nas minhas digitais, no meu cora\u00e7\u00e3o e na minha mente! Que sejam as primeiras p\u00e1ginas, que ser\u00e3o, ainda mais, heroicas e imortais, daqui pra frente! Feliz anivers\u00e1rio, Cabuloso. Cruzeiro, 104 anos&#8221;<\/p>\n\n\n\n<p><strong>Ka\u00edque Kenji<\/strong>\u00a0&#8211; O atacante revelado na base celeste postou fotos em que aparece atuando pelo clube e escreveu: Parab\u00e9ns, Cruzeiro! 104 anos&#8221;<br><br>Fonte: otempo.com.br<\/p>\n\n\n\n<p><\/p>\n","protected":false},"excerpt":{"rendered":"<p>O anivers\u00e1rio de 104 anos do\u00a0Cruzeiro, comemorado nesta quinta-feira (2), tamb\u00e9m foi celebrado pelos jogadores do elenco celeste. A grande maioria deles utilizou as redes sociais para exaltar o clube e, ao mesmo tempo, agradecer a oportunidade de fazer parte desta hist\u00f3ria de &#8216;p\u00e1ginas heroicas e imortais&#8217;.\u00a0 Confira abaixo como cada um dos jogadores do atual elenco celeste se posicionou [&hellip;]<\/p>\n","protected":false},"author":1,"featured_media":35080,"comment_status":"closed","ping_status":"","sticky":false,"template":"","format":"standard","meta":{"footnotes":""},"categories":[3],"tags":[],"class_list":["post-35079","post","type-post","status-publish","format-standard","has-post-thumbnail","hentry","category-noticias"],"_links":{"self":[{"href":"https:\/\/portalpraties.com.br\/site\/wp-json\/wp\/v2\/posts\/35079","targetHints":{"allow":["GET"]}}],"collection":[{"href":"https:\/\/portalpraties.com.br\/site\/wp-json\/wp\/v2\/posts"}],"about":[{"href":"https:\/\/portalpraties.com.br\/site\/wp-json\/wp\/v2\/types\/post"}],"author":[{"embeddable":true,"href":"https:\/\/portalpraties.com.br\/site\/wp-json\/wp\/v2\/users\/1"}],"replies":[{"embeddable":true,"href":"https:\/\/portalpraties.com.br\/site\/wp-json\/wp\/v2\/comments?post=35079"}],"version-history":[{"count":1,"href":"https:\/\/portalpraties.com.br\/site\/wp-json\/wp\/v2\/posts\/35079\/revisions"}],"predecessor-version":[{"id":35081,"href":"https:\/\/portalpraties.com.br\/site\/wp-json\/wp\/v2\/posts\/35079\/revisions\/35081"}],"wp:featuredmedia":[{"embeddable":true,"href":"https:\/\/portalpraties.com.br\/site\/wp-json\/wp\/v2\/media\/35080"}],"wp:attachment":[{"href":"https:\/\/portalpraties.com.br\/site\/wp-json\/wp\/v2\/media?parent=35079"}],"wp:term":[{"taxonomy":"category","embeddable":true,"href":"https:\/\/portalpraties.com.br\/site\/wp-json\/wp\/v2\/categories?post=35079"},{"taxonomy":"post_tag","embeddable":true,"href":"https:\/\/portalpraties.com.br\/site\/wp-json\/wp\/v2\/tags?post=35079"}],"curies":[{"name":"wp","href":"https:\/\/api.w.org\/{rel}","templated":true}]}}