{"id":3517,"date":"2021-07-02T12:51:32","date_gmt":"2021-07-02T12:51:32","guid":{"rendered":"http:\/\/portalpraties.com.br\/site\/?p=3517"},"modified":"2021-07-02T13:07:02","modified_gmt":"2021-07-02T13:07:02","slug":"termometros-em-queda-entenda-o-alerta-de-frio-severo-em-minas","status":"publish","type":"post","link":"https:\/\/portalpraties.com.br\/site\/2021\/07\/02\/termometros-em-queda-entenda-o-alerta-de-frio-severo-em-minas\/","title":{"rendered":"Term\u00f4metros em queda: entenda o alerta de frio severo em Minas"},"content":{"rendered":"\t\t<div data-elementor-type=\"wp-post\" data-elementor-id=\"3517\" class=\"elementor elementor-3517\">\n\t\t\t\t\t\t<section class=\"elementor-section elementor-top-section elementor-element elementor-element-ba02999 elementor-section-boxed elementor-section-height-default elementor-section-height-default\" data-id=\"ba02999\" data-element_type=\"section\" data-e-type=\"section\">\n\t\t\t\t\t\t<div class=\"elementor-container elementor-column-gap-default\">\n\t\t\t\t\t<div class=\"elementor-column elementor-col-100 elementor-top-column elementor-element elementor-element-3863f193\" data-id=\"3863f193\" data-element_type=\"column\" data-e-type=\"column\">\n\t\t\t<div class=\"elementor-widget-wrap elementor-element-populated\">\n\t\t\t\t\t\t<div class=\"elementor-element elementor-element-6b37ac25 elementor-widget elementor-widget-text-editor\" data-id=\"6b37ac25\" data-element_type=\"widget\" data-e-type=\"widget\" data-widget_type=\"text-editor.default\">\n\t\t\t\t<div class=\"elementor-widget-container\">\n\t\t\t\t\t\t\t\t\t\n<p>FONTE: em.com.br &#8211; ESTADODEMINASGERAIS<\/p>\n\n<p>O avan\u00e7o de uma\u00a0<strong>massa de ar polar<\/strong>\u00a0que saiu da Argentina em dire\u00e7\u00e3o aos pa\u00edses vizinhos faz a popula\u00e7\u00e3o sentir com mais for\u00e7a a chegada do inverno no Brasil. Nevou por tr\u00eas dias seguidos em algumas \u00e1reas de maior altitude do Sul do pa\u00eds. Em\u00a0<strong>Minas Gerais<\/strong>, os term\u00f4metros marcaram temperaturas pr\u00f3ximas ou abaixo de zero ontem, com geada. E o Instituto Nacional de Meteorologia (<strong>Inmet<\/strong>) emitiu um novo\u00a0<strong>alerta\u00a0<\/strong>de frio, com temperaturas 5\u00b0C abaixo da m\u00e9dia para Minas Gerais e outros seis estados e o Distrito Federal.<\/p>\n\n<p>O aviso \u00e9 v\u00e1lido ao menos at\u00e9 as 23h59 de amanh\u00e3 (2\/07) para 645 munic\u00edpios mineiros.&#8221;Nos pr\u00f3ximos dias, o ar frio polar proporcionar\u00e1 decl\u00ednio acentuado de temperatura em todas as regi\u00f5es mineiras e forma\u00e7\u00e3o de\u00a0<strong>geada<\/strong>\u00a0no Sul do estado, onde a temperatura m\u00ednima prevista \u00e9 de -3\u00b0C&#8221;, disse o meteorologista do Instituto Nacional de Meteorologia (Inmet) Claudimir de Azevedo.<\/p>\n\n<p>Mas, afinal, o que \u00e9 uma onda polar? \u00c9 um per\u00edodo de atua\u00e7\u00e3o de uma massa de ar frio polar, ou seja, os dias em que a massa de ar frio atua. Essa massa \u00e9 uma grande por\u00e7\u00e3o do ar atmosf\u00e9rico que cobre uma extensa \u00e1rea da superf\u00edcie terrestre e apresenta distribui\u00e7\u00e3o praticamente uniforme de temperatura e umidade. &#8220;As massas de ar s\u00e3o classificadas de acordo com a regi\u00e3o em que se originam \u2013 nos polos ou nos tr\u00f3picos. Assim, no hemisf\u00e9rio sul e no hemisf\u00e9rio norte elas podem ser polares ou tropicais\u201d, explicou o meteorologista.<\/p>\n\n<p><br \/>No hemisf\u00e9rio sul, detalha Azevedo, uma massa polar \u00e9 uma grande por\u00e7\u00e3o de ar<strong>\u00a0atmosf\u00e9rico<\/strong>\u00a0que se forma na Ant\u00e1rtida e se desloca em dire\u00e7\u00e3o ao continente sul-americano, provocando queda acentuada de temperatura no inverno. &#8220;No Brasil, atingem os estados do Sul, Sudeste, Centro- Oeste e, em situa\u00e7\u00f5es extremas, causam o fen\u00f4meno das \u2018friagens\u2019 na Regi\u00e3o Amaz\u00f4nica. \u00c0 medida que o ar\u00a0<strong>frio<\/strong>\u00a0vai avan\u00e7ando sobre o continente, suas caracter\u00edsticas v\u00e3o se modificando com a troca de calor e, ao passar do tempo, a temperatura vai se elevando gradativamente&#8221;, pontuou o meteorologista. Tamb\u00e9m est\u00e3o associados \u00e0 massa de ar frio polar fen\u00f4menos meteorol\u00f3gicos como neve, nevoeiros, geada, chuva congelada e temperaturas negativas, sobretudo, nos estados do Rio Grande do Sul, Santa Catarina e Paran\u00e1.<\/p>\n\n<h3 class=\"wp-block-heading\"><strong>Geada<br \/><\/strong><\/h3>\n\n<p>&#8220;Em Minas Gerais, a condi\u00e7\u00e3o de geada \u00e9 observada, principalmente, no Sul do estado. Contudo, em epis\u00f3dios extremos de frio podem ocorrer tamb\u00e9m de forma mais branda em \u00e1reas isoladas do Tri\u00e2ngulo Mineiro, Alto Parana\u00edba, Oeste, Campo das Vertentes e Zona da Mata mineira&#8221;, complementou. O Inmet prev\u00ea que, pelo menos at\u00e9 s\u00e1bado (3\/7), h\u00e1 possibilidade de geada em pontos isolados do Sul, Sudoeste e Campo das Vertentes. Os vales do Jequitinhonha, Mucuri e Rio Doce devem ter c\u00e9u parcialmente nublado com n\u00e9voa \u00famida. Pode ocorrer n\u00e9voa seca no Tri\u00e2ngulo Mineiro, Oeste, Zona da Mata e Regi\u00e3o Metropolitana de Belo Horizonte. Vale lembrar que esse fen\u00f4meno \u00e9 resultado da presen\u00e7a de part\u00edculas e poluentes na atmosfera, somada ao clima seco, deixando uma faixa cinzenta sobre o horizonte.<\/p>\n\n<h3 class=\"wp-block-heading\"><strong>Alerta<br \/><\/strong><\/h3>\n<p><a href=\"https:\/\/portalpraties.com.br\/site\/wp-content\/uploads\/2021\/07\/20210701073154892056e-1.jpg\"><img fetchpriority=\"high\" decoding=\"async\" class=\"aligncenter size-large wp-image-3527\" src=\"https:\/\/portalpraties.com.br\/site\/wp-content\/uploads\/2021\/07\/20210701073154892056e-1-572x1024.jpg\" alt=\"\" width=\"572\" height=\"1024\" srcset=\"https:\/\/portalpraties.com.br\/site\/wp-content\/uploads\/2021\/07\/20210701073154892056e-1-572x1024.jpg 572w, https:\/\/portalpraties.com.br\/site\/wp-content\/uploads\/2021\/07\/20210701073154892056e-1-168x300.jpg 168w, https:\/\/portalpraties.com.br\/site\/wp-content\/uploads\/2021\/07\/20210701073154892056e-1-768x1375.jpg 768w, https:\/\/portalpraties.com.br\/site\/wp-content\/uploads\/2021\/07\/20210701073154892056e-1.jpg 820w\" sizes=\"(max-width: 572px) 100vw, 572px\" \/><\/a><\/p>\n\n<p>Em fun\u00e7\u00e3o desse cen\u00e1rio no pa\u00eds, mapa do Centro Virtual para Avisos de Eventos Meteorol\u00f3gicos Severos para o Sul da Am\u00e9rica do Sul (Alert-AS) mostrava avisos de onda de frio e\/ou decl\u00ednio de temperatura para 16 dos 27 estados da Federa\u00e7\u00e3o. Para Minas Gerais, os primeiros alertas eram v\u00e1lidos at\u00e9 a noite de ontem, incluindo 66 cidades, chegando aos munic\u00edpios do Tri\u00e2ngulo Mineiro, Alto Parana\u00edba, Oeste, Campo das Vertentes, Sul, Sudoeste e parte da Zona da Mata.<\/p>\n\n<p>Ontem, o alerta foi estendido, com validade at\u00e9 sexta-feira (2\/07), incluindo 645 munic\u00edpios mineiros, de diversas regi\u00f5es, entre elas a Metropolitana de Belo Horizonte. Uma larga faixa de perigo era indicada ontem na quase totalidade do estado e avan\u00e7ava pelo sul e interior da Bahia, al\u00e9m do Rio de Janeiro, Esp\u00edrito Santo, Mato Grosso, Tocantins, Goi\u00e1s e o Distrito Federal. (Confira mapa e as regi\u00f5es afetadas no quadro.)<\/p>\n\n<h3 class=\"wp-block-heading\"><strong>Anomalia<br \/><\/strong><\/h3>\n\n<p>As baixas temperaturas desta semana j\u00e1 eram previstas por uma nota t\u00e9cnica do Sistema Nacional de Meteorologia (SNM) do \u00faltimo dia 25, que foi atualizada na segunda-feira. \u201cAo amanhecer dos dias 29 e 30 de junho, as temperaturas dever\u00e3o ficar abaixo de zero em uma ampla \u00e1rea entre o Norte do Rio Grande do Sul, Meio-oeste e Planalto Sul de Santa Catarina e no Sul do Paran\u00e1. Nesse mesmo per\u00edodo, ainda se mant\u00e9m a possibilidade de queda de neve nas \u00e1reas serranas, especialmente de Santa Catarina\u201d, diz a nota. \u201cAo longo de toda a semana, persistem as condi\u00e7\u00f5es atmosf\u00e9ricas prop\u00edcias para a forma\u00e7\u00e3o de geada (moderada a forte) na Regi\u00e3o Sul, no Mato Grosso do Sul, podendo se estender para S\u00e3o Paulo e Minas Gerais\u201d, informava o SNM.<br \/>O portal da MetSul Meteorologia antecipava, tamb\u00e9m na segunda-feira (28\/06), que a onda polar desta primeira metade da semana na Regi\u00e3o Centro-Sul do Brasil, Uruguai, Argentina e Paraguai traz a maior anomalia negativa de frio no mundo fora dos polos. &#8220;Em nenhum lugar do planeta a temperatura ficou t\u00e3o abaixo da m\u00e9dia fora das regi\u00f5es polares como a parte central da Am\u00e9rica do Sul\u201d, informou.<\/p>\n\n<h3 class=\"wp-block-heading\"><strong>Marca negativa<br \/><\/strong><\/h3>\n\n<p>A intensa queda de temperatura p\u00f4de ser percebida na manh\u00e3 de ontem em diversas regi\u00f5es de Minas Gerais, tanto que o estado registrou a menor temperatura de 2021. Segundo o\u00a0<strong>Inmet<\/strong>, os term\u00f4metros marcaram -2,7\u00b0C em Monte Verde, distrito de Camanducaia, no Sul de Minas Gerais. A temperatura negativa foi registrada entre as 6h e as 7h dessa quarta. A geada cobriu parte do distrito tur\u00edstico, deixando a vegeta\u00e7\u00e3o, ve\u00edculos e outras superf\u00edcies cobertos de gelo. At\u00e9 ent\u00e3o, a menor temperatura de 2021 em Minas Gerais era -0,3\u00b0C em 25 de maio, tamb\u00e9m em Monte Verde.<\/p>\n\n<p><br \/>Tri\u00e2ngulo Mineiro e Alto Parana\u00edba tamb\u00e9m tiveram algumas das temperaturas mais baixas do estado ontem, com 2,5\u00b0C em Concei\u00e7\u00e3o das Alagoas, 3,1\u00b0C em Uberaba, 4,1\u00b0C em Patroc\u00ednio, e 8,9\u00b0C em Patos de Minas. A frente fria chegou na regi\u00e3o no in\u00edcio da noite de ter\u00e7a-feira e se intensificou na madrugada de ontem, sendo considerado o dia mais frio do ano na regi\u00e3o. Al\u00e9m da queda nas temperaturas, a massa de ar seco polar tamb\u00e9m derrubou a umidade relativa do ar durante esta semana na regi\u00e3o.<\/p>\n\n<p>A sensa\u00e7\u00e3o t\u00e9rmica em Uberl\u00e2ndia baixou a 0OC no in\u00edcio da manh\u00e3 de ontem, de acordo com o Inmet. O dia mais frio do ano tamb\u00e9m foi o de menor temperatura registrada nos \u00faltimos 21 anos. A semana segue fria, segundo a previs\u00e3o do tempo para o munic\u00edpio. A temperatura m\u00ednima registrada foi 4OC \u00e0s 7h da manh\u00e3. Contudo, dados do Inmet mostram que os ventos de quase 10km\/h e a umidade de 71% fizeram com que a sensa\u00e7\u00e3o t\u00e9rmica fosse de zero grau.<\/p>\n\n<h3 class=\"wp-block-heading\"><strong>Capital<br \/><\/strong><\/h3>\n<p><a href=\"https:\/\/portalpraties.com.br\/site\/wp-content\/uploads\/2021\/07\/20210630232034784766a.jpg\"><img decoding=\"async\" class=\"aligncenter size-full wp-image-3520\" src=\"https:\/\/portalpraties.com.br\/site\/wp-content\/uploads\/2021\/07\/20210630232034784766a.jpg\" alt=\"\" width=\"820\" height=\"546\" srcset=\"https:\/\/portalpraties.com.br\/site\/wp-content\/uploads\/2021\/07\/20210630232034784766a.jpg 820w, https:\/\/portalpraties.com.br\/site\/wp-content\/uploads\/2021\/07\/20210630232034784766a-300x200.jpg 300w, https:\/\/portalpraties.com.br\/site\/wp-content\/uploads\/2021\/07\/20210630232034784766a-768x511.jpg 768w, https:\/\/portalpraties.com.br\/site\/wp-content\/uploads\/2021\/07\/20210630232034784766a-600x400.jpg 600w\" sizes=\"(max-width: 820px) 100vw, 820px\" \/><\/a><\/p>\n\n<p>Na capital mineira, a temperatura m\u00ednima de ontem foi de foi 11,5\u00b0C. Como n\u00e3o houve muito vento, o impacto n\u00e3o foi significativo na sensa\u00e7\u00e3o t\u00e9rmica. No entanto, a partir de hoje (1\u00ba\/07), existe a possibilidade de a m\u00ednima em BH cair para 9\u00b0C, batendo o recorde do ano, que \u00e9 de 11,7\u00b0C em 13 de junho. Na segunda-feira, a Defesa Civil da cidade emitiu um alerta para a massa de ar frio manter as temperaturas baixas, com temperatura m\u00ednima abaixo de 12\u00b0C at\u00e9 o in\u00edcio da pr\u00f3xima semana.<\/p>\n\n<p>\u00a0<\/p>\n\t\t\t\t\t\t\t\t<\/div>\n\t\t\t\t<\/div>\n\t\t\t\t\t<\/div>\n\t\t<\/div>\n\t\t\t\t\t<\/div>\n\t\t<\/section>\n\t\t\t\t<\/div>\n\t\t","protected":false},"excerpt":{"rendered":"<p>FONTE: em.com.br &#8211; ESTADODEMINASGERAIS O avan\u00e7o de uma\u00a0massa de ar polar\u00a0que saiu da Argentina em dire\u00e7\u00e3o aos pa\u00edses vizinhos faz a popula\u00e7\u00e3o sentir com mais for\u00e7a a chegada do inverno no Brasil. Nevou por tr\u00eas dias seguidos em algumas \u00e1reas de maior altitude do Sul do pa\u00eds. Em\u00a0Minas Gerais, os term\u00f4metros marcaram temperaturas pr\u00f3ximas ou abaixo de zero ontem, com [&hellip;]<\/p>\n","protected":false},"author":1,"featured_media":3518,"comment_status":"closed","ping_status":"","sticky":false,"template":"","format":"standard","meta":{"footnotes":""},"categories":[3],"tags":[],"class_list":["post-3517","post","type-post","status-publish","format-standard","has-post-thumbnail","hentry","category-noticias"],"_links":{"self":[{"href":"https:\/\/portalpraties.com.br\/site\/wp-json\/wp\/v2\/posts\/3517","targetHints":{"allow":["GET"]}}],"collection":[{"href":"https:\/\/portalpraties.com.br\/site\/wp-json\/wp\/v2\/posts"}],"about":[{"href":"https:\/\/portalpraties.com.br\/site\/wp-json\/wp\/v2\/types\/post"}],"author":[{"embeddable":true,"href":"https:\/\/portalpraties.com.br\/site\/wp-json\/wp\/v2\/users\/1"}],"replies":[{"embeddable":true,"href":"https:\/\/portalpraties.com.br\/site\/wp-json\/wp\/v2\/comments?post=3517"}],"version-history":[{"count":7,"href":"https:\/\/portalpraties.com.br\/site\/wp-json\/wp\/v2\/posts\/3517\/revisions"}],"predecessor-version":[{"id":3530,"href":"https:\/\/portalpraties.com.br\/site\/wp-json\/wp\/v2\/posts\/3517\/revisions\/3530"}],"wp:featuredmedia":[{"embeddable":true,"href":"https:\/\/portalpraties.com.br\/site\/wp-json\/wp\/v2\/media\/3518"}],"wp:attachment":[{"href":"https:\/\/portalpraties.com.br\/site\/wp-json\/wp\/v2\/media?parent=3517"}],"wp:term":[{"taxonomy":"category","embeddable":true,"href":"https:\/\/portalpraties.com.br\/site\/wp-json\/wp\/v2\/categories?post=3517"},{"taxonomy":"post_tag","embeddable":true,"href":"https:\/\/portalpraties.com.br\/site\/wp-json\/wp\/v2\/tags?post=3517"}],"curies":[{"name":"wp","href":"https:\/\/api.w.org\/{rel}","templated":true}]}}