{"id":35228,"date":"2025-02-08T21:40:42","date_gmt":"2025-02-08T21:40:42","guid":{"rendered":"https:\/\/portalpraties.com.br\/site\/?p=35228"},"modified":"2025-02-08T21:40:42","modified_gmt":"2025-02-08T21:40:42","slug":"neymar-anuncia-retorno-ao-brasil-so-o-santos-pode-me-proporcionar-o-carinho-que-eu-preciso","status":"publish","type":"post","link":"https:\/\/portalpraties.com.br\/site\/2025\/02\/08\/neymar-anuncia-retorno-ao-brasil-so-o-santos-pode-me-proporcionar-o-carinho-que-eu-preciso\/","title":{"rendered":"Neymar anuncia retorno ao Brasil: &#8220;S\u00f3 o Santos pode me proporcionar o carinho que eu preciso&#8221;"},"content":{"rendered":"\n<p>Doze anos depois de sua sa\u00edda, Neymar est\u00e1 de volta ao Santos.<\/p>\n\n\n\n<p>Nesta quinta-feira, o jogador anunciou em suas redes sociais o retorno ao clube que o revelou. O craque vai assinar nesta sexta-feira um contrato v\u00e1lido at\u00e9 30 de junho.<\/p>\n\n\n\n<p>\u2013 Galera, parece at\u00e9 que estou voltando no tempo. Estou aqui reunido com meus amigos e familiares. Eles me ajudaram a escrever algumas coisas, \u00e9 que n\u00e3o vou aguentar at\u00e9 amanh\u00e3. Minha fam\u00edlia e meus amigos j\u00e1 sabem minha decis\u00e3o. Assinarei um contrato com o Santos Futebol Clube.<\/p>\n\n\n\n<p>\u2013 Quero agradecer aos torcedores do mundo inteiro que desejaram muito esse momento. Quase 12 anos se passaram desde que sa\u00ed da Vila mais famosa do mundo, e parece que foi ontem. Meu sentimento pelo clube e pela torcida nunca mudou. Passei momentos maravilhoso em Riad.<\/p>\n\n\n\n<p>\u2013 E s\u00f3 o Santos Futebol clube pode me proporcionar o carinho que preciso para me preparar para os desafios que tenho nos pr\u00f3ximos anos. E todos voc\u00eas, independentemente do clube que torcem, sabem bem do que estou falando. Espero que todos me acompanhem nessa nova etapa da minha vida.<\/p>\n\n\n\n<p>\u2013 Sou grato a todos voc\u00eas que me acompanharam at\u00e9 nos momentos mais dif\u00edceis, e n\u00e3o foram poucos. S\u00f3 jogando futebol, fazendo o que eu mais amo nessa vida, \u00e9 que eu sou feliz. \u00c9 um orgulho que nem todos podem ter. Parece que essas palavras j\u00e1 foram escritas. E talvez j\u00e1 tenham sido mesmo.<\/p>\n\n\n\n<p><\/p>\n\n\n\n<p>Fonte: ge.globo.com<\/p>\n","protected":false},"excerpt":{"rendered":"<p>Doze anos depois de sua sa\u00edda, Neymar est\u00e1 de volta ao Santos. Nesta quinta-feira, o jogador anunciou em suas redes sociais o retorno ao clube que o revelou. O craque vai assinar nesta sexta-feira um contrato v\u00e1lido at\u00e9 30 de junho. \u2013 Galera, parece at\u00e9 que estou voltando no tempo. Estou aqui reunido com meus amigos e familiares. Eles me [&hellip;]<\/p>\n","protected":false},"author":1,"featured_media":35229,"comment_status":"closed","ping_status":"","sticky":false,"template":"","format":"standard","meta":{"footnotes":""},"categories":[3],"tags":[],"class_list":["post-35228","post","type-post","status-publish","format-standard","has-post-thumbnail","hentry","category-noticias"],"_links":{"self":[{"href":"https:\/\/portalpraties.com.br\/site\/wp-json\/wp\/v2\/posts\/35228","targetHints":{"allow":["GET"]}}],"collection":[{"href":"https:\/\/portalpraties.com.br\/site\/wp-json\/wp\/v2\/posts"}],"about":[{"href":"https:\/\/portalpraties.com.br\/site\/wp-json\/wp\/v2\/types\/post"}],"author":[{"embeddable":true,"href":"https:\/\/portalpraties.com.br\/site\/wp-json\/wp\/v2\/users\/1"}],"replies":[{"embeddable":true,"href":"https:\/\/portalpraties.com.br\/site\/wp-json\/wp\/v2\/comments?post=35228"}],"version-history":[{"count":1,"href":"https:\/\/portalpraties.com.br\/site\/wp-json\/wp\/v2\/posts\/35228\/revisions"}],"predecessor-version":[{"id":35230,"href":"https:\/\/portalpraties.com.br\/site\/wp-json\/wp\/v2\/posts\/35228\/revisions\/35230"}],"wp:featuredmedia":[{"embeddable":true,"href":"https:\/\/portalpraties.com.br\/site\/wp-json\/wp\/v2\/media\/35229"}],"wp:attachment":[{"href":"https:\/\/portalpraties.com.br\/site\/wp-json\/wp\/v2\/media?parent=35228"}],"wp:term":[{"taxonomy":"category","embeddable":true,"href":"https:\/\/portalpraties.com.br\/site\/wp-json\/wp\/v2\/categories?post=35228"},{"taxonomy":"post_tag","embeddable":true,"href":"https:\/\/portalpraties.com.br\/site\/wp-json\/wp\/v2\/tags?post=35228"}],"curies":[{"name":"wp","href":"https:\/\/api.w.org\/{rel}","templated":true}]}}