{"id":3531,"date":"2021-07-02T13:18:34","date_gmt":"2021-07-02T13:18:34","guid":{"rendered":"http:\/\/portalpraties.com.br\/site\/?p=3531"},"modified":"2021-07-02T13:18:34","modified_gmt":"2021-07-02T13:18:34","slug":"queda-das-mortes-por-covid-aponta-indicio-do-efeito-da-vacinacao-no-brasil-veja-o-que-se-sabe-e-os-alertas","status":"publish","type":"post","link":"https:\/\/portalpraties.com.br\/site\/2021\/07\/02\/queda-das-mortes-por-covid-aponta-indicio-do-efeito-da-vacinacao-no-brasil-veja-o-que-se-sabe-e-os-alertas\/","title":{"rendered":"Queda das mortes por Covid aponta ind\u00edcio do efeito da vacina\u00e7\u00e3o no Brasil; veja o que se sabe e os alertas"},"content":{"rendered":"\n<h2 class=\"wp-block-heading\">Dados mostram efetividade da vacina em grupos que j\u00e1 est\u00e3o totalmente imunizados. Apesar disso, especialistas alertam que pandemia n\u00e3o est\u00e1 controlada e que a variante delta ainda \u00e9 um risco.<\/h2>\n\n\n\n<p>Por La\u00eds Modelli, Felipe Grandin e Carolina Dantas, G1<\/p>\n\n\n\n<figure class=\"wp-block-image\"><img decoding=\"async\" src=\"https:\/\/s2.glbimg.com\/FcKQmtvpDmJgC8Z052HmWYpx--Q=\/0x0:1300x1130\/984x0\/smart\/filters:strip_icc()\/i.s3.glbimg.com\/v1\/AUTH_59edd422c0c84a879bd37670ae4f538a\/internal_photos\/bs\/2021\/Y\/Z\/BpKK5wTY6862Cpz7hsag\/0107-mm-totalv.png\" alt=\"M\u00e9dia m\u00f3vel de mortes no Brasil \u2014 Foto: Elcio Horiuchi\/G1\"\/><\/figure>\n\n\n\n<p>M\u00e9dia m\u00f3vel de mortes no Brasil \u2014 Foto: Elcio <\/p>\n\n\n\n<p>A\u00a0m\u00e9dia m\u00f3vel\u00a0de mortes por\u00a0Covid-19\u00a0no Brasil est\u00e1 em queda desde o dia 20 de junho e se manteve assim no mais recente balan\u00e7o do cons\u00f3rcio dos ve\u00edculos da imprensa:\u00a01.558 mortes nos \u00faltimos 7 dias.<\/p>\n\n\n\n<p>Especialistas ouvidos pelo&nbsp;<strong>G1&nbsp;<\/strong>apontam que os n\u00fameros da queda est\u00e3o entre os dados que j\u00e1&nbsp;mostram a&nbsp;<strong>efetividade da vacina em grupos<\/strong>&nbsp;(sobretudo idosos) que est\u00e3o totalmente imunizados. Apesar disso, eles alertam que a pandemia n\u00e3o est\u00e1 controlada e que a chegada da variante delta ainda \u00e9 um risco para aqueles que n\u00e3o tomaram as duas doses da vacina.<\/p>\n\n\n\n<blockquote class=\"wp-block-quote is-layout-flow wp-block-quote-is-layout-flow\"><p>&#8220;A vacina\u00e7\u00e3o com duas doses dos idosos (\u00e9 a explica\u00e7\u00e3o para a queda). A cobertura j\u00e1 est\u00e1 bem elevada nesta faixa, acima dos 60%. Acima dos 70, 80 e 90 ainda \u00e9 maior. No n\u00famero de casos, o impacto s\u00f3 vai ser maior com o avan\u00e7o da vacina\u00e7\u00e3o&#8221;, afirma Julio Croda, infectologista e pesquisador da Fiocruz.<\/p><\/blockquote>\n\n\n\n<p>Abaixo, veja um resumo de todos os demais pontos que podem estar contribuindo para a queda da m\u00e9dia m\u00f3vel de mortes e os alertas para o cen\u00e1rio futuro:<\/p>\n\n\n\n<p><strong>Momento atual da pandemia e a queda da m\u00e9dia m\u00f3vel:<\/strong><\/p>\n\n\n\n<ol class=\"wp-block-list\"><li><strong>Brasil tem queda de mortes na faixa et\u00e1ria acima de 60 anos associada \u00e0 vacina\u00e7\u00e3o;<\/strong><\/li><li><strong>Avan\u00e7o da campanha de vacina\u00e7\u00e3o<\/strong>, grande n\u00famero de infectados e medidas restritivas;<\/li><li>Aumento da aplica\u00e7\u00e3o de vacinas que oferecem&nbsp;<strong>prote\u00e7\u00e3o parcial<\/strong>&nbsp;mesmo com uma dose (Pfizer e AstraZeneca);<\/li><li>Tend\u00eancia de&nbsp;<strong>melhora nas taxas de ocupa\u00e7\u00e3o de leitos de UTI<\/strong>, segundo a Fiocruz;<\/li><li>Recente&nbsp;<strong>queda na taxa de transmiss\u00e3o&nbsp;<\/strong>no Brasil para abaixo de 1.<\/li><\/ol>\n\n\n\n<p><strong>Pontos de alerta<\/strong><\/p>\n\n\n\n<ul class=\"wp-block-list\"><li>Queda n\u00e3o significa que a&nbsp;<strong>pandemia est\u00e1 sob controle no Brasil;<\/strong><\/li><li>Redu\u00e7\u00e3o pode ter rela\u00e7\u00e3o com&nbsp;<strong>medidas de restri\u00e7\u00e3o adotadas h\u00e1 um m\u00eas<\/strong>;<\/li><li><strong>Dados n\u00e3o apontam uma queda geral das mortes&nbsp;<\/strong>para todas as faixas et\u00e1rias;<\/li><li><strong>Brasil segue com alto plat\u00f4 de transmiss\u00e3o, acima do observado em 2020<\/strong>, segundo a Fiocruz;<\/li><li>Transmiss\u00e3o elevada gera&nbsp;<strong>casos mais graves entre os n\u00e3o vacinados;<\/strong><\/li><li>Especialistas ainda demonstram&nbsp;<strong>preocupa\u00e7\u00e3o com a poss\u00edvel chegada da variante delta<\/strong>&nbsp;ao pa\u00eds; considerada mais transmiss\u00edvel e respons\u00e1vel por surto de casos mesmo em pa\u00edses com vacina\u00e7\u00e3o avan\u00e7ada.<\/li><\/ul>\n\n\n\n<p>Veja abaixo a an\u00e1lise de cada um dos pontos:<\/p>\n\n\n\n<h2 class=\"wp-block-heading\">1 &#8211; Queda das mortes no grupo acima de 60 anos<\/h2>\n\n\n\n<p>O avan\u00e7o da vacina\u00e7\u00e3o entre as pessoas acima de 60 anos \u00e9 apontado pelos pesquisadores e especialistas como um dos principais motivos da queda das mortes por Covid no Brasil. No gr\u00e1fico abaixo, \u00e9 poss\u00edvel ver que as mortes de pessoas acima de 80 anos come\u00e7aram a cair ainda em mar\u00e7o e, em abril, a queda passa a ser vista nos grupos de 60 a 69 anos e de 70 a 79 anos<\/p>\n\n\n\n<p>Os dados s\u00e3o corroborados por um\u00a0estudo da Universidade Federal de Pelotas (UFPel), no Sul do Rio Grande do Sul, e da Universidade Harvard, dos Estados Unidos, que concluiu que a vacina\u00e7\u00e3o no Brasil evitou a morte de 43.082 pessoas com mais de 70 anos por Covid-19.<\/p>\n\n\n\n<figure class=\"wp-block-image\"><img decoding=\"async\" src=\"https:\/\/s01.video.glbimg.com\/x240\/9616816.jpg\" alt=\"Vacinas contra a Covid salvaram a vida de 43 mil idosos com mais de 70 anos no Brasil, diz estudo\" title=\"Vacinas contra a Covid salvaram a vida de 43 mil idosos com mais de 70 anos no Brasil, diz estudo\"\/><\/figure>\n\n\n\n<p>Vacinas contra a Covid salvaram a vida de 43 mil idosos com mais de 70 anos no Brasil, diz estudo<\/p>\n\n\n\n<p>A pesquisadora Marcia Castro, professora de Demografia na Faculdade de Sa\u00fade P\u00fablica da Universidade Harvard e pesquisadora do Observat\u00f3rio Covid-19, uma das respons\u00e1veis pelo estudo, afirma que &#8220;n\u00e3o h\u00e1 outra explica\u00e7\u00e3o para a queda [de mortes] na faixa et\u00e1ria acima de 70 a n\u00e3o ser a vacina&#8221;.<\/p>\n\n\n\n<blockquote class=\"wp-block-quote is-layout-flow wp-block-quote-is-layout-flow\"><p>&#8220;Se voc\u00ea olha ao longo do tempo, o patamar n\u00e3o se alterava desde o ano passado, s\u00f3 come\u00e7a a cair com a vacina. E as mortes na faixa de 80 ou mais caem antes das de 70, o que faz sentido por conta das prioridades de vacina\u00e7\u00e3o&#8221; &#8211; M\u00e1rcia Castro, pesquisadora de Harvard<\/p><\/blockquote>\n\n\n\n<p>A pesquisa analisou a curva de mortes pela doen\u00e7a de janeiro a maio. Os resultados mostram que a propor\u00e7\u00e3o de idosos entre o total de \u00f3bitos por coronav\u00edrus caiu de quase 28%, em janeiro, para 12% (entre quem tem mais de 80 anos) e 16% (entre quem tem de 70 a 79 anos) em maio. As mortes por outras causas permaneceram est\u00e1veis no per\u00edodo.<\/p>\n\n\n\n<p>&#8220;Importante destacar que a grande maioria desse p\u00fablico que registrou queda foi vacinada com CoronaVac, uma parcela menor de AstraZeneca e quase nenhum de Pfizer. Ent\u00e3o, essa queda nas mortes foi provocada majoritariamente pela CoronaVac&#8221;, diz M\u00e1rcia.<\/p>\n\n\n\n<p>A CoronaVac respondia por 65,4% das doses aplicadas nas quatro primeiras semanas do estudo, enquanto a AstraZeneca, por 29,8%. A pesquisa analisou um per\u00edodo de 19 semanas. Nas \u00faltimas quatro semanas, a vacina do Butantan era respons\u00e1vel por 36,5% e a da Fiocruz por 53,3% do total. A Pfizer respondeu pelas doses restantes no fim do per\u00edodo.<\/p>\n\n\n\n<h2 class=\"wp-block-heading\">2 &#8211; Vacina\u00e7\u00e3o, infectados e medidas restritivas<\/h2>\n\n\n\n<p>Al\u00e9m da vacina\u00e7\u00e3o ter avan\u00e7ado no Brasil entre os grupos priorit\u00e1rios (idosos e pessoas com comorbidades), outros p\u00fablicos come\u00e7aram a ter acesso a vacina\u00e7\u00e3o. At\u00e9 o fim de junho,&nbsp;<strong>12,41% dos brasileiros j\u00e1 estavam completamente imunizados<\/strong>&nbsp;com duas doses de vacinas ou com uma da Janssen, que \u00e9 de aplica\u00e7\u00e3o \u00fanica. H\u00e1 73.569.254 pessoas imunizadas parcialmente, o que corresponde a&nbsp;<strong>34,74% da popula\u00e7\u00e3o que recebeu s\u00f3 a primeira dose<\/strong>. O Brasil terminou o semestre com 99,8 milh\u00f5es de doses aplicadas.<\/p>\n\n\n\n<p>Sem falar em imunidade coletiva, a infectologista Helena Br\u00edgido, vice-presidente da Sociedade Paraense de infectologia e Mestre em Medicina Tropical, acredita que j\u00e1 pode haver reflexo da diminui\u00e7\u00e3o da transmissibilidade pelo bloqueio vacinal no Brasil.<\/p>\n\n\n\n<p>&#8220;As pessoas idosas, profissionais da sa\u00fade, com comorbidades e etc est\u00e3o pulverizadas entre jovens e crian\u00e7as n\u00e3o vacinadas. N\u00e3o \u00e9 o ideal para prote\u00e7\u00e3o, mas de alguma forma, a situa\u00e7\u00e3o est\u00e1 favorecendo, n\u00e3o sendo somente essa raz\u00e3o&#8221;, explica a infectologista Helena Br\u00edgido.<\/p>\n\n\n\n<blockquote class=\"wp-block-quote is-layout-flow wp-block-quote-is-layout-flow\"><p>&#8220;A diminui\u00e7\u00e3o do n\u00famero de \u00f3bitos de Covid no Brasil est\u00e1 tamb\u00e9m associada ao grande n\u00famero de pessoas infectadas, assintom\u00e1ticas ou n\u00e3o, que t\u00eam, n\u00e3o sabemos por quanto tempo, uma imunidade p\u00f3s-ciclo viral no organismo, apesar de n\u00e3o ser o desejado pela possibilidade de gravidade. Outro item que colabora s\u00e3o as a\u00e7\u00f5es restritivas em alguns estados, mesmo muitos n\u00e3o seguindo \u00e0 risca.&nbsp;Por\u00e9m, sem d\u00favidas que a vacina\u00e7\u00e3o \u00e9 o grande destaque, pois pessoas vacinadas ficam protegidas de casos graves e \u00f3bitos.&#8221; &#8211; Helena Br\u00edgido<\/p><\/blockquote>\n\n\n\n<p>O epidemiologista Bernardo Horta, pesquisador da Universidade Federal de Pelotas (UFPel), tem opini\u00e3o semelhante \u00e0 de Helena e aponta que, na redu\u00e7\u00e3o das mortes, al\u00e9m da expans\u00e3o da vacina\u00e7\u00e3o, &#8220;tamb\u00e9m contaram o distanciamento social e as medidas de prote\u00e7\u00e3o da popula\u00e7\u00e3o&#8221;.<\/p>\n\n\n\n<p><strong>Redu\u00e7\u00e3o de mortes em outros pa\u00edses<\/strong><\/p>\n\n\n\n<p>Nos&nbsp;<strong>Estados Unidos<\/strong>, o in\u00edcio da tend\u00eancia de queda ocorreu em 1\u00ba de fevereiro, quando o pa\u00eds j\u00e1 estava havia sete dias com a m\u00e9dia m\u00f3vel com vi\u00e9s de baixa. Naquela \u00e9poca, j\u00e1 sob a gest\u00e3o de&nbsp;<a href=\"https:\/\/g1.globo.com\/tudo-sobre\/joe-biden\/\">Joe Biden<\/a>, os EUA tinham 7,78% das pessoas vacinadas com uma dose e 1,77% com a segunda.<\/p>\n\n\n\n<p>Em 27 de abril,\u00a0Biden decidiu liberar o uso de m\u00e1scaras em algumas circunst\u00e2ncias, quando tinham uma taxa de transmiss\u00e3o (Rt) de 0,84 e 47,38% da popula\u00e7\u00e3o tinha recebido ao menos uma dose.<\/p>\n\n\n\n<p>No&nbsp;<strong>Uruguai,<\/strong>&nbsp;o in\u00edcio da tend\u00eancia de queda aparece em 16 junho, tendo 61,61% da popula\u00e7\u00e3o com 1\u00aa dose e 37,22% totalmente vacinada. Em&nbsp;<strong>Israel<\/strong>, a queda come\u00e7a em 30 de janeiro, com 35% da popula\u00e7\u00e3o com uma dose e 20,68% j\u00e1 totalmente vacinada.<\/p>\n\n\n\n<p>No&nbsp;<strong>Reino Unido,<\/strong>&nbsp;a queda come\u00e7a em 8 de fevereiro, com 18,63% da popula\u00e7\u00e3o vacinada com uma dose e 0,76% totalmente vacinada. Em 10 de maio, a Inglaterra liberou o abra\u00e7o entre familiares e amigos, quando 52,42% das pessoas j\u00e1 tinham recebido ao menos uma dose.<\/p>\n\n\n\n<h2 class=\"wp-block-heading\">3 &#8211; Uso de vacinas com prote\u00e7\u00e3o parcial com 1\u00aa dose<\/h2>\n\n\n\n<p>O papel da primeira dose de vacinas como a da Pfizer (75% de efic\u00e1cia com uma dose) e da AstraZeneca (76% de efic\u00e1cia com a primeira dose) n\u00e3o foi ainda alvo de estudos de efetividade (an\u00e1lise na popula\u00e7\u00e3o real e n\u00e3o em estudos), entretanto ambas as farmac\u00eauticas disseram nos estudos que elas oferecem prote\u00e7\u00e3o parcial. No caso da Pfizer, o\u00a0Minist\u00e9rio da Sa\u00fade inclusive seguiu a estrat\u00e9gia do Reino Unido e ampliou o intervalo entre doses para poder vacinar mais pessoas em menos tempo diante da escassez de vacinas.<\/p>\n\n\n\n<p>O Brasil terminou o primeiro semestre de 2021 com a seguinte distribui\u00e7\u00e3o das vacinas aplicadas por fabricantes:<\/p>\n\n\n\n<ul class=\"wp-block-list\"><li><strong>CoronaVac<\/strong>&nbsp;&#8211; 45% (43,2 milh\u00f5es de doses)<\/li><li><strong>AstraZeneca&nbsp;<\/strong>&#8211; 46,1% (43,7 milh\u00f5es de doses)<\/li><li><strong>Pfizer<\/strong>&nbsp;&#8211; 7,7% &#8211; (7,8 milh\u00f5es de doses)<\/li><li><strong>Janssen&nbsp;<\/strong>&#8211; 0,7% &#8211; (636 mil doses)<\/li><\/ul>\n\n\n\n<p>&#8220;O grau de prote\u00e7\u00e3o varia entre as vacinas. Por isso, \u00e9 complicado (avaliar o impacto da prote\u00e7\u00e3o parcial da 1\u00aa dose), depende da vacina, da idade, mas a primeira dose, aparentemente, tem um efeito, que \u00e9 menor, mas tem&#8221;, explica Bernardo Horta, epidemiologista da UFPel.<\/p>\n\n\n\n<blockquote class=\"wp-block-quote is-layout-flow wp-block-quote-is-layout-flow\"><p>Helena Br\u00edgido, ressalta, ainda, que n\u00e3o \u00e9 poss\u00edvel ignorar a necessidade das segundas doses. &#8220;As vacinas t\u00eam o poder de j\u00e1 produzir anticorpos na primeira aplica\u00e7\u00e3o do produto. Este ativa o sistema imunol\u00f3gico, que reconhece a subst\u00e2ncia como invasora, por\u00e9m, a maioria das vacinas precisa de segunda dose&#8221;, diz a infectologista.<\/p><\/blockquote>\n\n\n\n<p>O coordenador do Comit\u00ea de Infectologia Pedi\u00e1trica da Sociedade Brasileira de Infectologia, Marcelo Otsuka, faz ressalvas, mas concorda com esse poss\u00edvel impacto. &#8220;Vacinas com alta efic\u00e1cia contra casos sintom\u00e1ticos t\u00eam mais chances de inibir a replica\u00e7\u00e3o viral j\u00e1 com uma dose. (&#8230;) Mas a prote\u00e7\u00e3o contra casos graves vem com a segunda dose&#8221;, diz Otsuka.<\/p>\n\n\n\n<blockquote class=\"wp-block-quote is-layout-flow wp-block-quote-is-layout-flow\"><p>&#8220;N\u00e3o d\u00e1 para confiar em uma dose s\u00f3, n\u00e3o importa o imunizante: se \u00e9 dose dupla, todos t\u00eam que tomar as duas doses. Muitos pensam que segunda dose \u00e9 um mero &#8220;refor\u00e7o&#8221; opcional, o que \u00e9 um erro&#8221;, explica Otsuka.<\/p><\/blockquote>\n\n\n\n<h2 class=\"wp-block-heading\">4 &#8211; Melhora nas taxas de ocupa\u00e7\u00e3o de leitos de UTI<\/h2>\n\n\n\n<p>A Funda\u00e7\u00e3o Oswaldo Cruz (Fiocruz) destacou no Boletim Observat\u00f3rio Covid-19, divulgado na quarta-feira (30), que h\u00e1 tend\u00eancia de melhora nas taxas de ocupa\u00e7\u00e3o de leitos de UTI para adultos no Sistema \u00danico de Sa\u00fade (SUS). Ap\u00f3s o colapso em mar\u00e7o, a melhora nos indicadores favorece cuidados mais efetivos e ajuda a reduzir tamb\u00e9m as mortes. Atualmente, apenas 3 estados t\u00eam taxa de ocupa\u00e7\u00e3o acima de 90%.<\/p>\n\n\n\n<p>Os pesquisadores afirmam que esse dado pode ser reflexo da nova fase da pandemia, que &#8220;pode ser explicada pela campanha de vacina\u00e7\u00e3o, que priorizou os grupos de maior risco ou de maior exposi\u00e7\u00e3o, como idosos, portadores de doen\u00e7as cr\u00f4nicas e profissionais da sa\u00fade e de diversas outras profiss\u00f5es&#8221;.<\/p>\n\n\n\n<p>Melhora nas taxas de ocupa\u00e7\u00e3o de leitos de UTI em junho de 2021 \u2014 Foto: Fiocruz<\/p>\n\n\n\n<h2 class=\"wp-block-heading\">5 &#8211; Redu\u00e7\u00e3o da taxa de transmiss\u00e3o<\/h2>\n\n\n\n<p>Outro dado associado ao atual momento de queda nos indicadores da pandemia no Brasil \u00e9 a taxa de transmiss\u00e3o (Rt) do coronav\u00edrus. O monitoramento do Imperial College de Londres est\u00e1 em queda e atualmento o Rt \u00e9 de 0,98. Um Rt de 0,98 significa que cada 100 pessoas com o v\u00edrus no pa\u00eds infectam outras 98. Na semana passada, o Rt do Brasil estava em 1,13.<\/p>\n\n\n\n<p>Um dado paralelo, que n\u00e3o pode ser considerado oficial, mas que d\u00e1 dimens\u00e3o dessa queda foi divulgado nesta quinta-feira (1\u00ba) pela Associa\u00e7\u00e3o Brasileira de Redes de Farm\u00e1cias e Drogarias (Abrafarma).<\/p>\n\n\n\n<p>Segundo os dados da associa\u00e7\u00e3o, o per\u00edodo de 14 a 20 de junho contabilizou 274.711 testagens, \u00edndice 18% abaixo da semana anterior e 28% menor em rela\u00e7\u00e3o ao intervalo de 24 a 30 de maio \u2013 com mais de 373 mil atendimentos.<\/p>\n\n\n\n<p>Do volume total da \u00faltima semana, 60.174 testes confirmaram o diagn\u00f3stico da Covid-19, o que representou uma redu\u00e7\u00e3o de 31% em compara\u00e7\u00e3o com a semana recorde de maio. \u201cE pela primeira vez ap\u00f3s quatro meses, o percentual caiu para 22%. At\u00e9 ent\u00e3o, oscilava entre 23% e 25%. Embora ainda n\u00e3o esteja no ritmo ideal, o processo de vacina\u00e7\u00e3o vem acelerando e pode ajudar a explicar esses indicadores\u201d, comenta S\u00e9rgio Mena Barreto, CEO da Abrafarma.<\/p>\n\n\n\n<h2 class=\"wp-block-heading\">Aten\u00e7\u00e3o: os pontos de alerta<\/h2>\n\n\n\n<p>Apesar dos indicadores acima, os especialistas s\u00e3o un\u00e2nimes em afirmar que a queda das mortes n\u00e3o significa que a pandemia est\u00e1 sob controle no Brasil e que o coronav\u00edrus tem apresentado ciclos distintos.<\/p>\n\n\n\n<blockquote class=\"wp-block-quote is-layout-flow wp-block-quote-is-layout-flow\"><p>&#8220;(A manuten\u00e7\u00e3o da queda) depende do comportamento das pessoas. At\u00e9 mesmo pa\u00edses com quase 50% de vacinados podem passar por subida no n\u00famero de casos: basta os outros 50% se colocarem em situa\u00e7\u00e3o de risco de infec\u00e7\u00e3o. E com variantes mais transmiss\u00edveis, o esfor\u00e7o vacinal ter\u00e1 que se elevar de forma proporcional&#8221;, alerta o virologista Anderson Brito, pesquisador de p\u00f3s-doutorado na Escola de Sa\u00fade P\u00fablica da Universidade de Yale, nos Estados Unidos.<\/p><\/blockquote>\n\n\n\n<p>Al\u00e9m do impacto da vacina\u00e7\u00e3o, a redu\u00e7\u00e3o da curva pode ter rela\u00e7\u00e3o com medidas de restri\u00e7\u00e3o adotadas h\u00e1 um m\u00eas e que precisam ser mantidas, sobretudo porque os dados n\u00e3o apontam uma queda geral das mortes para todas as faixas et\u00e1rias.<\/p>\n\n\n\n<blockquote class=\"wp-block-quote is-layout-flow wp-block-quote-is-layout-flow\"><p>&#8220;Pode ser que aumente o n\u00famero de \u00f3bitos de novo, sim, mesmo com a vacina\u00e7\u00e3o. As mortes que vemos hoje s\u00e3o reflexo de medidas tomadas um m\u00eas atr\u00e1s. V\u00e1rios lugares tomaram medidas de isolamento e distanciamento&#8221;, afirma o infectologista Marcelo Otsuka.<\/p><\/blockquote>\n\n\n\n<p>Especialistas ouvidos pelo&nbsp;<strong>G1<\/strong>&nbsp;tamb\u00e9m demonstram preocupa\u00e7\u00e3o com a poss\u00edvel chegada da variante delta ao pa\u00eds, considerada mais transmiss\u00edvel e respons\u00e1vel por surto de casos mesmo em pa\u00edses com vacina\u00e7\u00e3o avan\u00e7ada.<\/p>\n\n\n\n<p>&#8220;Depende, por exemplo, da variante delta. Se entrar forte no pa\u00eds, pode ter novo aumento. Agora, se o cen\u00e1rio n\u00e3o mudar, vacina\u00e7\u00e3o avan\u00e7ando e sem novas variantes, a\u00ed sim, manteremos esse padr\u00e3o de queda&#8221;, afirma Julio Croda.<\/p>\n","protected":false},"excerpt":{"rendered":"<p>Dados mostram efetividade da vacina em grupos que j\u00e1 est\u00e3o totalmente imunizados. Apesar disso, especialistas alertam que pandemia n\u00e3o est\u00e1 controlada e que a variante delta ainda \u00e9 um risco. Por La\u00eds Modelli, Felipe Grandin e Carolina Dantas, G1 M\u00e9dia m\u00f3vel de mortes no Brasil \u2014 Foto: Elcio A\u00a0m\u00e9dia m\u00f3vel\u00a0de mortes por\u00a0Covid-19\u00a0no Brasil est\u00e1 em queda desde o dia 20 [&hellip;]<\/p>\n","protected":false},"author":1,"featured_media":3532,"comment_status":"closed","ping_status":"","sticky":false,"template":"","format":"standard","meta":{"footnotes":""},"categories":[3],"tags":[],"class_list":["post-3531","post","type-post","status-publish","format-standard","has-post-thumbnail","hentry","category-noticias"],"_links":{"self":[{"href":"https:\/\/portalpraties.com.br\/site\/wp-json\/wp\/v2\/posts\/3531","targetHints":{"allow":["GET"]}}],"collection":[{"href":"https:\/\/portalpraties.com.br\/site\/wp-json\/wp\/v2\/posts"}],"about":[{"href":"https:\/\/portalpraties.com.br\/site\/wp-json\/wp\/v2\/types\/post"}],"author":[{"embeddable":true,"href":"https:\/\/portalpraties.com.br\/site\/wp-json\/wp\/v2\/users\/1"}],"replies":[{"embeddable":true,"href":"https:\/\/portalpraties.com.br\/site\/wp-json\/wp\/v2\/comments?post=3531"}],"version-history":[{"count":1,"href":"https:\/\/portalpraties.com.br\/site\/wp-json\/wp\/v2\/posts\/3531\/revisions"}],"predecessor-version":[{"id":3533,"href":"https:\/\/portalpraties.com.br\/site\/wp-json\/wp\/v2\/posts\/3531\/revisions\/3533"}],"wp:featuredmedia":[{"embeddable":true,"href":"https:\/\/portalpraties.com.br\/site\/wp-json\/wp\/v2\/media\/3532"}],"wp:attachment":[{"href":"https:\/\/portalpraties.com.br\/site\/wp-json\/wp\/v2\/media?parent=3531"}],"wp:term":[{"taxonomy":"category","embeddable":true,"href":"https:\/\/portalpraties.com.br\/site\/wp-json\/wp\/v2\/categories?post=3531"},{"taxonomy":"post_tag","embeddable":true,"href":"https:\/\/portalpraties.com.br\/site\/wp-json\/wp\/v2\/tags?post=3531"}],"curies":[{"name":"wp","href":"https:\/\/api.w.org\/{rel}","templated":true}]}}