{"id":3546,"date":"2021-07-03T23:30:42","date_gmt":"2021-07-03T23:30:42","guid":{"rendered":"http:\/\/portalpraties.com.br\/site\/?p=3546"},"modified":"2021-07-03T23:30:42","modified_gmt":"2021-07-03T23:30:42","slug":"2-de-julho-dia-do-bombeiro-brasileiro","status":"publish","type":"post","link":"https:\/\/portalpraties.com.br\/site\/2021\/07\/03\/2-de-julho-dia-do-bombeiro-brasileiro\/","title":{"rendered":"2 de Julho \u2013 \u201cDia do Bombeiro Brasileiro\u201d"},"content":{"rendered":"\n<p>Fonte: https:\/\/www.bombeiros.ce.gov.br\/<\/p>\n\n\n\n<p><strong>Um breve hist\u00f3rico<\/strong><\/p>\n\n\n\n<p>O Dia do Bombeiro, uma corpora\u00e7\u00e3o militar de Defesa Civil, \u00e9 comemorado no dia 2 de julho. Oficialmente, a data foi institu\u00edda por meio do Decreto-lei 35.309, de 1954. A partir desta mesma lei, tamb\u00e9m foi definida a realiza\u00e7\u00e3o da Semana de Preven\u00e7\u00e3o Contra Inc\u00eandios.<\/p>\n\n\n\n<p>Os primeiros registros dos servi\u00e7os do Corpo de Bombeiro no Brasil surgiram no ano de 1856, quando o imperador D. Pedro II assinou um decreto para diminui\u00e7\u00e3o dos inc\u00eandios, e com a cria\u00e7\u00e3o do Corpo Provis\u00f3rio de Bombeiros da Corte, inaugurado em 2 de julho do mesmo ano, no Rio de Janeiro, comandado pelo do major Jo\u00e3o Batista de Morais Antas.<\/p>\n\n\n\n<div class=\"wp-block-image\"><figure class=\"aligncenter\"><img decoding=\"async\" src=\"https:\/\/www.bombeiros.ce.gov.br\/wp-content\/uploads\/sites\/27\/2020\/07\/b2353302-163c-4741-9ee4-9fda14e71036-600x601.jpg\" alt=\"\" class=\"wp-image-74556\"\/><\/figure><\/div>\n\n\n\n<p><strong>DIa<\/strong><strong>&nbsp;2 de Julho \u2013 Dia Nacional dos Bombeiros, o parab\u00e9ns do Comandante Holanda<\/strong><audio><\/audio><\/p>\n\n\n\n<p>\u00c1udio do Coronel Comandante-Geral do Corpo de Bombeiros Militar do Estado do Cear\u00e1 (CBMCE), Lu\u00eds Eduardo Soares de Holanda.<\/p>\n\n\n\n<p><strong>O Corpo de Bombeiros do Cear\u00e1<\/strong><\/p>\n\n\n\n<p>O&nbsp;Corpo de Bombeiros do Cear\u00e1&nbsp;foi oficialmente criado em 8 de agosto de 1925,&nbsp;sob a denomina\u00e7\u00e3o de Pelot\u00e3o de Bombeiros, subordinado ao Regimento Policial do Cear\u00e1 (atual PMCE).&nbsp;Passou a denominar-se Corpo de Bombeiros do Cear\u00e1 em agosto de 1936,&nbsp;subordinado \u00e0 ent\u00e3o Chefatura de Pol\u00edcia&nbsp;e Seguran\u00e7a P\u00fablica, com o efetivo de setenta e seis bombeiros.<\/p>\n\n\n\n<p>Em 1990&nbsp;adquiriu autonomia da Pol\u00edcia Militar, passando a dispor de estrutura administrativa e financeira pr\u00f3pria.<\/p>\n\n\n\n<p><strong>Atribui\u00e7\u00f5es constitucionais do Corpo de Bombeiros do Cear\u00e1<\/strong><\/p>\n\n\n\n<p>a Corpora\u00e7\u00e3o atua constitucionalmente, conforme artigo 190 da Constitui\u00e7\u00e3o do Estado do Cear\u00e1:<\/p>\n\n\n\n<p>Art. 190. Incumbe ao Corpo de Bombeiros, no \u00e2mbito estadual, a coordena\u00e7\u00e3o da defesa civil e o cumprimento entre outras das atividades seguintes: I \u2013 preven\u00e7\u00e3o e combate a inc\u00eandio; II \u2013 prote\u00e7\u00e3o, busca e salvamento; III \u2013 socorro m\u00e9dico de emerg\u00eancia pr\u00e9-hospitalar; IV \u2013 prote\u00e7\u00e3o e salvamento aqu\u00e1ticos; V \u2013 pesquisas cient\u00edficas em seu campo de atua\u00e7\u00e3o funcional; VI \u2013 controle da observ\u00e2ncia dos requisitos t\u00e9cnicos contra inc\u00eandios de projetos de edifica\u00e7\u00f5es, antes de sua libera\u00e7\u00e3o ao uso; e *VII \u2013 atividades educativas de preven\u00e7\u00e3o de inc\u00eandio, p\u00e2nico coletivo, prote\u00e7\u00e3o ao meio ambiente e atividades socioculturais.<\/p>\n\n\n\n<p><strong>Decreto-lei 35.309, de 2 de abril de 1954<\/strong><\/p>\n\n\n\n<p>Institui o \u201cDia do Bombeiro Brasileiro\u201d e a \u201cSemana de Preven\u00e7\u00e3o Contra Inc\u00eandio\u201d.<\/p>\n\n\n\n<p>O PRESIDENTE DA REP\u00daBLICA, usando da atribui\u00e7\u00e3o que lhe confere o artigo 87, item I, da Constitui\u00e7\u00e3o Federal,<\/p>\n\n\n\n<p>CONSIDERANDO que o Corpo de Bombeiros do Distrito Federal j\u00e1 se tornou credor da estima p\u00fablica pelos reais servi\u00e7os que vem prestando ao Pa\u00eds;<\/p>\n\n\n\n<p>CONSIDERANDO que o bombeiro brasileiro sempre recebeu demonstra\u00e7\u00f5es, as mais carinhosas, do povo pelas constantes provas de valor e bravura;<\/p>\n\n\n\n<p>CONSIDERANDO que o dia 2 de julho de 1856 foi assinado o primeiro decreto regulamentando, no Brasil, o servi\u00e7o de extin\u00e7\u00e3o de inc\u00eandios;<\/p>\n\n\n\n<p>CONSIDERANDO a necessidade de ser ensinada ao povo, pelos nossos bombeiros, a pr\u00e1tica de medidas preventivas capazes de evitar a ocorr\u00eancia de sinistros de propor\u00e7\u00f5es catastr\u00f3ficas,<\/p>\n\n\n\n<p>DECRETA:<\/p>\n\n\n\n<p>Art. 1\u00ba Ficam institu\u00eddos, para serem comemorados anualmente, no dia 2 de julho e na semana em que \u00easte dia estiver compreendido, respectivamente, o \u201cDia do Bombeiro\u201d e a \u201cSemana de Preven\u00e7\u00e3o Contra Inc\u00eandios\u201d.<\/p>\n\n\n\n<p>Art. 2\u00ba \u00caste decreto entrar\u00e1 em vigor na data de sua publica\u00e7\u00e3o.<\/p>\n\n\n\n<p>Rio de Janeiro, em 2 de abril de 1954; 133\u00ba da Independ\u00eancia e 66\u00ba da Rep\u00fablica.<\/p>\n","protected":false},"excerpt":{"rendered":"<p>Fonte: https:\/\/www.bombeiros.ce.gov.br\/ Um breve hist\u00f3rico O Dia do Bombeiro, uma corpora\u00e7\u00e3o militar de Defesa Civil, \u00e9 comemorado no dia 2 de julho. Oficialmente, a data foi institu\u00edda por meio do Decreto-lei 35.309, de 1954. A partir desta mesma lei, tamb\u00e9m foi definida a realiza\u00e7\u00e3o da Semana de Preven\u00e7\u00e3o Contra Inc\u00eandios. Os primeiros registros dos servi\u00e7os do Corpo de Bombeiro no [&hellip;]<\/p>\n","protected":false},"author":1,"featured_media":3547,"comment_status":"closed","ping_status":"","sticky":false,"template":"","format":"standard","meta":{"footnotes":""},"categories":[3],"tags":[],"class_list":["post-3546","post","type-post","status-publish","format-standard","has-post-thumbnail","hentry","category-noticias"],"_links":{"self":[{"href":"https:\/\/portalpraties.com.br\/site\/wp-json\/wp\/v2\/posts\/3546","targetHints":{"allow":["GET"]}}],"collection":[{"href":"https:\/\/portalpraties.com.br\/site\/wp-json\/wp\/v2\/posts"}],"about":[{"href":"https:\/\/portalpraties.com.br\/site\/wp-json\/wp\/v2\/types\/post"}],"author":[{"embeddable":true,"href":"https:\/\/portalpraties.com.br\/site\/wp-json\/wp\/v2\/users\/1"}],"replies":[{"embeddable":true,"href":"https:\/\/portalpraties.com.br\/site\/wp-json\/wp\/v2\/comments?post=3546"}],"version-history":[{"count":1,"href":"https:\/\/portalpraties.com.br\/site\/wp-json\/wp\/v2\/posts\/3546\/revisions"}],"predecessor-version":[{"id":3548,"href":"https:\/\/portalpraties.com.br\/site\/wp-json\/wp\/v2\/posts\/3546\/revisions\/3548"}],"wp:featuredmedia":[{"embeddable":true,"href":"https:\/\/portalpraties.com.br\/site\/wp-json\/wp\/v2\/media\/3547"}],"wp:attachment":[{"href":"https:\/\/portalpraties.com.br\/site\/wp-json\/wp\/v2\/media?parent=3546"}],"wp:term":[{"taxonomy":"category","embeddable":true,"href":"https:\/\/portalpraties.com.br\/site\/wp-json\/wp\/v2\/categories?post=3546"},{"taxonomy":"post_tag","embeddable":true,"href":"https:\/\/portalpraties.com.br\/site\/wp-json\/wp\/v2\/tags?post=3546"}],"curies":[{"name":"wp","href":"https:\/\/api.w.org\/{rel}","templated":true}]}}