{"id":3655,"date":"2021-07-10T15:57:19","date_gmt":"2021-07-10T15:57:19","guid":{"rendered":"http:\/\/portalpraties.com.br\/site\/?p=3655"},"modified":"2021-07-10T15:57:19","modified_gmt":"2021-07-10T15:57:19","slug":"final-da-copa-america-opoe-brasil-e-argentina-em-jogo-com-publico-no-maracana","status":"publish","type":"post","link":"https:\/\/portalpraties.com.br\/site\/2021\/07\/10\/final-da-copa-america-opoe-brasil-e-argentina-em-jogo-com-publico-no-maracana\/","title":{"rendered":"Final da Copa Am\u00e9rica op\u00f5e Brasil e Argentina em jogo com p\u00fablico no Maracan\u00e3"},"content":{"rendered":"\n<p>Fonte: cnnbrasil.com.br<\/p>\n\n\n\n<p>Competi\u00e7\u00e3o realizada sob a sombra da Covid-19 termina com brasileiros em busca do bicampeonato e argentinos, liderados por Messi, tentando encerrar jejum<\/p>\n\n\n\n<p>Cercada de controv\u00e9rsias desde o primeiro momento, a&nbsp;<strong><a href=\"https:\/\/www.cnnbrasil.com.br\/tudo-sobre\/copa-america\">Copa Am\u00e9rica<\/a><\/strong>&nbsp;chega ao fim neste s\u00e1bado (9) com a&nbsp;<a href=\"https:\/\/www.cnnbrasil.com.br\/tudo-sobre\/selecao-brasileira-de-futebol\"><strong>Sele\u00e7\u00e3o Brasileira<\/strong><\/a>&nbsp;na grande final contra a Argentina no Maracan\u00e3, \u00e0s 21h. Colocada em d\u00favida em raz\u00e3o da pandemia da Covid-19, a competi\u00e7\u00e3o ter\u00e1 a sua decis\u00e3o com&nbsp;<a href=\"https:\/\/www.cnnbrasil.com.br\/esporte\/2021\/07\/09\/rio-libera-10-da-capacidade-de-publico-do-maracana-para-final-da-copa-america\">p\u00fablico correspondente a 10% da capacidade do est\u00e1dio no Rio de Janeiro<\/a>, ap\u00f3s autoriza\u00e7\u00e3o da Prefeitura.<\/p>\n\n\n\n<p>N\u00e3o haver\u00e1 venda de ingresso. A capacidade total do Maracan\u00e3, segundo a administra\u00e7\u00e3o de est\u00e1dio, \u00e9 de 72.285 pessoas. Com isso, a Conmebol poder\u00e1 convidar at\u00e9 7.228 torcedores para assistir ao confronto entre os comandados do&nbsp;<a href=\"https:\/\/www.cnnbrasil.com.br\/tudo-sobre\/tite-tecnico\"><strong>t\u00e9cnico Tite<\/strong><\/a>, em busca do bicampeonato, e a equipe estrelada por&nbsp;<a href=\"https:\/\/www.cnnbrasil.com.br\/tudo-sobre\/lionel-messi\"><strong>Lionel Messi<\/strong><\/a>, que quer quebrar o estigma de nunca ter levantado uma ta\u00e7a com a sele\u00e7\u00e3o adulta.PUBLICIDADE<\/p>\n\n\n\n<p>De acordo com a entidade, ser\u00e3o disponibilizadas 2.200 entradas para cada uma das federa\u00e7\u00f5es. A capital fluminense exigir\u00e1 a apresenta\u00e7\u00e3o de testes para Covid-19 realizados at\u00e9 48 horas antes da partida, de ant\u00edgeno ou RT-PCR.<\/p>\n\n\n\n<p>Se dependesse da Conmebol, o p\u00fablico presente seria consideravelmente maior. Segundo o prefeito do Rio de Janeiro Eduardo Paes (PSD), o primeiro pedido da confedera\u00e7\u00e3o era de permitir a ocupa\u00e7\u00e3o de at\u00e9 50% do p\u00fablico. Paes afirma que a solicita\u00e7\u00e3o inicial foi recusada, mas que o pleito de 10% recebeu o sinal verde dos t\u00e9cnicos da Secretaria Municipal da Sa\u00fade.<\/p>\n\n\n\n<h2 class=\"wp-block-heading\">Conmebol x Covid-19<\/h2>\n\n\n\n<p>Inicialmente, a Copa Am\u00e9rica n\u00e3o seria disputada no Brasil, n\u00e3o aconteceria neste ano e teria mais equipes em campo. Pelo desenho inicial, a edi\u00e7\u00e3o aconteceria em 2020, com sede na Argentina e na Col\u00f4mbia, e 12 times em campo &#8212; as dez sele\u00e7\u00f5es associadas da Conmebol mais as convidadas Catar e Austr\u00e1lia.<\/p>\n\n\n\n<p>Os planos foram caindo um a um, todos em raz\u00e3o da pandemia da Covid-19. A pandemia impediu o torneio de acontecer em 2020, depois levou Catar e Austr\u00e1lia a desistirem da viagem e, por fim, fez com que os pa\u00edses-sedes n\u00e3o quisessem mais sedi\u00e1-lo. No caso da Col\u00f4mbia, a eclos\u00e3o de uma crise pol\u00edtica foi o start para a desist\u00eancia, que logo se sucedeu pela retirada da Argentina, esta apontando diretamente a situa\u00e7\u00e3o do novo coronav\u00edrus como causa.<\/p>\n\n\n\n<p>&nbsp;O Brasil surgiu como op\u00e7\u00e3o na \u00faltima hora, um m\u00eas antes do torneio. Sob cr\u00edticas da oposi\u00e7\u00e3o, de especialistas e dos parlamentares que comp\u00f5em a CPI da Pandemia, o pa\u00eds se colocou \u00e0 disposi\u00e7\u00e3o para receber a competi\u00e7\u00e3o. Oficialmente, o argumento da Conmebol \u00e9 de que seria a melhor op\u00e7\u00e3o, uma vez que o pa\u00eds foi sede da edi\u00e7\u00e3o de 2019. A entidade tamb\u00e9m garante que seus protocolos s\u00e3o seguros.<\/p>\n\n\n\n<p>Desde o in\u00edcio da competi\u00e7\u00e3o,\u00a0j\u00e1 foram registrados ao menos 165 casos de Covid-19\u00a0entre os testes realizados em jogadores, membros das delega\u00e7\u00f5es e prestadores de servi\u00e7os no Brasil para os jogos da Copa Am\u00e9rica.<\/p>\n\n\n\n<h2 class=\"wp-block-heading\">Em campo: Neymar x Messi<\/h2>\n\n\n\n<p>Neymar e Messi s\u00e3o \u00edcones da atual gera\u00e7\u00e3o do futebol mundial. Juntos no Barcelona, o brasileiro e o argentino conquistaram tudo que estava ao alcance da equipe catal\u00e3, na Europa e no Mundo.<\/p>\n\n\n\n<figure class=\"wp-block-image\"><img decoding=\"async\" src=\"https:\/\/medias.cnnbrasil.com.br\/lionel-messi.jpeg?format=JPEG&amp;image=https:\/\/mediastorage.cnnbrasil.com.br\/IMAGES\/00\/00\/04\/44869_DAB5DA9B609B182F.jpeg&amp;width=804&amp;height=579&amp;resize=CROP\" alt=\"Lionel Messi\" title=\"Lionel Messi\"\/><\/figure>\n\n\n\n<p>Se Neymar nunca foi individualmente consagrado como o melhor do mundo, o que j\u00e1 aconteceu com Messi seis vezes, o argentino por sua vez enfrenta a saga de n\u00e3o ter levado a sele\u00e7\u00e3o adulta do seu pa\u00eds a uma conquista.&nbsp;<\/p>\n\n\n\n<p>Lionel Messi retorna ao mesmo Maracan\u00e3, onde viu escapar pelas m\u00e3os o sonho de levar a Argentina a um t\u00edtulo de Copa do Mundo. H\u00e1 quase sete anos, em 13 de julho de 2014, o gol de Mario G\u00f6tze aos 38 minutos do segundo tempo da prorroga\u00e7\u00e3o deu o t\u00edtulo do mundial sediado no Brasil para a Alemanha.<\/p>\n\n\n\n<p>Do lado do Brasil, a press\u00e3o para vencer a Copa Am\u00e9rica tenderia a ser menor pela l\u00f3gica dos \u00faltimos resultados, uma vez que \u00e9 o atual campe\u00e3o do torneio e \u00e9 l\u00edder isolado das eliminat\u00f3rias para a Copa de 2022 com 100% de aproveitamento.<\/p>\n\n\n\n<figure class=\"wp-block-image\"><img decoding=\"async\" src=\"https:\/\/medias.cnnbrasil.com.br\/tecnico-tite-em-partida-da-selecao-brasileira.jpeg?format=JPEG&amp;image=https:\/\/mediastorage.cnnbrasil.com.br\/IMAGES\/00\/00\/04\/45225_504052CC91E96C63.jpg&amp;width=800&amp;height=569&amp;resize=CROP\" alt=\"T\u00e9cnico Tite em partida da Sele\u00e7\u00e3o Brasileira\" title=\"T\u00e9cnico Tite em partida da Sele\u00e7\u00e3o Brasileira\"\/><figcaption>T\u00e9cnico Tite em partida da Sele\u00e7\u00e3o Brasileira<\/figcaption><\/figure>\n\n\n\n<p>No entanto, as incertezas sobre o futuro da Confedera\u00e7\u00e3o Brasileira de Futebol (CBF), com o presidente afastado Rog\u00e9rio Caboclo ainda enfrentando acusa\u00e7\u00f5es de ass\u00e9dio e as aparentes tens\u00f5es entre cartolas e o t\u00e9cnico Tite, exacerbadas com as cr\u00edticas do treinador \u00e0 Copa Am\u00e9rica, colocam uma dose de cobran\u00e7a sobre o banco de reservas brasileiro.<\/p>\n\n\n\n<p>Tite, vale lembrar, tem uma &#8220;sombra&#8221; conhecida pelo cargo de t\u00e9cnico da Sele\u00e7\u00e3o. Sem clube desde que deixou o Gr\u00eamio, Renato Ga\u00facho \u00e9 um nome frequentemente lembrado como um poss\u00edvel sucessor do atual treinador, no cargo desde 2015.<\/p>\n\n\n\n<h2 class=\"wp-block-heading\">Brasil x Argentina<\/h2>\n\n\n\n<p>Local e hora: Est\u00e1dio do Maracan\u00e3, s\u00e1bado (10 de julho), 21h<\/p>\n\n\n\n<p>Escala\u00e7\u00f5es prov\u00e1veis<\/p>\n\n\n\n<p>Brasil &#8211; Ederson; Danilo, Marquinhos, Thiago Silva e Renan Lodi; Casemiro, Fred e Douglas Paquet\u00e1; Everton Cebolinha, Richarlison e Neymar. T\u00e9cnico: Tite<\/p>\n\n\n\n<p>Argentina &#8211; Emiliano Mart\u00ednez; Molina, Otamendi, Pezzella e Tagliafico; Guido Rodr\u00edguez, Lo Celso e De Paul; Messi, Nicol\u00e1s Gonz\u00e1lez e Lautaro Mart\u00ednez. T\u00e9cnico: Lionel Scaloni<\/p>\n\n\n\n<p><em>*Com informa\u00e7\u00f5es de St\u00e9fano Salles, da CNN, no Rio de Janeiro<\/em><br><em>**De acordo com as escala\u00e7\u00f5es utilizadas na semifinal da competi\u00e7\u00e3o<\/em>.<\/p>\n","protected":false},"excerpt":{"rendered":"<p>Fonte: cnnbrasil.com.br Competi\u00e7\u00e3o realizada sob a sombra da Covid-19 termina com brasileiros em busca do bicampeonato e argentinos, liderados por Messi, tentando encerrar jejum Cercada de controv\u00e9rsias desde o primeiro momento, a&nbsp;Copa Am\u00e9rica&nbsp;chega ao fim neste s\u00e1bado (9) com a&nbsp;Sele\u00e7\u00e3o Brasileira&nbsp;na grande final contra a Argentina no Maracan\u00e3, \u00e0s 21h. Colocada em d\u00favida em raz\u00e3o da pandemia da Covid-19, a [&hellip;]<\/p>\n","protected":false},"author":1,"featured_media":3656,"comment_status":"closed","ping_status":"","sticky":false,"template":"","format":"standard","meta":{"footnotes":""},"categories":[3],"tags":[],"class_list":["post-3655","post","type-post","status-publish","format-standard","has-post-thumbnail","hentry","category-noticias"],"_links":{"self":[{"href":"https:\/\/portalpraties.com.br\/site\/wp-json\/wp\/v2\/posts\/3655","targetHints":{"allow":["GET"]}}],"collection":[{"href":"https:\/\/portalpraties.com.br\/site\/wp-json\/wp\/v2\/posts"}],"about":[{"href":"https:\/\/portalpraties.com.br\/site\/wp-json\/wp\/v2\/types\/post"}],"author":[{"embeddable":true,"href":"https:\/\/portalpraties.com.br\/site\/wp-json\/wp\/v2\/users\/1"}],"replies":[{"embeddable":true,"href":"https:\/\/portalpraties.com.br\/site\/wp-json\/wp\/v2\/comments?post=3655"}],"version-history":[{"count":1,"href":"https:\/\/portalpraties.com.br\/site\/wp-json\/wp\/v2\/posts\/3655\/revisions"}],"predecessor-version":[{"id":3657,"href":"https:\/\/portalpraties.com.br\/site\/wp-json\/wp\/v2\/posts\/3655\/revisions\/3657"}],"wp:featuredmedia":[{"embeddable":true,"href":"https:\/\/portalpraties.com.br\/site\/wp-json\/wp\/v2\/media\/3656"}],"wp:attachment":[{"href":"https:\/\/portalpraties.com.br\/site\/wp-json\/wp\/v2\/media?parent=3655"}],"wp:term":[{"taxonomy":"category","embeddable":true,"href":"https:\/\/portalpraties.com.br\/site\/wp-json\/wp\/v2\/categories?post=3655"},{"taxonomy":"post_tag","embeddable":true,"href":"https:\/\/portalpraties.com.br\/site\/wp-json\/wp\/v2\/tags?post=3655"}],"curies":[{"name":"wp","href":"https:\/\/api.w.org\/{rel}","templated":true}]}}