{"id":37266,"date":"2025-04-26T22:00:17","date_gmt":"2025-04-26T22:00:17","guid":{"rendered":"https:\/\/portalpraties.com.br\/site\/?p=37266"},"modified":"2025-04-26T22:00:17","modified_gmt":"2025-04-26T22:00:17","slug":"21-de-abril-tiradentes","status":"publish","type":"post","link":"https:\/\/portalpraties.com.br\/site\/2025\/04\/26\/21-de-abril-tiradentes\/","title":{"rendered":"21 de abril &#8211; Tiradentes"},"content":{"rendered":"\n<p>Data marca a execu\u00e7\u00e3o de Tiradentes, s\u00edmbolo da Inconfid\u00eancia Mineira e personagem hist\u00f3rico que foi dentista, militar e defensor da Rep\u00fablica durante o Brasil Col\u00f4nia.<\/p>\n\n\n\n<p>Na segunda-feira (21) marca o \u00faltimo dia do\u00a0&#8220;super feriado&#8221; de 2025, que uniu a Semana Santa com o dia de Tiradentes.\u00a0Mas, afinal, por que o dia\u00a0<strong>21 de abril<\/strong>\u00a0\u00e9 feriado no Brasil e quem foi o homenageado pela data?<\/p>\n\n\n\n<p>O feriado&nbsp;lembra a morte de Joaquim Jos\u00e9 da Silva Xavier, o Tiradentes, executado em 1792 por participar da Inconfid\u00eancia Mineira. Considerado traidor \u00e0 \u00e9poca, ele foi enforcado e esquartejado pela Coroa Portuguesa.<\/p>\n\n\n\n<p>Hoje,&nbsp;Tiradentes \u00e9 reconhecido como her\u00f3i nacional e patrono c\u00edvico do Brasil.<\/p>\n\n\n\n<p>A data se tornou feriado nacional em 1965, durante o governo de Castello Branco, na Ditadura Militar, quando foi sancionada a Lei n\u00ba 4.897.<\/p>\n\n\n\n<h2 class=\"wp-block-heading\">Quem foi Tiradentes?<\/h2>\n\n\n\n<p>Mais do que um m\u00e1rtir,&nbsp;Tiradentes era um homem comum, cheio de contradi\u00e7\u00f5es, paix\u00f5es e ideias. Nascido em 1746, teve uma trajet\u00f3ria multifacetada: foi&nbsp;<strong>dentista&nbsp;<\/strong>\u2014 da\u00ed o apelido \u201cTiradentes\u201d \u2014,&nbsp;<strong>minerador<\/strong>,&nbsp;<strong>comerciante<\/strong>,&nbsp;<strong>militar&nbsp;<\/strong>(com o posto de alferes) e um&nbsp;<strong>leitor voraz<\/strong>.<\/p>\n\n\n\n<p>Ele viveu em pleno s\u00e9culo XVIII, em uma col\u00f4nia explorada por Portugal, onde&nbsp;a insatisfa\u00e7\u00e3o com os altos impostos e a falta de autonomia pol\u00edtica come\u00e7ava a gerar movimentos de revolta.<\/p>\n\n\n\n<p>Foi nesse cen\u00e1rio que surgiu a Inconfid\u00eancia Mineira, conspira\u00e7\u00e3o organizada por um grupo de intelectuais e militares que&nbsp;sonhava com a independ\u00eancia e a instala\u00e7\u00e3o da Rep\u00fablica.<\/p>\n\n\n\n<p>A conspira\u00e7\u00e3o foi descoberta e seus membros, presos.&nbsp;Tiradentes passou tr\u00eas anos encarcerado no Rio de Janeiro, at\u00e9 ser executado.<\/p>\n\n\n\n<p>O corpo dele foi esquartejado e as partes foram espalhadas por diferentes pontos de Vila Rica, atual Ouro Preto, \u201cpara servir de exemplo\u201d.&nbsp;Em um desses locais, hoje h\u00e1 uma placa que diz: \u201caqui em poste de ignominia esteve exposta sua cabe\u00e7a\u201d.<\/p>\n\n\n\n<p><\/p>\n\n\n\n<p><\/p>\n\n\n\n<p>Fonte: G1.com.br<\/p>\n","protected":false},"excerpt":{"rendered":"<p>Data marca a execu\u00e7\u00e3o de Tiradentes, s\u00edmbolo da Inconfid\u00eancia Mineira e personagem hist\u00f3rico que foi dentista, militar e defensor da Rep\u00fablica durante o Brasil Col\u00f4nia. Na segunda-feira (21) marca o \u00faltimo dia do\u00a0&#8220;super feriado&#8221; de 2025, que uniu a Semana Santa com o dia de Tiradentes.\u00a0Mas, afinal, por que o dia\u00a021 de abril\u00a0\u00e9 feriado no Brasil e quem foi o [&hellip;]<\/p>\n","protected":false},"author":1,"featured_media":37267,"comment_status":"closed","ping_status":"","sticky":false,"template":"","format":"standard","meta":{"footnotes":""},"categories":[3],"tags":[],"class_list":["post-37266","post","type-post","status-publish","format-standard","has-post-thumbnail","hentry","category-noticias"],"_links":{"self":[{"href":"https:\/\/portalpraties.com.br\/site\/wp-json\/wp\/v2\/posts\/37266","targetHints":{"allow":["GET"]}}],"collection":[{"href":"https:\/\/portalpraties.com.br\/site\/wp-json\/wp\/v2\/posts"}],"about":[{"href":"https:\/\/portalpraties.com.br\/site\/wp-json\/wp\/v2\/types\/post"}],"author":[{"embeddable":true,"href":"https:\/\/portalpraties.com.br\/site\/wp-json\/wp\/v2\/users\/1"}],"replies":[{"embeddable":true,"href":"https:\/\/portalpraties.com.br\/site\/wp-json\/wp\/v2\/comments?post=37266"}],"version-history":[{"count":1,"href":"https:\/\/portalpraties.com.br\/site\/wp-json\/wp\/v2\/posts\/37266\/revisions"}],"predecessor-version":[{"id":37268,"href":"https:\/\/portalpraties.com.br\/site\/wp-json\/wp\/v2\/posts\/37266\/revisions\/37268"}],"wp:featuredmedia":[{"embeddable":true,"href":"https:\/\/portalpraties.com.br\/site\/wp-json\/wp\/v2\/media\/37267"}],"wp:attachment":[{"href":"https:\/\/portalpraties.com.br\/site\/wp-json\/wp\/v2\/media?parent=37266"}],"wp:term":[{"taxonomy":"category","embeddable":true,"href":"https:\/\/portalpraties.com.br\/site\/wp-json\/wp\/v2\/categories?post=37266"},{"taxonomy":"post_tag","embeddable":true,"href":"https:\/\/portalpraties.com.br\/site\/wp-json\/wp\/v2\/tags?post=37266"}],"curies":[{"name":"wp","href":"https:\/\/api.w.org\/{rel}","templated":true}]}}