{"id":37273,"date":"2025-04-26T22:08:40","date_gmt":"2025-04-26T22:08:40","guid":{"rendered":"https:\/\/portalpraties.com.br\/site\/?p=37273"},"modified":"2025-04-26T22:08:40","modified_gmt":"2025-04-26T22:08:40","slug":"morte-do-papa-francisco","status":"publish","type":"post","link":"https:\/\/portalpraties.com.br\/site\/2025\/04\/26\/morte-do-papa-francisco\/","title":{"rendered":"Morte do papa Francisco"},"content":{"rendered":"\n<h2 class=\"wp-block-heading\">Despedida abre d\u00favida sobre a elei\u00e7\u00e3o ou n\u00e3o de um sucessor como ele, que economizava nos h\u00e1bitos e esbanjava na disposi\u00e7\u00e3o de arejar o catolicismo.<\/h2>\n\n\n\n<p>\u201cCaros irm\u00e3os e irm\u00e3s, boa P\u00e1scoa.\u201d N\u00e3o poderia haver nada mais simb\u00f3lico, em momento fadado a fazer hist\u00f3ria, do que as \u00faltimas palavras do papa Francisco, em voz fraca e respira\u00e7\u00e3o entrecortada, em italiano, dita na missa de domingo, 20 de abril, na Pra\u00e7a S\u00e3o Pedro. Na manh\u00e3 seguinte, menos de 24 horas depois, a Santa S\u00e9 anunciaria a morte de Jorge Mario Bergoglio, aos 88 anos. A\u00a0causa foi um AVC, seguido de colapso cardiovascular. O pont\u00edfice se recuperava de uma dupla pneumonia e de sucessivas infec\u00e7\u00f5es respirat\u00f3rias que o mantiveram durante 38 dias internado no Hospital Gemelli. Fragilizado, retornou ao quarto singelo da Casa Santa Marta, entre os muros do Vaticano. Coube ao camerlengo, o americano Kevin Joseph Farrell, na figura de chefe da Igreja no per\u00edodo de vac\u00e2ncia, fazer o an\u00fancio ao mundo, diante das c\u00e2meras de TV. \u201c\u00c0s 7h35 desta manh\u00e3, o bispo de Roma, Francisco, retornou \u00e0 casa do pai. Toda a vida dele foi dedicada ao servi\u00e7o do Senhor e da Igreja. Ele nos ensinou a viver os valores do Evangelho com fidelidade, coragem e amor universal, especialmente em favor dos mais pobres e marginalizados.\u201d<\/p>\n\n\n\n<p><\/p>\n\n\n\n<p>Fonte: veja.abril.com.br<\/p>\n","protected":false},"excerpt":{"rendered":"<p>Despedida abre d\u00favida sobre a elei\u00e7\u00e3o ou n\u00e3o de um sucessor como ele, que economizava nos h\u00e1bitos e esbanjava na disposi\u00e7\u00e3o de arejar o catolicismo. \u201cCaros irm\u00e3os e irm\u00e3s, boa P\u00e1scoa.\u201d N\u00e3o poderia haver nada mais simb\u00f3lico, em momento fadado a fazer hist\u00f3ria, do que as \u00faltimas palavras do papa Francisco, em voz fraca e respira\u00e7\u00e3o entrecortada, em italiano, dita [&hellip;]<\/p>\n","protected":false},"author":1,"featured_media":37274,"comment_status":"closed","ping_status":"","sticky":false,"template":"","format":"standard","meta":{"footnotes":""},"categories":[3],"tags":[],"class_list":["post-37273","post","type-post","status-publish","format-standard","has-post-thumbnail","hentry","category-noticias"],"_links":{"self":[{"href":"https:\/\/portalpraties.com.br\/site\/wp-json\/wp\/v2\/posts\/37273","targetHints":{"allow":["GET"]}}],"collection":[{"href":"https:\/\/portalpraties.com.br\/site\/wp-json\/wp\/v2\/posts"}],"about":[{"href":"https:\/\/portalpraties.com.br\/site\/wp-json\/wp\/v2\/types\/post"}],"author":[{"embeddable":true,"href":"https:\/\/portalpraties.com.br\/site\/wp-json\/wp\/v2\/users\/1"}],"replies":[{"embeddable":true,"href":"https:\/\/portalpraties.com.br\/site\/wp-json\/wp\/v2\/comments?post=37273"}],"version-history":[{"count":1,"href":"https:\/\/portalpraties.com.br\/site\/wp-json\/wp\/v2\/posts\/37273\/revisions"}],"predecessor-version":[{"id":37275,"href":"https:\/\/portalpraties.com.br\/site\/wp-json\/wp\/v2\/posts\/37273\/revisions\/37275"}],"wp:featuredmedia":[{"embeddable":true,"href":"https:\/\/portalpraties.com.br\/site\/wp-json\/wp\/v2\/media\/37274"}],"wp:attachment":[{"href":"https:\/\/portalpraties.com.br\/site\/wp-json\/wp\/v2\/media?parent=37273"}],"wp:term":[{"taxonomy":"category","embeddable":true,"href":"https:\/\/portalpraties.com.br\/site\/wp-json\/wp\/v2\/categories?post=37273"},{"taxonomy":"post_tag","embeddable":true,"href":"https:\/\/portalpraties.com.br\/site\/wp-json\/wp\/v2\/tags?post=37273"}],"curies":[{"name":"wp","href":"https:\/\/api.w.org\/{rel}","templated":true}]}}