{"id":37555,"date":"2025-05-19T23:55:38","date_gmt":"2025-05-19T23:55:38","guid":{"rendered":"https:\/\/portalpraties.com.br\/site\/?p=37555"},"modified":"2025-05-19T23:55:38","modified_gmt":"2025-05-19T23:55:38","slug":"racismo-e-o-conmebol","status":"publish","type":"post","link":"https:\/\/portalpraties.com.br\/site\/2025\/05\/19\/racismo-e-o-conmebol\/","title":{"rendered":"Racismo e o CONMEBOL"},"content":{"rendered":"\n<p>Racismo\u00a0<strong>\u00e9 um sistema de opress\u00e3o estruturante das sociedades<\/strong>. Por meio da cria\u00e7\u00e3o de uma hierarquia entre os grupos raciais, estabelece privil\u00e9gios pol\u00edticos, econ\u00f4micos, sociais e simb\u00f3licos para um grupo em preju\u00edzo dos demais. Pode tamb\u00e9m ser definido como um sistema ideol\u00f3gico de hegemonia racial.<\/p>\n\n\n\n<p>A CONMEBOL, Confedera\u00e7\u00e3o Sul-Americana de Futebol, est\u00e1 ativamente envolvida na luta contra o racismo, a discrimina\u00e7\u00e3o e qualquer forma de viol\u00eancia no futebol, tanto dentro como fora dos est\u00e1dios.&nbsp;A entidade tem promovido iniciativas e campanhas como a &#8220;Basta de Racismo&#8221; para combater esses problemas.&nbsp;<\/p>\n\n\n\n<p>Elabora\u00e7\u00e3o:<\/p>\n\n\n\n<ul class=\"wp-block-list\">\n<li><strong>Compromisso com a luta:<\/strong>A CONMEBOL se mostra comprometida em combater o racismo, a discrimina\u00e7\u00e3o e a viol\u00eancia em todos os n\u00edveis do futebol.\u00a0<\/li>\n\n\n\n<li><strong>Iniciativas e campanhas:<\/strong>A CONMEBOL lan\u00e7ou a campanha &#8220;Basta de Racismo&#8221; e outras iniciativas para conscientizar e combater o problema.\u00a0<\/li>\n\n\n\n<li><strong>A\u00e7\u00f5es conjuntas:<\/strong>A CONMEBOL tem trabalhado em conjunto com outras entidades, como a IPPDH MERCOSUL e governos, para fortalecer a luta contra a discrimina\u00e7\u00e3o.\u00a0<\/li>\n\n\n\n<li><strong>Puni\u00e7\u00f5es:<\/strong>A CONMEBOL tem implementado medidas punitivas contra clubes e jogadores que praticam racismo ou discrimina\u00e7\u00e3o.\u00a0<\/li>\n\n\n\n<li><strong>Comiss\u00e3o contra o racismo:<\/strong>A CONMEBOL criou uma comiss\u00e3o liderada por Ronaldo Fen\u00f4meno para promover a\u00e7\u00f5es de combate ao racismo.\u00a0<\/li>\n\n\n\n<li><strong>Reuni\u00f5es e discuss\u00f5es:<\/strong>A CONMEBOL tem organizado reuni\u00f5es com embaixadores e confedera\u00e7\u00f5es membros para discutir solu\u00e7\u00f5es e estrat\u00e9gias de combate ao racismo.\u00a0<\/li>\n<\/ul>\n\n\n\n<p>A CONMEBOL demonstra um esfor\u00e7o cont\u00ednuo para promover um futebol mais justo e inclusivo, livre de racismo e discrimina\u00e7\u00e3o.&nbsp;<\/p>\n","protected":false},"excerpt":{"rendered":"<p>Racismo\u00a0\u00e9 um sistema de opress\u00e3o estruturante das sociedades. Por meio da cria\u00e7\u00e3o de uma hierarquia entre os grupos raciais, estabelece privil\u00e9gios pol\u00edticos, econ\u00f4micos, sociais e simb\u00f3licos para um grupo em preju\u00edzo dos demais. Pode tamb\u00e9m ser definido como um sistema ideol\u00f3gico de hegemonia racial. A CONMEBOL, Confedera\u00e7\u00e3o Sul-Americana de Futebol, est\u00e1 ativamente envolvida na luta contra o racismo, a discrimina\u00e7\u00e3o [&hellip;]<\/p>\n","protected":false},"author":1,"featured_media":37556,"comment_status":"closed","ping_status":"","sticky":false,"template":"","format":"standard","meta":{"footnotes":""},"categories":[3],"tags":[],"class_list":["post-37555","post","type-post","status-publish","format-standard","has-post-thumbnail","hentry","category-noticias"],"_links":{"self":[{"href":"https:\/\/portalpraties.com.br\/site\/wp-json\/wp\/v2\/posts\/37555","targetHints":{"allow":["GET"]}}],"collection":[{"href":"https:\/\/portalpraties.com.br\/site\/wp-json\/wp\/v2\/posts"}],"about":[{"href":"https:\/\/portalpraties.com.br\/site\/wp-json\/wp\/v2\/types\/post"}],"author":[{"embeddable":true,"href":"https:\/\/portalpraties.com.br\/site\/wp-json\/wp\/v2\/users\/1"}],"replies":[{"embeddable":true,"href":"https:\/\/portalpraties.com.br\/site\/wp-json\/wp\/v2\/comments?post=37555"}],"version-history":[{"count":1,"href":"https:\/\/portalpraties.com.br\/site\/wp-json\/wp\/v2\/posts\/37555\/revisions"}],"predecessor-version":[{"id":37557,"href":"https:\/\/portalpraties.com.br\/site\/wp-json\/wp\/v2\/posts\/37555\/revisions\/37557"}],"wp:featuredmedia":[{"embeddable":true,"href":"https:\/\/portalpraties.com.br\/site\/wp-json\/wp\/v2\/media\/37556"}],"wp:attachment":[{"href":"https:\/\/portalpraties.com.br\/site\/wp-json\/wp\/v2\/media?parent=37555"}],"wp:term":[{"taxonomy":"category","embeddable":true,"href":"https:\/\/portalpraties.com.br\/site\/wp-json\/wp\/v2\/categories?post=37555"},{"taxonomy":"post_tag","embeddable":true,"href":"https:\/\/portalpraties.com.br\/site\/wp-json\/wp\/v2\/tags?post=37555"}],"curies":[{"name":"wp","href":"https:\/\/api.w.org\/{rel}","templated":true}]}}